{"id":8846,"date":"2018-04-25T17:49:00","date_gmt":"2018-04-25T17:49:00","guid":{"rendered":"http:\/\/archiv.szolnoktv.hu\/?p=8846"},"modified":"2021-08-14T14:01:34","modified_gmt":"2021-08-14T14:01:34","slug":"osszbiroi-ertekezlet","status":"publish","type":"post","link":"http:\/\/archiv.szolnoktv.hu\/?p=8846","title":{"rendered":"\u00d6sszb\u00edr\u00f3i \u00e9rtekezlet"},"content":{"rendered":"<div class='booster-block booster-read-block'><\/div><p>J\u00e1sz- Nagykun- Szolnok Megye b\u00edr\u00f3s\u00e1gaira 2017- ben t\u00f6bb mint negyvenegyezer \u00fcgy \u00e9rkezett ami meghaladja az el\u0151z\u0151 \u00e9vben regisztr\u00e1lt mennyis\u00e9get. A n\u00f6veked\u00e9s ellen\u00e9re azonban n\u0151tt a befejezett \u00fcgyek sz\u00e1ma.- sz\u00e1molt be r\u00f3la az \u00f6sszb\u00edr\u00f3i \u00e9rtekezletet megel\u0151z\u0151en a Szolnoki T\u00f6rv\u00e9nysz\u00e9k eln\u00f6ke Dr. Kissn\u00e9 Dr. Szab\u00f3 Judit.<\/p>\n<p>&#8220;A szab\u00e1lys\u00e9rt\u00e9si \u00fcgyeink 97%- a fejez\u0151dik be egy \u00e9ven bel\u00fcl, a polg\u00e1ri peres \u00fcgyek 93%- a, \u00e9s a b\u00fcntet\u0151 \u00fcgyeknek is 72.5%- a egy \u00e9ven bel\u00fcl befejez\u0151dik.&#8221;<\/p>\n<p>Fontos m\u00e9r\u0151sz\u00e1m az is, hogy az \u00fcgyek milyen sz\u00e1mban emelkednek els\u0151 fokon joger\u0151re- ami nem csak azt mutatja, hogy a b\u00edr\u00e1k milyen min\u0151s\u00e9gben dolgoznak, hanem azt is, hogy milyen a bizalom a b\u00edr\u00f3s\u00e1gokkal szemben az \u00fcgyfelek r\u00e9sz\u00e9r\u0151l.<\/p>\n<p>&#8220;Polg\u00e1ri \u00fcgyszakban 93%- a az \u00fcgyeknek els\u0151 fokon joger\u0151re emelkedik \u00e9s m\u00e9g a t\u00f6rv\u00e9nysz\u00e9ken els\u0151 fokon indult \u00fcgyekben is jelent\u0151s a joger\u0151re emelked\u00e9snek az ar\u00e1nya, hiszen a polg\u00e1ri \u00fcgyekben 81%, \u00e9s itt m\u00e1r olyan polg\u00e1ri \u00fcgyekr\u0151l besz\u00e9l\u00fcnk amire t\u00f6bbnyire nagyobb, magasabb pert\u00e1rgy \u00e9rt\u00e9kr\u0151l van sz\u00f3. A b\u00fcntet\u0151 \u00fcgyeknek pedig 35%- a emelkedik joger\u0151re.&#8221;<\/p>\n<p>A szegedi \u00edt\u00e9l\u0151t\u00e1bla k\u00e9t ir\u00e1ny\u00fa kapcsolatot tart f\u00f6nn a Szolnoki T\u00f6rv\u00e9nysz\u00e9kkel. Az egyik az igazgat\u00e1si kapcsolat, a m\u00e1sik a koll\u00e9giumok \u00e9s a b\u00edr\u00f3i tan\u00e1csok egy\u00fcttm\u0171k\u00f6d\u00e9se.<\/p>\n<p>&#8220;A Szolnoki T\u00f6rv\u00e9nysz\u00e9k \u00edt\u00e9lkez\u0151 munk\u00e1ja \u00e9s szakmai munk\u00e1ja messze t\u00falmutat a t\u00f6rv\u00e9nysz\u00e9k hat\u00e1rain. Ahogy elhangzott- egyr\u00e9szt az orsz\u00e1gos programokban val\u00f3 r\u00e9szv\u00e9tel, a szakmai egy\u00fcttm\u0171k\u00f6d\u00e9sek, azoknak a kialak\u00edtott strukt\u00far\u00e1knak az akt\u00edv haszn\u00e1lata amely lehet\u0151v\u00e9 teszi a b\u00edr\u00f3s\u00e1goknak azt a mindenki \u00e1ltal l\u00e1that\u00f3 transzparens \u00e9s kisz\u00e1m\u00edthat\u00f3 m\u0171k\u00f6d\u00e9s\u00e9t ami az elm\u00falt \u00e9vekben jellemezte. Ennek szerves r\u00e9sze \u00e9s egyik mozgat\u00f3 rug\u00f3ja.&#8221;- mondta Dr. Harangoz\u00f3 Attila a Szegedi \u00cdt\u00e9l\u0151t\u00e1bla eln\u00f6ke.<\/p>\n<p>Az Orsz\u00e1gos B\u00edr\u00f3s\u00e1gi Hivatal eln\u00f6khelyettese Dr. Gyarmathy Judit ugyancsak m\u00e9ltatta a Szolnoki T\u00f6rv\u00e9nysz\u00e9k munk\u00e1j\u00e1t.<\/p>\n<p>&#8220;A Szolnoki T\u00f6rv\u00e9nysz\u00e9ken 2017- ben a folyamatban l\u00e9v\u0151 \u00fcgyek sz\u00e1m\u00e1t itt k\u00f6zel 22%- al siker\u00fclt cs\u00f6kkenteni ami mindenk\u00e9ppen az id\u0151szer\u0171s\u00e9g teljes\u00edt\u00e9s\u00e9nek az ir\u00e1ny\u00e1ba hat, hiszen \u00edgy az \u00fcgysz\u00e1mok cs\u00f6kken\u00e9s\u00e9vel az energi\u00e1t a k\u00e9pz\u00e9sre, a min\u00e9l min\u0151s\u00e9gibb munkav\u00e9gz\u00e9sre tudj\u00e1k ford\u00edtani.&#8221;<\/p>\n<p>A sajt\u00f3t\u00e1j\u00e9koztat\u00f3n \u00fajs\u00e1g\u00edr\u00f3i k\u00e9rd\u00e9sre v\u00e1laszolva a Szolnoki T\u00f6rv\u00e9nysz\u00e9k eln\u00f6ke meger\u0151s\u00edtette- tov\u00e1bbra is ter\u00edt\u00e9ken van a b\u00edr\u00f3s\u00e1g \u00e9p\u00fclet\u00e9nek fel\u00faj\u00edt\u00e1sa. Mint elhangzott, a tervbe vett beruh\u00e1z\u00e1st megel\u0151z\u0151en mindenek el\u0151tt egy \u00faj ideiglenes telephelyet kellene kijel\u00f6lni, ahol a munka zavartalanul folyhat a rekonstrukci\u00f3 ideje alatt is.<\/p>\n<div style=\"width: 640px;\" class=\"wp-video\"><!--[if lt IE 9]><script>document.createElement('video');<\/script><![endif]-->\n<video class=\"wp-video-shortcode\" id=\"video-8846-1\" width=\"640\" height=\"360\" preload=\"metadata\" controls=\"controls\"><source type=\"video\/mp4\" src=\"\/spots\/hir\/hir_180425_06.mp4?_=1\" \/><a href=\"\/spots\/hir\/hir_180425_06.mp4\">\/spots\/hir\/hir_180425_06.mp4<\/a><\/video><\/div>\n","protected":false},"excerpt":{"rendered":"<p>J\u00e1sz- Nagykun- Szolnok Megye b\u00edr\u00f3s\u00e1gaira 2017- ben t\u00f6bb mint negyvenegyezer \u00fcgy \u00e9rkezett ami meghaladja az el\u0151z\u0151 \u00e9vben regisztr\u00e1lt mennyis\u00e9get. A n\u00f6veked\u00e9s ellen\u00e9re azonban n\u0151tt a befejezett \u00fcgyek sz\u00e1ma.- sz\u00e1molt be r\u00f3la az \u00f6sszb\u00edr\u00f3i \u00e9rtekezletet megel\u0151z\u0151en a Szolnoki T\u00f6rv\u00e9nysz\u00e9k eln\u00f6ke Dr. Kissn\u00e9 Dr. Szab\u00f3 Judit. &#8220;A szab\u00e1lys\u00e9rt\u00e9si \u00fcgyeink 97%- a fejez\u0151dik be egy \u00e9ven bel\u00fcl, a [&hellip;]<\/p>\n","protected":false},"author":2,"featured_media":0,"comment_status":"closed","ping_status":"closed","sticky":false,"template":"","format":"standard","meta":[],"categories":[9],"tags":[],"_links":{"self":[{"href":"http:\/\/archiv.szolnoktv.hu\/index.php?rest_route=\/wp\/v2\/posts\/8846"}],"collection":[{"href":"http:\/\/archiv.szolnoktv.hu\/index.php?rest_route=\/wp\/v2\/posts"}],"about":[{"href":"http:\/\/archiv.szolnoktv.hu\/index.php?rest_route=\/wp\/v2\/types\/post"}],"author":[{"embeddable":true,"href":"http:\/\/archiv.szolnoktv.hu\/index.php?rest_route=\/wp\/v2\/users\/2"}],"replies":[{"embeddable":true,"href":"http:\/\/archiv.szolnoktv.hu\/index.php?rest_route=%2Fwp%2Fv2%2Fcomments&post=8846"}],"version-history":[{"count":1,"href":"http:\/\/archiv.szolnoktv.hu\/index.php?rest_route=\/wp\/v2\/posts\/8846\/revisions"}],"predecessor-version":[{"id":8947,"href":"http:\/\/archiv.szolnoktv.hu\/index.php?rest_route=\/wp\/v2\/posts\/8846\/revisions\/8947"}],"wp:attachment":[{"href":"http:\/\/archiv.szolnoktv.hu\/index.php?rest_route=%2Fwp%2Fv2%2Fmedia&parent=8846"}],"wp:term":[{"taxonomy":"category","embeddable":true,"href":"http:\/\/archiv.szolnoktv.hu\/index.php?rest_route=%2Fwp%2Fv2%2Fcategories&post=8846"},{"taxonomy":"post_tag","embeddable":true,"href":"http:\/\/archiv.szolnoktv.hu\/index.php?rest_route=%2Fwp%2Fv2%2Ftags&post=8846"}],"curies":[{"name":"wp","href":"https:\/\/api.w.org\/{rel}","templated":true}]}}