{"id":8845,"date":"2018-04-25T17:39:23","date_gmt":"2018-04-25T17:39:23","guid":{"rendered":"http:\/\/archiv.szolnoktv.hu\/?p=8845"},"modified":"2021-08-14T14:01:34","modified_gmt":"2021-08-14T14:01:34","slug":"90-eves-ida-santsova","status":"publish","type":"post","link":"http:\/\/archiv.szolnoktv.hu\/?p=8845","title":{"rendered":"90 \u00e9ves Ida Santsova"},"content":{"rendered":"<div class='booster-block booster-read-block'><\/div><p>90. sz\u00fclet\u00e9snapj\u00e1n k\u00f6sz\u00f6nt\u00f6tte Szolnok V\u00e1ros \u00d6nkorm\u00e1nyzata Santsova Id\u00e1t otthon\u00e1ban. A csal\u00e1d egy r\u00e9sze  Moszkv\u00e1b\u00f3l utazott Szolnokra, hogy a mam\u00e1val egy\u00fctt \u00fcnnepeljen. Ida 1928-ban sz\u00fcletett Leningr\u00e1dban, a mai Szentp\u00e9terv\u00e1ron. Gyerekk\u00e9nt \u00e1t\u00e9lte a h\u00e1bor\u00fat \u00e9s t\u00f6bbek k\u00f6z\u00f6tt a 900 napos n\u00e9met blok\u00e1dot, ami \u00e9let\u00e9nek legnehezebb id\u0151szak\u00e1t jelentette.<br \/>A gyertya elf\u00faj\u00e1sa ut\u00e1n \u00f6r\u00f6mmel mutatta meg csal\u00e1dj\u00e1r\u00f3l k\u00e9sz\u00fclt f\u00e9nyk\u00e9peit. Ida boldog nagymama \u00e9s d\u00e9dnagymama. Sokat besz\u00e9l telefonon s\u0151t skypeon is csal\u00e1dj\u00e1val. Nagyon szeret olvasni \u00e9s utazni. Ha \u00e9pp egyed\u00fcl van, kirak\u00f3zik. A puzzle az egyik szenved\u00e9lye. Ida n\u00e9ni elmondta: el\u00e9gedett az \u00e9let\u00e9vel.  Nem volt k\u00f6nny\u0171, de minden pillanata meg\u00e9rte. &#8211; tette hozz\u00e1. Egy\u00e9bk\u00e9nt is csak a sz\u00e9pre szabad eml\u00e9kezni  &#8211;   tan\u00e1csolta a 90 esztend\u0151s Ida Santsova. <\/p>\n<div style=\"width: 640px;\" class=\"wp-video\"><!--[if lt IE 9]><script>document.createElement('video');<\/script><![endif]-->\n<video class=\"wp-video-shortcode\" id=\"video-8845-1\" width=\"640\" height=\"360\" preload=\"metadata\" controls=\"controls\"><source type=\"video\/mp4\" src=\"\/spots\/hir\/hir_180425_03.mp4?_=1\" \/><a href=\"\/spots\/hir\/hir_180425_03.mp4\">\/spots\/hir\/hir_180425_03.mp4<\/a><\/video><\/div>\n","protected":false},"excerpt":{"rendered":"<p>90. sz\u00fclet\u00e9snapj\u00e1n k\u00f6sz\u00f6nt\u00f6tte Szolnok V\u00e1ros \u00d6nkorm\u00e1nyzata Santsova Id\u00e1t otthon\u00e1ban. A csal\u00e1d egy r\u00e9sze Moszkv\u00e1b\u00f3l utazott Szolnokra, hogy a mam\u00e1val egy\u00fctt \u00fcnnepeljen. Ida 1928-ban sz\u00fcletett Leningr\u00e1dban, a mai Szentp\u00e9terv\u00e1ron. Gyerekk\u00e9nt \u00e1t\u00e9lte a h\u00e1bor\u00fat \u00e9s t\u00f6bbek k\u00f6z\u00f6tt a 900 napos n\u00e9met blok\u00e1dot, ami \u00e9let\u00e9nek legnehezebb id\u0151szak\u00e1t jelentette.A gyertya elf\u00faj\u00e1sa ut\u00e1n \u00f6r\u00f6mmel mutatta meg csal\u00e1dj\u00e1r\u00f3l k\u00e9sz\u00fclt f\u00e9nyk\u00e9peit. Ida [&hellip;]<\/p>\n","protected":false},"author":2,"featured_media":0,"comment_status":"closed","ping_status":"closed","sticky":false,"template":"","format":"standard","meta":[],"categories":[9],"tags":[],"_links":{"self":[{"href":"http:\/\/archiv.szolnoktv.hu\/index.php?rest_route=\/wp\/v2\/posts\/8845"}],"collection":[{"href":"http:\/\/archiv.szolnoktv.hu\/index.php?rest_route=\/wp\/v2\/posts"}],"about":[{"href":"http:\/\/archiv.szolnoktv.hu\/index.php?rest_route=\/wp\/v2\/types\/post"}],"author":[{"embeddable":true,"href":"http:\/\/archiv.szolnoktv.hu\/index.php?rest_route=\/wp\/v2\/users\/2"}],"replies":[{"embeddable":true,"href":"http:\/\/archiv.szolnoktv.hu\/index.php?rest_route=%2Fwp%2Fv2%2Fcomments&post=8845"}],"version-history":[{"count":1,"href":"http:\/\/archiv.szolnoktv.hu\/index.php?rest_route=\/wp\/v2\/posts\/8845\/revisions"}],"predecessor-version":[{"id":8948,"href":"http:\/\/archiv.szolnoktv.hu\/index.php?rest_route=\/wp\/v2\/posts\/8845\/revisions\/8948"}],"wp:attachment":[{"href":"http:\/\/archiv.szolnoktv.hu\/index.php?rest_route=%2Fwp%2Fv2%2Fmedia&parent=8845"}],"wp:term":[{"taxonomy":"category","embeddable":true,"href":"http:\/\/archiv.szolnoktv.hu\/index.php?rest_route=%2Fwp%2Fv2%2Fcategories&post=8845"},{"taxonomy":"post_tag","embeddable":true,"href":"http:\/\/archiv.szolnoktv.hu\/index.php?rest_route=%2Fwp%2Fv2%2Ftags&post=8845"}],"curies":[{"name":"wp","href":"https:\/\/api.w.org\/{rel}","templated":true}]}}