{"id":8844,"date":"2018-04-25T17:29:42","date_gmt":"2018-04-25T17:29:42","guid":{"rendered":"http:\/\/archiv.szolnoktv.hu\/?p=8844"},"modified":"2021-08-14T14:01:35","modified_gmt":"2021-08-14T14:01:35","slug":"ulesezett-az-egeszsegugyi-sport-turisztikai-es-szocialis-bizottsag","status":"publish","type":"post","link":"http:\/\/archiv.szolnoktv.hu\/?p=8844","title":{"rendered":"\u00dcl\u00e9sezett az  Eg\u00e9szs\u00e9g\u00fcgyi, Sport, Turisztikai \u00e9s Szoci\u00e1lis Bizotts\u00e1g"},"content":{"rendered":"<div class='booster-block booster-read-block'><\/div><p>T\u00f6bb mint 20 napirendi pontr\u00f3l t\u00e1rgyalt ma a v\u00e1ros k\u00f6zgy\u0171l\u00e9s\u00e9nek eg\u00e9szs\u00e9g\u00fcgyi, sport, turisztikai \u00e9s szoci\u00e1lis bizotts\u00e1ga. Els\u0151k\u00e9nt  a Sportcentrum 2017-es  gazd\u00e1lkod\u00e1s\u00e1r\u00f3l \u00e9s idei terveir\u0151l hallhattak besz\u00e1mol\u00f3t. Elhangzott, hogy  70 magyar klub fordult meg tavaly a kajak-kenu p\u00e1ly\u00e1n, besz\u00e1moltak a befejezett \u00e9s a tervezett fejleszt\u00e9sekr\u0151l is. V\u00e9lem\u00e9nyezt\u00e9k a v\u00e1rosmarketing \u00e9s turisztikai feladatok v\u00e9grehajt\u00e1s\u00e1t is. Az orsz\u00e1gos v\u00e1rosmarketing \u00e9s gy\u00e9m\u00e1ntd\u00edjjal is elismert munka eredm\u00e9ny\u00e9t a statisztikai adatok is t\u00fckr\u00f6zik.<\/p>\n<p>Tasn\u00e1di Zolt\u00e1n eln\u00f6k eg\u00e9szs\u00e9g\u00fcgyi, sport, turisztikai \u00e9s szoci\u00e1lis bizotts\u00e1g: <\/p>\n<p>-&#8220;Ezek azt mutatj\u00e1k, hogy egyenesen felfel\u00e9 \u00edvel a v\u00e1ros fejl\u0151d\u00e9se ebben a szf\u00e9r\u00e1ban is. 2010 \u00e9s 2017k\u00f6z\u00f6tt  a vend\u00e9g\u00e9jszak\u00e1k sz\u00e1ma  40 sz\u00e1zal\u00e9kkal n\u0151tt,ami azt jelenti, hogy t\u00f6bb bev\u00e9tel jutott a sz\u00e1ll\u00e1sad\u00f3knak \u00e9s a v\u00e1ros bev\u00e9telei is n\u0151ttek ezzel. &#8211;<\/p>\n<p>A bizotts\u00e1g  v\u00e9lem\u00e9nyezte a v\u00e1ros drog-ellenes strat\u00e9gi\u00e1j\u00e1t \u00e9s  a 2017-es cselekv\u00e9si  tervet. Tavaly a csal\u00e1dokra f\u00f3kusz\u00e1lt a v\u00e1rosi megel\u0151z\u0151 munka. A kezel\u00e9s ell\u00e1t\u00e1s ter\u00fclet\u00e9n folyamatos volt a t\u00e1j\u00e9koztat\u00e1s \u00e9s a lakoss\u00e1g \u00e9rz\u00e9keny\u00edt\u00e9se. A k\u00edn\u00e1latcs\u00f6kkent\u00e9s ter\u00fclet\u00e9n is  eredm\u00e9nyeket \u00e9rtek el, f\u0151k\u00e9nt a felder\u00edt\u00e9sek sz\u00e1ma n\u0151tt. A v\u00e1ros K\u00e1b\u00edt\u00f3szer\u00fcgyi Egyeztet\u0151 F\u00f3rum\u00e1nak t\u00f6bb mint 20  int\u00e9zm\u00e9ny, c\u00e9g \u00e9s civil szervezet tagja. Igyekeznek min\u00e9l t\u00f6bb vonz\u00f3 szabadid\u0151s programot szervezni \u00e9s m\u00e1r \u00f3vod\u00e1s kort\u00f3l  megseg\u00edteni a csal\u00e1dokat.<\/p>\n<p> Tatain\u00e9 F\u00f6ldv\u00e1ri M\u00e1rta eln\u00f6k KEF<br \/>-&#8220;A v\u00e1rosi KEF  tagjai az \u00e9vek alatt bebizony\u00edtott\u00e1k, hogy nagyon egy\u00fctt tudnak m\u0171k\u00f6dni \u00e9s nagyon  hat\u00e9konyan tudnak reag\u00e1lni, ha b\u00e1rmilyen kr\u00edzis vagy v\u00e1ltoz\u00e1s t\u00f6rt\u00e9nik.&#8221;<\/p>\n<p>A munka nem k\u00f6nny\u0171 \u00e9s nem mutat l\u00e1tv\u00e1nyos eredm\u00e9nyeket. Ugyanakkor az orsz\u00e1gban m\u0171k\u00f6d\u0151 k\u00e1b\u00edt\u00f3szer\u00fcgyi egyeztet\u0151 f\u00f3rumok a szolnoki p\u00e9ld\u00e1kra, j\u00f3gyakorlatokra \u00e9s megval\u00f3sult programokra k\u00edv\u00e1ncsiak. A megyesz\u00e9khelyen ugyanis nem n\u00f6vekedett sem a k\u00e1b\u00edt\u00f3szert, sem az alkoholt fogyaszt\u00f3k sz\u00e1ma. A fejl\u0151d\u00e9s \u00fatja pedig, hogy a szerveztek h\u00e1l\u00f3zatban dolgozzanak egy\u00fctt \u00e9s er\u0151s\u00f6djenek a partnerkapcsolatok.  A szolnoki KEF napokkal ezel\u0151tt a j\u00f3zsefv\u00e1rosi \u00e9s a k\u0151b\u00e1nyai szervezettel dolgozott egy\u00fctt a m\u00e9g jobb eredm\u00e9nyess\u00e9g\u00e9rt.<\/p>\n<div style=\"width: 640px;\" class=\"wp-video\"><!--[if lt IE 9]><script>document.createElement('video');<\/script><![endif]-->\n<video class=\"wp-video-shortcode\" id=\"video-8844-1\" width=\"640\" height=\"360\" preload=\"metadata\" controls=\"controls\"><source type=\"video\/mp4\" src=\"\/spots\/hir\/hir_180425_05.mp4?_=1\" \/><a href=\"\/spots\/hir\/hir_180425_05.mp4\">\/spots\/hir\/hir_180425_05.mp4<\/a><\/video><\/div>\n","protected":false},"excerpt":{"rendered":"<p>T\u00f6bb mint 20 napirendi pontr\u00f3l t\u00e1rgyalt ma a v\u00e1ros k\u00f6zgy\u0171l\u00e9s\u00e9nek eg\u00e9szs\u00e9g\u00fcgyi, sport, turisztikai \u00e9s szoci\u00e1lis bizotts\u00e1ga. Els\u0151k\u00e9nt a Sportcentrum 2017-es gazd\u00e1lkod\u00e1s\u00e1r\u00f3l \u00e9s idei terveir\u0151l hallhattak besz\u00e1mol\u00f3t. Elhangzott, hogy 70 magyar klub fordult meg tavaly a kajak-kenu p\u00e1ly\u00e1n, besz\u00e1moltak a befejezett \u00e9s a tervezett fejleszt\u00e9sekr\u0151l is. V\u00e9lem\u00e9nyezt\u00e9k a v\u00e1rosmarketing \u00e9s turisztikai feladatok v\u00e9grehajt\u00e1s\u00e1t is. Az orsz\u00e1gos [&hellip;]<\/p>\n","protected":false},"author":2,"featured_media":0,"comment_status":"closed","ping_status":"closed","sticky":false,"template":"","format":"standard","meta":[],"categories":[9],"tags":[],"_links":{"self":[{"href":"http:\/\/archiv.szolnoktv.hu\/index.php?rest_route=\/wp\/v2\/posts\/8844"}],"collection":[{"href":"http:\/\/archiv.szolnoktv.hu\/index.php?rest_route=\/wp\/v2\/posts"}],"about":[{"href":"http:\/\/archiv.szolnoktv.hu\/index.php?rest_route=\/wp\/v2\/types\/post"}],"author":[{"embeddable":true,"href":"http:\/\/archiv.szolnoktv.hu\/index.php?rest_route=\/wp\/v2\/users\/2"}],"replies":[{"embeddable":true,"href":"http:\/\/archiv.szolnoktv.hu\/index.php?rest_route=%2Fwp%2Fv2%2Fcomments&post=8844"}],"version-history":[{"count":1,"href":"http:\/\/archiv.szolnoktv.hu\/index.php?rest_route=\/wp\/v2\/posts\/8844\/revisions"}],"predecessor-version":[{"id":8949,"href":"http:\/\/archiv.szolnoktv.hu\/index.php?rest_route=\/wp\/v2\/posts\/8844\/revisions\/8949"}],"wp:attachment":[{"href":"http:\/\/archiv.szolnoktv.hu\/index.php?rest_route=%2Fwp%2Fv2%2Fmedia&parent=8844"}],"wp:term":[{"taxonomy":"category","embeddable":true,"href":"http:\/\/archiv.szolnoktv.hu\/index.php?rest_route=%2Fwp%2Fv2%2Fcategories&post=8844"},{"taxonomy":"post_tag","embeddable":true,"href":"http:\/\/archiv.szolnoktv.hu\/index.php?rest_route=%2Fwp%2Fv2%2Ftags&post=8844"}],"curies":[{"name":"wp","href":"https:\/\/api.w.org\/{rel}","templated":true}]}}