{"id":8843,"date":"2018-04-25T17:22:29","date_gmt":"2018-04-25T17:22:29","guid":{"rendered":"http:\/\/archiv.szolnoktv.hu\/?p=8843"},"modified":"2021-08-14T14:01:35","modified_gmt":"2021-08-14T14:01:35","slug":"kiugro-gala","status":"publish","type":"post","link":"http:\/\/archiv.szolnoktv.hu\/?p=8843","title":{"rendered":"Kiugr\u00f3 G\u00e1la"},"content":{"rendered":"<div class='booster-block booster-read-block'><\/div><p>Ny\u00edlt a f\u00fcgg\u00f6ny, felgy\u00faltak a f\u00e9nyek, a Nasz\u00e1ly zenekar megnyit\u00f3 muzsik\u00e1j\u00e1t hallhatt\u00e1k a n\u00e9z\u0151k az Aba-Nov\u00e1k sz\u00ednpad\u00e1n szombat d\u00e9lut\u00e1n. Id\u00e9n 7. alkalommal rendezt\u00e9k meg -Kiugr\u00f3&#8221; c\u00edmmel a Szolnoki Fiatal Tehets\u00e9gek G\u00e1l\u00e1j\u00e1t. 2012-ben a v\u00e1ros \u00f6nkorm\u00e1nyzata \u00e9s a J\u00e1sz-Nagykun-Szolnok megyei Tehets\u00e9gseg\u00edt\u0151 Tan\u00e1cs hagyom\u00e1nyteremt\u0151 c\u00e9llal ind\u00edtotta \u00fatj\u00e1ra a rendezv\u00e9nyt, mely kiemelked\u0151 k\u00e9pess\u00e9g\u0171, tehets\u00e9ges di\u00e1koknak ad bemutatkoz\u00e1si lehet\u0151s\u00e9get.<br \/>A g\u00e1l\u00e1t egy el\u0151v\u00e1logat\u00f3 el\u0151zte meg, amelyre 45 produkci\u00f3val \u00f6sszesen 92 fiatal nevezett, el\u0151ad\u00e1saikat Kiss J\u00f3zsef, J\u00e1szai Mari d\u00edjjal kit\u00fcntetett dr\u00e1ma\u00edr\u00f3 \u00e9s rendez\u0151 vezet\u00e9s\u00e9vel, egy 9 f\u0151s zs\u0171ri \u00e9rt\u00e9kelte. A t\u00e9t nem volt kisebb, mint a g\u00e1l\u00e1n val\u00f3 szerepl\u00e9s. Csak a legjobbak juthattak tov\u00e1bb. Ebben az \u00e9vben 26 k\u00f6z\u00e9piskol\u00e1s di\u00e1k kapott lehet\u0151s\u00e9get, hogy sz\u00ednpadra \u00e1lljon, akik t\u00f6bb m\u0171v\u00e9szeti \u00e1gban m\u00e9rettett\u00e9k meg magukat. Zen\u00e9s, \u00e9nekes, t\u00e1ncos \u00e9s t\u00f6bbek k\u00f6z\u00f6tt verses el\u0151ad\u00e1sokat l\u00e1thatott a k\u00f6z\u00f6ns\u00e9g.<br \/> Most el\u0151sz\u00f6r kateg\u00f3ri\u00e1nk\u00e9nt is d\u00edjazt\u00e1k a legjobbakat. \u00c1m senki se ment haza \u00fcres k\u00e9zzel. Minden gyerek oklevelet \u00e9s aj\u00e1nd\u00e9k csomagot vehetett \u00e1t, ezt k\u00f6vet\u0151en pedig a Szolnoki Tanker\u00fcleti K\u00f6zpont j\u00f3volt\u00e1b\u00f3l egy hatalmas tort\u00e1val kedveskedtek a r\u00e9sztvev\u0151knek. A Kiugr\u00f3 G\u00e1la teljes m\u0171sor\u00e1t \u00e1prilis 30-\u00e1n d\u00e9lut\u00e1n f\u00e9l \u00f6tkor n\u00e9zhetik meg a Szolnok Tv-n.<\/p>\n<div style=\"width: 640px;\" class=\"wp-video\"><!--[if lt IE 9]><script>document.createElement('video');<\/script><![endif]-->\n<video class=\"wp-video-shortcode\" id=\"video-8843-1\" width=\"640\" height=\"360\" preload=\"metadata\" controls=\"controls\"><source type=\"video\/mp4\" src=\"\/spots\/hir\/hir_180425_02.mp4?_=1\" \/><a href=\"\/spots\/hir\/hir_180425_02.mp4\">\/spots\/hir\/hir_180425_02.mp4<\/a><\/video><\/div>\n","protected":false},"excerpt":{"rendered":"<p>Ny\u00edlt a f\u00fcgg\u00f6ny, felgy\u00faltak a f\u00e9nyek, a Nasz\u00e1ly zenekar megnyit\u00f3 muzsik\u00e1j\u00e1t hallhatt\u00e1k a n\u00e9z\u0151k az Aba-Nov\u00e1k sz\u00ednpad\u00e1n szombat d\u00e9lut\u00e1n. Id\u00e9n 7. alkalommal rendezt\u00e9k meg -Kiugr\u00f3&#8221; c\u00edmmel a Szolnoki Fiatal Tehets\u00e9gek G\u00e1l\u00e1j\u00e1t. 2012-ben a v\u00e1ros \u00f6nkorm\u00e1nyzata \u00e9s a J\u00e1sz-Nagykun-Szolnok megyei Tehets\u00e9gseg\u00edt\u0151 Tan\u00e1cs hagyom\u00e1nyteremt\u0151 c\u00e9llal ind\u00edtotta \u00fatj\u00e1ra a rendezv\u00e9nyt, mely kiemelked\u0151 k\u00e9pess\u00e9g\u0171, tehets\u00e9ges di\u00e1koknak ad bemutatkoz\u00e1si lehet\u0151s\u00e9get.A [&hellip;]<\/p>\n","protected":false},"author":2,"featured_media":0,"comment_status":"closed","ping_status":"closed","sticky":false,"template":"","format":"standard","meta":[],"categories":[9],"tags":[],"_links":{"self":[{"href":"http:\/\/archiv.szolnoktv.hu\/index.php?rest_route=\/wp\/v2\/posts\/8843"}],"collection":[{"href":"http:\/\/archiv.szolnoktv.hu\/index.php?rest_route=\/wp\/v2\/posts"}],"about":[{"href":"http:\/\/archiv.szolnoktv.hu\/index.php?rest_route=\/wp\/v2\/types\/post"}],"author":[{"embeddable":true,"href":"http:\/\/archiv.szolnoktv.hu\/index.php?rest_route=\/wp\/v2\/users\/2"}],"replies":[{"embeddable":true,"href":"http:\/\/archiv.szolnoktv.hu\/index.php?rest_route=%2Fwp%2Fv2%2Fcomments&post=8843"}],"version-history":[{"count":1,"href":"http:\/\/archiv.szolnoktv.hu\/index.php?rest_route=\/wp\/v2\/posts\/8843\/revisions"}],"predecessor-version":[{"id":8950,"href":"http:\/\/archiv.szolnoktv.hu\/index.php?rest_route=\/wp\/v2\/posts\/8843\/revisions\/8950"}],"wp:attachment":[{"href":"http:\/\/archiv.szolnoktv.hu\/index.php?rest_route=%2Fwp%2Fv2%2Fmedia&parent=8843"}],"wp:term":[{"taxonomy":"category","embeddable":true,"href":"http:\/\/archiv.szolnoktv.hu\/index.php?rest_route=%2Fwp%2Fv2%2Fcategories&post=8843"},{"taxonomy":"post_tag","embeddable":true,"href":"http:\/\/archiv.szolnoktv.hu\/index.php?rest_route=%2Fwp%2Fv2%2Ftags&post=8843"}],"curies":[{"name":"wp","href":"https:\/\/api.w.org\/{rel}","templated":true}]}}