{"id":8842,"date":"2018-04-25T16:02:38","date_gmt":"2018-04-25T16:02:38","guid":{"rendered":"http:\/\/archiv.szolnoktv.hu\/?p=8842"},"modified":"2021-08-14T14:01:35","modified_gmt":"2021-08-14T14:01:35","slug":"ellenorzo-bizottsag-3","status":"publish","type":"post","link":"http:\/\/archiv.szolnoktv.hu\/?p=8842","title":{"rendered":"Ellen\u0151rz\u0151 bizotts\u00e1g"},"content":{"rendered":"<div class='booster-block booster-read-block'><\/div><p>Testv\u00e1rv\u00e1rosi deleg\u00e1ci\u00f3k a tavalyi Guly\u00e1sfesztiv\u00e1lon. A v\u00e1ros nagyszab\u00e1s\u00fa gasztron\u00f3miai rendezv\u00e9ny\u00e9re rengetegen \u00e9rkeznek k\u00fclf\u00f6ldr\u0151l, fogad\u00e1sukat az erre a c\u00e9lra felhaszn\u00e1lhat\u00f3 keretb\u0151l fedezi az \u00f6nkorm\u00e1nyzat. Szint\u00e9n ide tartoznak a k\u00fclf\u00f6ldi utaz\u00e1sok valamint a tolm\u00e1csol\u00e1s, ford\u00edt\u00e1s k\u00f6lts\u00e9gei is. Az ellen\u0151rz\u0151 bizotts\u00e1g a 2015 \u00e9s 2017 k\u00f6z\u00f6tti id\u0151szak t\u00e9teles elsz\u00e1mol\u00e1s\u00e1t vizsg\u00e1lta.<\/p>\n<p>-\u00c9ves szinten meg\u00e1llap\u00edthat\u00f3, hogy 2015-ben 15 milli\u00f3 forintot, a k\u00f6vetkez\u0151 k\u00e9t \u00e9vben 16-ban \u00e9s 17-ben 11,5 milli\u00f3 forintot, teh\u00e1t nem kis \u00f6sszeget k\u00f6lt\u00f6tt\u00fcnk nemzetk\u00f6zi feladatokra. A felhaszn\u00e1l\u00e1s egy\u00e9bk\u00e9nt szab\u00e1lyszer\u0171 volt \u00e9s a gazdas\u00e1gi igazgat\u00f3s\u00e1g leigazolta.&#8221;  &#8211;   mondta Rad\u00f3cz Zolt\u00e1n eln\u00f6k (MSZP).<\/p>\n<p>Az ellen\u0151rz\u00e9s sor\u00e1n a bizotts\u00e1g meg\u00e1llap\u00edtotta, hogy a k\u00fclf\u00f6ldi utaz\u00e1sokn\u00e1l visszat\u00e9r\u0151 hi\u00e1nyoss\u00e1g, hogy az utaz\u00e1sok c\u00e9lja nem dokument\u00e1lt valamint az \u00e9tkez\u00e9si sz\u00e1ml\u00e1k eset\u00e9ben nem beazonos\u00edthat\u00f3 a r\u00e9sztvev\u0151k sz\u00e1ma.  A nemzetk\u00f6zi kapcsolatok dokument\u00e1l\u00e1sa emiatt nem nevezhet\u0151 teljesk\u00f6r\u0171nek  &#8211;   mondta Rad\u00f3cz Zolt\u00e1n ez\u00e9rt a bizotts\u00e1g t\u00f6bb javaslattal is \u00e9l. Az egyik, hogy 2018-t\u00f3l kialak\u00edtsanak egy olyan nyilv\u00e1ntart\u00e1st, amely tartalmazza az utaz\u00f3 \u00e9s \u00e9rkez\u0151 deleg\u00e1ci\u00f3k, vend\u00e9gek utaz\u00e1s\u00e1nak c\u00e9lj\u00e1t, id\u0151pontj\u00e1t, l\u00e9tsz\u00e1m\u00e1t. Valamint minden \u00e9ve elej\u00e9n a szolnoki lehets\u00e9ges sz\u00e1ll\u00e1sad\u00f3kt\u00f3l k\u00e9rjenek be el\u0151zetes \u00e1raj\u00e1nlatot illetve \u00e9vk\u00f6zi v\u00e1ltoz\u00e1s eset\u00e9n annak m\u00f3dosul\u00e1s\u00e1r\u00f3l is  &#8211;   \u00edgy k\u00f6nnyebb lesz a k\u00e9s\u0151bbi ellen\u0151rz\u00e9s is  &#8211;   tette hozz\u00e1 a bizotts\u00e1g eln\u00f6ke.<\/p>\n<div style=\"width: 640px;\" class=\"wp-video\"><!--[if lt IE 9]><script>document.createElement('video');<\/script><![endif]-->\n<video class=\"wp-video-shortcode\" id=\"video-8842-1\" width=\"640\" height=\"360\" preload=\"metadata\" controls=\"controls\"><source type=\"video\/mp4\" src=\"\/spots\/hir\/hir_180425_04.mp4?_=1\" \/><a href=\"\/spots\/hir\/hir_180425_04.mp4\">\/spots\/hir\/hir_180425_04.mp4<\/a><\/video><\/div>\n","protected":false},"excerpt":{"rendered":"<p>Testv\u00e1rv\u00e1rosi deleg\u00e1ci\u00f3k a tavalyi Guly\u00e1sfesztiv\u00e1lon. A v\u00e1ros nagyszab\u00e1s\u00fa gasztron\u00f3miai rendezv\u00e9ny\u00e9re rengetegen \u00e9rkeznek k\u00fclf\u00f6ldr\u0151l, fogad\u00e1sukat az erre a c\u00e9lra felhaszn\u00e1lhat\u00f3 keretb\u0151l fedezi az \u00f6nkorm\u00e1nyzat. Szint\u00e9n ide tartoznak a k\u00fclf\u00f6ldi utaz\u00e1sok valamint a tolm\u00e1csol\u00e1s, ford\u00edt\u00e1s k\u00f6lts\u00e9gei is. Az ellen\u0151rz\u0151 bizotts\u00e1g a 2015 \u00e9s 2017 k\u00f6z\u00f6tti id\u0151szak t\u00e9teles elsz\u00e1mol\u00e1s\u00e1t vizsg\u00e1lta. -\u00c9ves szinten meg\u00e1llap\u00edthat\u00f3, hogy 2015-ben 15 milli\u00f3 forintot, [&hellip;]<\/p>\n","protected":false},"author":2,"featured_media":0,"comment_status":"closed","ping_status":"closed","sticky":false,"template":"","format":"standard","meta":[],"categories":[9],"tags":[],"_links":{"self":[{"href":"http:\/\/archiv.szolnoktv.hu\/index.php?rest_route=\/wp\/v2\/posts\/8842"}],"collection":[{"href":"http:\/\/archiv.szolnoktv.hu\/index.php?rest_route=\/wp\/v2\/posts"}],"about":[{"href":"http:\/\/archiv.szolnoktv.hu\/index.php?rest_route=\/wp\/v2\/types\/post"}],"author":[{"embeddable":true,"href":"http:\/\/archiv.szolnoktv.hu\/index.php?rest_route=\/wp\/v2\/users\/2"}],"replies":[{"embeddable":true,"href":"http:\/\/archiv.szolnoktv.hu\/index.php?rest_route=%2Fwp%2Fv2%2Fcomments&post=8842"}],"version-history":[{"count":1,"href":"http:\/\/archiv.szolnoktv.hu\/index.php?rest_route=\/wp\/v2\/posts\/8842\/revisions"}],"predecessor-version":[{"id":8951,"href":"http:\/\/archiv.szolnoktv.hu\/index.php?rest_route=\/wp\/v2\/posts\/8842\/revisions\/8951"}],"wp:attachment":[{"href":"http:\/\/archiv.szolnoktv.hu\/index.php?rest_route=%2Fwp%2Fv2%2Fmedia&parent=8842"}],"wp:term":[{"taxonomy":"category","embeddable":true,"href":"http:\/\/archiv.szolnoktv.hu\/index.php?rest_route=%2Fwp%2Fv2%2Fcategories&post=8842"},{"taxonomy":"post_tag","embeddable":true,"href":"http:\/\/archiv.szolnoktv.hu\/index.php?rest_route=%2Fwp%2Fv2%2Ftags&post=8842"}],"curies":[{"name":"wp","href":"https:\/\/api.w.org\/{rel}","templated":true}]}}