{"id":8841,"date":"2018-04-25T14:23:00","date_gmt":"2018-04-25T14:23:00","guid":{"rendered":"http:\/\/archiv.szolnoktv.hu\/?p=8841"},"modified":"2021-08-14T14:01:36","modified_gmt":"2021-08-14T14:01:36","slug":"nyilt-nappal-tisztelget-a-jnsz-megyei-kormanyhivatal","status":"publish","type":"post","link":"http:\/\/archiv.szolnoktv.hu\/?p=8841","title":{"rendered":"Ny\u00edlt nappal tisztelget a JNSZ Megyei Korm\u00e1nyhivatal"},"content":{"rendered":"<div class='booster-block booster-read-block'><\/div><p>Egy perces n\u00e9ma csenddel tisztelegtek a munkahelyi balesetben elhunyt vagy megrokkant dolgoz\u00f3k el\u0151tt a Szolnoki J\u00e1r\u00e1si Hivatal szakmai f\u00f3rum\u00e1nak r\u00e9sztvev\u0151i. A Kanad\u00e1b\u00f3l indult nemzetk\u00f6zi -Munkav\u00e9delmi Eml\u00e9knapot&#8221; Magyarorsz\u00e1gon 2012 \u00f3ta minden \u00e9v \u00e1prilis 28-\u00e1n tartj\u00e1k. A ny\u00edlt nap \u00e9vr\u0151l \u00e9vre egyre n\u00e9pszer\u0171bb a munk\u00e1ltat\u00f3k, munkav\u00e1llal\u00f3k, illetve munkav\u00e9delmi oktat\u00f3k k\u00f6r\u00e9ben. <\/p>\n<p>-A moderniz\u00e1l\u00f3d\u00f3 k\u00f6zigazgat\u00e1s egyik fontos t\u00e9tele az \u00fcgyfelek szolg\u00e1lata az \u00e9vek \u00f3ta megrendezett ny\u00edlt napjaink sor\u00e1n a t\u00f6bb t\u00e9m\u00e1ban tartott el\u0151ad\u00e1sinkkal arra t\u00f6reksz\u00fcnk, hogy min\u00e9l t\u00f6bb inform\u00e1ci\u00f3hoz juttassuk a v\u00e1llalkoz\u00e1sok \u00e9s c\u00e9gek k\u00e9pvisel\u0151it, munkav\u00e1llal\u00f3kat. Fontos a munkaad\u00f3k a munkav\u00e9delmi szab\u00e1lyok betart\u00e1sa mellett mindent tegyenek meg a munkav\u00e1llal\u00f3k \u00e9let\u00e9nek \u00e9s testi \u00e9ps\u00e9g\u00e9nek v\u00e9delm\u00e9\u00e9rt, biztons\u00e1g\u00e1\u00e9rt.&#8221;- mondta Dr. Boz\u00f3 Andrea a Szolnoki J\u00e1r\u00e1si Hivatal hivatalvezet\u0151je.<\/p>\n<p>A Nemzetgazdas\u00e1gi Miniszt\u00e9rium minden \u00e9vben kijel\u00f6li azt az \u00e1gazatot, ami kiemelt ellen\u0151rz\u00e9st ig\u00e9nyel. A munkav\u00e9delmi hat\u00f3s\u00e1g az els\u0151, illetve negyedik negyed \u00e9vben a k\u00f6lcs\u00f6nz\u00f6tt munkav\u00e1llal\u00f3k munkak\u00f6r\u00fclm\u00e9nyeit vizsg\u00e1lja kiemelten. A m\u00e1sodik \u00e9s harmadik negyed\u00e9vben a c\u00e9lvizsg\u00e1lat a mez\u0151gazdas\u00e1gi \u00e1gazatban folytat\u00f3dik. A fokozott ellen\u0151rz\u00e9s azokon a ter\u00fcleteken jellemz\u0151, ahol megn\u0151tt a balesetek sz\u00e1ma. Tavaly megy\u00e9nkben 928 munkabalesetet dokument\u00e1ltak, melyb\u0151l 5 volt hal\u00e1los. <\/p>\n<p>-A feldolgoz\u00f3 ipar \u00e9s a g\u00e9pipar a legjellemz\u0151bb ter\u00fcletek. Viszont el kell mondani, hogy az \u00e9p\u00edt\u0151 iparban nem t\u00f6rt\u00e9nik olyan sok baleset, de amikor t\u00f6rt\u00e9nnek, azok s\u00falyos kimenetel\u0171ek. Az is fontos lehet, hogy mely munk\u00e1ltat\u00f3kn\u00e1l k\u00f6vetkezik be a legt\u00f6bb baleset. Jellemz\u0151en a 50-250 f\u0151 k\u00f6z\u00f6tti foglalkoztat\u00f3kn\u00e1l t\u00f6rt\u00e9nik a legt\u00f6bb munkabaleset.&#8221;- mondta Katon\u00e1n\u00e9 Papp \u00c1gnes a Szolnoki J\u00e1r\u00e1si Hivatal f\u0151oszt\u00e1lyvezet\u0151-helyettese.<\/p>\n<p>A munkav\u00e9delmi szab\u00e1lyzat 2018-ban sem v\u00e1ltozik. A munk\u00e1ltat\u00f3nak tov\u00e1bbra is k\u00f6teless\u00e9ge biztos\u00edtani a pihen\u00e9shez, szabads\u00e1ghoz val\u00f3 jogot. A hat\u00f3s\u00e1g id\u00e9n is kiemelten ellen\u0151rzi a munkaszerz\u0151d\u00e9seket, illetve a bejelent\u00e9s n\u00e9lk\u00fcli munkav\u00e9gz\u00e9st. A vizsg\u00e1latok a minim\u00e1lb\u00e9r \u00e9s a garant\u00e1lt b\u00e9rminimum emel\u00e9se miatt a b\u00e9rez\u00e9sben is kiemeltek. <\/p>\n<div style=\"width: 640px;\" class=\"wp-video\"><!--[if lt IE 9]><script>document.createElement('video');<\/script><![endif]-->\n<video class=\"wp-video-shortcode\" id=\"video-8841-1\" width=\"640\" height=\"360\" preload=\"metadata\" controls=\"controls\"><source type=\"video\/mp4\" src=\"\/spots\/hir\/hir_180425_01.mp4?_=1\" \/><a href=\"\/spots\/hir\/hir_180425_01.mp4\">\/spots\/hir\/hir_180425_01.mp4<\/a><\/video><\/div>\n","protected":false},"excerpt":{"rendered":"<p>Egy perces n\u00e9ma csenddel tisztelegtek a munkahelyi balesetben elhunyt vagy megrokkant dolgoz\u00f3k el\u0151tt a Szolnoki J\u00e1r\u00e1si Hivatal szakmai f\u00f3rum\u00e1nak r\u00e9sztvev\u0151i. A Kanad\u00e1b\u00f3l indult nemzetk\u00f6zi -Munkav\u00e9delmi Eml\u00e9knapot&#8221; Magyarorsz\u00e1gon 2012 \u00f3ta minden \u00e9v \u00e1prilis 28-\u00e1n tartj\u00e1k. A ny\u00edlt nap \u00e9vr\u0151l \u00e9vre egyre n\u00e9pszer\u0171bb a munk\u00e1ltat\u00f3k, munkav\u00e1llal\u00f3k, illetve munkav\u00e9delmi oktat\u00f3k k\u00f6r\u00e9ben. -A moderniz\u00e1l\u00f3d\u00f3 k\u00f6zigazgat\u00e1s egyik fontos t\u00e9tele az [&hellip;]<\/p>\n","protected":false},"author":2,"featured_media":0,"comment_status":"closed","ping_status":"closed","sticky":false,"template":"","format":"standard","meta":[],"categories":[9],"tags":[],"_links":{"self":[{"href":"http:\/\/archiv.szolnoktv.hu\/index.php?rest_route=\/wp\/v2\/posts\/8841"}],"collection":[{"href":"http:\/\/archiv.szolnoktv.hu\/index.php?rest_route=\/wp\/v2\/posts"}],"about":[{"href":"http:\/\/archiv.szolnoktv.hu\/index.php?rest_route=\/wp\/v2\/types\/post"}],"author":[{"embeddable":true,"href":"http:\/\/archiv.szolnoktv.hu\/index.php?rest_route=\/wp\/v2\/users\/2"}],"replies":[{"embeddable":true,"href":"http:\/\/archiv.szolnoktv.hu\/index.php?rest_route=%2Fwp%2Fv2%2Fcomments&post=8841"}],"version-history":[{"count":1,"href":"http:\/\/archiv.szolnoktv.hu\/index.php?rest_route=\/wp\/v2\/posts\/8841\/revisions"}],"predecessor-version":[{"id":8952,"href":"http:\/\/archiv.szolnoktv.hu\/index.php?rest_route=\/wp\/v2\/posts\/8841\/revisions\/8952"}],"wp:attachment":[{"href":"http:\/\/archiv.szolnoktv.hu\/index.php?rest_route=%2Fwp%2Fv2%2Fmedia&parent=8841"}],"wp:term":[{"taxonomy":"category","embeddable":true,"href":"http:\/\/archiv.szolnoktv.hu\/index.php?rest_route=%2Fwp%2Fv2%2Fcategories&post=8841"},{"taxonomy":"post_tag","embeddable":true,"href":"http:\/\/archiv.szolnoktv.hu\/index.php?rest_route=%2Fwp%2Fv2%2Ftags&post=8841"}],"curies":[{"name":"wp","href":"https:\/\/api.w.org\/{rel}","templated":true}]}}