{"id":8840,"date":"2018-04-24T18:21:41","date_gmt":"2018-04-24T18:21:41","guid":{"rendered":"http:\/\/archiv.szolnoktv.hu\/?p=8840"},"modified":"2021-08-14T14:01:36","modified_gmt":"2021-08-14T14:01:36","slug":"negyedjere-is-tisza-tavi-operafesztival","status":"publish","type":"post","link":"http:\/\/archiv.szolnoktv.hu\/?p=8840","title":{"rendered":"Negyedj\u00e9re is Tisza-tavi Operafesztiv\u00e1l"},"content":{"rendered":"<div class='booster-block booster-read-block'><\/div><p>A Tisza-tavi Operafesztiv\u00e1l nagyon r\u00f6vid id\u0151 alatt a Tisza-t\u00f3 legnagyobb idegenforgalmi, turisztikai, kultur\u00e1lis esem\u00e9nye lett. <\/p>\n<p>&#8220;Mi nagyon b\u00fcszk\u00e9k vagyunk arra, hogy ennek a rendezv\u00e9nynek egyik h\u00e1zigazda- telep\u00fcl\u00e9se lehet\u00fcnk \u00e9s k\u00fcl\u00f6n \u00f6r\u00f6m sz\u00e1momra, hogy most m\u00e1r n\u00e9gynapos lesz a rendezv\u00e9ny, amelyb\u0151l k\u00e9t nap Tiszaf\u00fcreden ker\u00fcl lebonyol\u00edt\u00e1sra. &#8221; &#8211; mondta Ujv\u00e1ri Imre, Tiszaf\u00fcred polg\u00e1rmestere. <\/p>\n<p>A fesztiv\u00e1l sikere a t\u00e9rs\u00e9g idegenforgalm\u00e1nak is sokat jelent. Ez a vend\u00e9g\u00e9jszak\u00e1k sz\u00e1m\u00e1nak n\u00f6veked\u00e9s\u00e9ben, ak\u00e1r a ker\u00e9kp\u00e1r-k\u00f6lcs\u00f6nz\u00e9sekben is megmutatkozik. Nem besz\u00e9lve arr\u00f3l, hogy olyan programot k\u00edn\u00e1l, amely vil\u00e1gszerte is p\u00e1rj\u00e1t ritk\u00edtja.<\/p>\n<p>&#8220;Meg se fordul a fej\u00fcnkben az, hogy egy oper\u00e1t, egy koncertet, egy von\u00f3sn\u00e9gyest \u00fagy hallgassunk, hogy a f\u0171re le\u00fcl\u00fcnk, hogy k\u00f6zben egy pokr\u00f3con \u00fcl\u00fcnk, figyel\u00fcnk, ak\u00e1r egy hideg fr\u00f6ccs\u00f6t iszogatunk. Ez egy m\u00e1s \u00e9rz\u00e9s, egy m\u00e1s hangulat. &#8221; &#8211; mondta Kov\u00e1cs S\u00e1ndor, a megyei k\u00f6zgy\u0171l\u00e9s eln\u00f6ke. <\/p>\n<p>A Csal\u00e1di T\u00f3piknik, a g\u00e1lakoncert, a minikoncertekkel megszak\u00edtott t\u00f3ker\u00fcl\u00e9s kiviszi a term\u00e9szetbe az oper\u00e1t, ezen kereszt\u00fcl az operah\u00e1zat is, hiszen a Sziget egy\u00fcttes is rendhagy\u00f3 produkci\u00f3val k\u00e9sz\u00fcl a Tisza-t\u00f3ra.<br \/>Nem csak a vend\u00e9gek sz\u00e1m\u00e1ra rendhagy\u00f3 opera-\u00e9lm\u00e9ny a fesztiv\u00e1l, hanem az el\u0151ad\u00f3m\u0171v\u00e9szeknek is az. Hiszen nem sok olyan koncerthelysz\u00edn l\u00e9tezik, ahol p\u00e9ld\u00e1ul mez\u00edtl\u00e1b lehetne muzsik\u00e1lni.<br \/>A fesztiv\u00e1l egyik fell\u00e9p\u0151je az ExperiDance is egyedi \u00e9s megism\u00e9telhetetlen \u00e9lm\u00e9nyt \u00edg\u00e9r, l\u00e9v\u00e9n a Nostradamus, vil\u00e1gok v\u00e1ndora c\u00edm\u0171 produkci\u00f3ja ilyen k\u00f6rnyezetben sehol sem lesz l\u00e1that\u00f3.<br \/> A j\u00falius huszonhatodika \u00e9s huszonkilencedike k\u00f6z\u00f6tt tartand\u00f3 hatodik fesztiv\u00e1lra is t\u00f6bb ezer l\u00e1togat\u00f3t v\u00e1rnak.<\/p>\n<div style=\"width: 640px;\" class=\"wp-video\"><!--[if lt IE 9]><script>document.createElement('video');<\/script><![endif]-->\n<video class=\"wp-video-shortcode\" id=\"video-8840-1\" width=\"640\" height=\"360\" preload=\"metadata\" controls=\"controls\"><source type=\"video\/mp4\" src=\"\/spots\/hir\/hir_180424_06.mp4?_=1\" \/><a href=\"\/spots\/hir\/hir_180424_06.mp4\">\/spots\/hir\/hir_180424_06.mp4<\/a><\/video><\/div>\n","protected":false},"excerpt":{"rendered":"<p>A Tisza-tavi Operafesztiv\u00e1l nagyon r\u00f6vid id\u0151 alatt a Tisza-t\u00f3 legnagyobb idegenforgalmi, turisztikai, kultur\u00e1lis esem\u00e9nye lett. &#8220;Mi nagyon b\u00fcszk\u00e9k vagyunk arra, hogy ennek a rendezv\u00e9nynek egyik h\u00e1zigazda- telep\u00fcl\u00e9se lehet\u00fcnk \u00e9s k\u00fcl\u00f6n \u00f6r\u00f6m sz\u00e1momra, hogy most m\u00e1r n\u00e9gynapos lesz a rendezv\u00e9ny, amelyb\u0151l k\u00e9t nap Tiszaf\u00fcreden ker\u00fcl lebonyol\u00edt\u00e1sra. &#8221; &#8211; mondta Ujv\u00e1ri Imre, Tiszaf\u00fcred polg\u00e1rmestere. A fesztiv\u00e1l sikere [&hellip;]<\/p>\n","protected":false},"author":2,"featured_media":0,"comment_status":"closed","ping_status":"closed","sticky":false,"template":"","format":"standard","meta":[],"categories":[9],"tags":[],"_links":{"self":[{"href":"http:\/\/archiv.szolnoktv.hu\/index.php?rest_route=\/wp\/v2\/posts\/8840"}],"collection":[{"href":"http:\/\/archiv.szolnoktv.hu\/index.php?rest_route=\/wp\/v2\/posts"}],"about":[{"href":"http:\/\/archiv.szolnoktv.hu\/index.php?rest_route=\/wp\/v2\/types\/post"}],"author":[{"embeddable":true,"href":"http:\/\/archiv.szolnoktv.hu\/index.php?rest_route=\/wp\/v2\/users\/2"}],"replies":[{"embeddable":true,"href":"http:\/\/archiv.szolnoktv.hu\/index.php?rest_route=%2Fwp%2Fv2%2Fcomments&post=8840"}],"version-history":[{"count":1,"href":"http:\/\/archiv.szolnoktv.hu\/index.php?rest_route=\/wp\/v2\/posts\/8840\/revisions"}],"predecessor-version":[{"id":8953,"href":"http:\/\/archiv.szolnoktv.hu\/index.php?rest_route=\/wp\/v2\/posts\/8840\/revisions\/8953"}],"wp:attachment":[{"href":"http:\/\/archiv.szolnoktv.hu\/index.php?rest_route=%2Fwp%2Fv2%2Fmedia&parent=8840"}],"wp:term":[{"taxonomy":"category","embeddable":true,"href":"http:\/\/archiv.szolnoktv.hu\/index.php?rest_route=%2Fwp%2Fv2%2Fcategories&post=8840"},{"taxonomy":"post_tag","embeddable":true,"href":"http:\/\/archiv.szolnoktv.hu\/index.php?rest_route=%2Fwp%2Fv2%2Ftags&post=8840"}],"curies":[{"name":"wp","href":"https:\/\/api.w.org\/{rel}","templated":true}]}}