{"id":8839,"date":"2018-04-24T18:09:20","date_gmt":"2018-04-24T18:09:20","guid":{"rendered":"http:\/\/archiv.szolnoktv.hu\/?p=8839"},"modified":"2021-08-14T14:01:37","modified_gmt":"2021-08-14T14:01:37","slug":"atvette-mandatumat-dr-kallai-maria","status":"publish","type":"post","link":"http:\/\/archiv.szolnoktv.hu\/?p=8839","title":{"rendered":"\u00c1tvette mand\u00e1tum\u00e1t Dr. K\u00e1llai M\u00e1ria"},"content":{"rendered":"<div class='booster-block booster-read-block'><\/div><p>\u00c1prilis 8-\u00e1n az egykori megyei korm\u00e1nymegb\u00edzottat v\u00e1lasztott\u00e1k a szavaz\u00f3k orsz\u00e1ggy\u0171l\u00e9si k\u00e9pvisel\u0151j\u00fcknek. <\/p>\n<p>V\u00e1laszt\u00e1si Bizotts\u00e1ga 0:03-0:16 -A v\u00e1laszt\u00e1s \u00e9rv\u00e9nyes \u00e9s eredm\u00e9nyes volt, annak eredm\u00e9ny\u00e9t a v\u00e1laszt\u00e1si bizotts\u00e1g meg\u00e1llap\u00edtotta. Meg\u00e1llap\u00edtottuk, hogy Dr. K\u00e1llai M\u00e1ria asszonyt v\u00e1lasztott\u00e1k ebben a v\u00e1laszt\u00f3ker\u00fcletben egy\u00e9ni orsz\u00e1ggy\u0171l\u00e9si k\u00e9pvisel\u0151nek.&#8221;  &#8211;   mondta Dr. Czifra K\u00e1roly eln\u00f6k<\/p>\n<p>Dr. Czifra K\u00e1roly kiemelte: p\u00e9ld\u00e1s, hogy folyamatban m\u00e1sodik alkalommal k\u00e9pviselheti h\u00f6lgy az ebben a  v\u00e1laszt\u00f3ker\u00fcletben \u00e9l\u0151ket az Orsz\u00e1ggy\u0171l\u00e9sben. K\u00f6sz\u00f6nt\u0151besz\u00e9d\u00e9ben Szalay Ferenc \u00fagy fogalmazott: a v\u00e1laszt\u00f3k 2\/3-os felhatalmaz\u00e1st adtak a v\u00e1laszt\u00e1sokon a polg\u00e1ri korm\u00e1nynak arra, hogy folytassa a 2010 megkezdett munk\u00e1t.<\/p>\n<p>Szalay Ferenc, polg\u00e1rmester \u00fagy fogalmazott: -Lehet\u0151s\u00e9ge van annak a polg\u00e1ri korm\u00e1nynak tov\u00e1bb vinni Magyarorsz\u00e1got, aki tette ezt az elm\u00falt 8 \u00e9vben. Val\u00f3ban egy olyan ir\u00e1nyt szabott Magyarorsz\u00e1gnak, amely Eur\u00f3pa szerte elismer\u00e9sre m\u00e9lt\u00f3, itthon pedig az emberek -2.800.000 ember- d\u00f6nt\u00f6tt \u00fagy, hogy elismer\u00e9sre m\u00e9lt\u00f3.&#8221;<\/p>\n<p>A polg\u00e1rmester emellett azt is kiemelte: biztos abban, hogy Dr. K\u00e1llai M\u00e1ria orsz\u00e1ggy\u0171l\u00e9si k\u00e9pvisel\u0151k\u00e9nt a t\u0151le m\u00e1r sokszor l\u00e1tott elhivatotts\u00e1ggal, szakmais\u00e1ggal \u00e9s hittel folytatja a munk\u00e1t.  <\/p>\n<p>Dr. K\u00e1llai M\u00e1ria az \u00e1prilis 8-\u00e1n megrendezett orsz\u00e1ggy\u0171l\u00e9si v\u00e1laszt\u00e1sokon v\u00e1laszt\u00f3ker\u00fclet\u00e9ben a voksok 42,09 sz\u00e1zal\u00e9k\u00e1t, 23.665 szavazatot kapott. Az orsz\u00e1ggy\u0171l\u00e9si k\u00e9pvisel\u0151 \u00fagy fogalmazott: az emberek a szavaz\u00f3f\u00fclk\u00e9kben igent mondtak az orsz\u00e1g \u00e9s a nemzeti identit\u00e1s megv\u00e9d\u00e9s\u00e9re, a gazdas\u00e1g er\u0151s\u00f6d\u00e9s\u00e9re, a foglalkoztatotts\u00e1g n\u00f6vel\u00e9s\u00e9re. <\/p>\n<p>-Azt rem\u00e9lem, hogy k\u00f6z\u00f6s munk\u00e1val egy\u00fctt, azokat az eredm\u00e9nyeket tudjuk folytatni, amelyeket el\u0151d\u00f6m Dr. Bene Ildik\u00f3 munk\u00e1ja ok\u00e1n el\u00e9rt ez a k\u00f6z\u00f6ss\u00e9g. \u00c9n nagyon nagy tisztelettel k\u00f6sz\u00f6n\u00f6m m\u00e9g egyszer a v\u00e1laszt\u00f3knak a bizalm\u00e1t, k\u00f6sz\u00f6n\u00f6m Szolnoknak \u00e9s a Szolnokhoz tartoz\u00f3 v\u00e1laszt\u00f3ker\u00fcletben l\u00e9v\u0151 telep\u00fcl\u00e9seknek.&#8221;  &#8211;   mondta Dr. K\u00e1llai M\u00e1ria<\/p>\n<p>A k\u00e9pvisel\u0151 hozz\u00e1tette: a j\u00f3 Isten seg\u00edts\u00e9g\u00e9vel mindent megtesz az\u00e9rt, hogy az eddig el\u00e9rt eredm\u00e9nyek megmaradjanak, valamint m\u00e9g nagyobb er\u0151vel dolgozik majd a v\u00e1laszt\u00f3ker\u00fcletben \u00e9s a Szolnokon \u00e9l\u0151k boldogul\u00e1s\u00e1\u00e9rt. <\/p>\n<div style=\"width: 640px;\" class=\"wp-video\"><!--[if lt IE 9]><script>document.createElement('video');<\/script><![endif]-->\n<video class=\"wp-video-shortcode\" id=\"video-8839-1\" width=\"640\" height=\"360\" preload=\"metadata\" controls=\"controls\"><source type=\"video\/mp4\" src=\"\/spots\/hir\/hir_180424_07.mp4?_=1\" \/><a href=\"\/spots\/hir\/hir_180424_07.mp4\">\/spots\/hir\/hir_180424_07.mp4<\/a><\/video><\/div>\n","protected":false},"excerpt":{"rendered":"<p>\u00c1prilis 8-\u00e1n az egykori megyei korm\u00e1nymegb\u00edzottat v\u00e1lasztott\u00e1k a szavaz\u00f3k orsz\u00e1ggy\u0171l\u00e9si k\u00e9pvisel\u0151j\u00fcknek. V\u00e1laszt\u00e1si Bizotts\u00e1ga 0:03-0:16 -A v\u00e1laszt\u00e1s \u00e9rv\u00e9nyes \u00e9s eredm\u00e9nyes volt, annak eredm\u00e9ny\u00e9t a v\u00e1laszt\u00e1si bizotts\u00e1g meg\u00e1llap\u00edtotta. Meg\u00e1llap\u00edtottuk, hogy Dr. K\u00e1llai M\u00e1ria asszonyt v\u00e1lasztott\u00e1k ebben a v\u00e1laszt\u00f3ker\u00fcletben egy\u00e9ni orsz\u00e1ggy\u0171l\u00e9si k\u00e9pvisel\u0151nek.&#8221; &#8211; mondta Dr. Czifra K\u00e1roly eln\u00f6k Dr. Czifra K\u00e1roly kiemelte: p\u00e9ld\u00e1s, hogy folyamatban m\u00e1sodik alkalommal k\u00e9pviselheti [&hellip;]<\/p>\n","protected":false},"author":2,"featured_media":0,"comment_status":"closed","ping_status":"closed","sticky":false,"template":"","format":"standard","meta":[],"categories":[9],"tags":[],"_links":{"self":[{"href":"http:\/\/archiv.szolnoktv.hu\/index.php?rest_route=\/wp\/v2\/posts\/8839"}],"collection":[{"href":"http:\/\/archiv.szolnoktv.hu\/index.php?rest_route=\/wp\/v2\/posts"}],"about":[{"href":"http:\/\/archiv.szolnoktv.hu\/index.php?rest_route=\/wp\/v2\/types\/post"}],"author":[{"embeddable":true,"href":"http:\/\/archiv.szolnoktv.hu\/index.php?rest_route=\/wp\/v2\/users\/2"}],"replies":[{"embeddable":true,"href":"http:\/\/archiv.szolnoktv.hu\/index.php?rest_route=%2Fwp%2Fv2%2Fcomments&post=8839"}],"version-history":[{"count":1,"href":"http:\/\/archiv.szolnoktv.hu\/index.php?rest_route=\/wp\/v2\/posts\/8839\/revisions"}],"predecessor-version":[{"id":8954,"href":"http:\/\/archiv.szolnoktv.hu\/index.php?rest_route=\/wp\/v2\/posts\/8839\/revisions\/8954"}],"wp:attachment":[{"href":"http:\/\/archiv.szolnoktv.hu\/index.php?rest_route=%2Fwp%2Fv2%2Fmedia&parent=8839"}],"wp:term":[{"taxonomy":"category","embeddable":true,"href":"http:\/\/archiv.szolnoktv.hu\/index.php?rest_route=%2Fwp%2Fv2%2Fcategories&post=8839"},{"taxonomy":"post_tag","embeddable":true,"href":"http:\/\/archiv.szolnoktv.hu\/index.php?rest_route=%2Fwp%2Fv2%2Ftags&post=8839"}],"curies":[{"name":"wp","href":"https:\/\/api.w.org\/{rel}","templated":true}]}}