{"id":8837,"date":"2018-04-24T16:50:05","date_gmt":"2018-04-24T16:50:05","guid":{"rendered":"http:\/\/archiv.szolnoktv.hu\/?p=8837"},"modified":"2021-08-14T14:01:38","modified_gmt":"2021-08-14T14:01:38","slug":"fold-napja-a-tisza-moziban","status":"publish","type":"post","link":"http:\/\/archiv.szolnoktv.hu\/?p=8837","title":{"rendered":"F\u00f6ld Napja a Tisza Moziban"},"content":{"rendered":"<div class='booster-block booster-read-block'><\/div><p>V\u00edzi bolh\u00e1kat, csig\u00e1kat \u00e9s l\u00e1rv\u00e1kat l\u00e1thattak azok a gyerekek akik kipr\u00f3b\u00e1lt\u00e1k a mikroszk\u00f3pos vizsg\u00e1latot. A Tisza Moziban berendezett mobiltanteremben az interakt\u00edv feladatok seg\u00edts\u00e9g\u00e9vel a gyerekek a vizek \u00e9s az erd\u0151k \u00e9l\u0151vil\u00e1g\u00e1t ismerhett\u00e9k meg.<\/p>\n<p>-Otthon is van mikroszk\u00f3punk, de azzal ilyen kicsi dolgot nem lehet n\u00e9zni \u00e9s r\u00e9gebben az iskol\u00e1val is voltunk ilyenen \u00e9s ott tanultam meg, hogy hogyan kell mint\u00e1t venni. V\u00edzibolh\u00e1t l\u00e1ttam \u00e9s ilyen kicsi bacilusokat.&#8221;- mes\u00e9lte Baehrathy Bendeg\u00faz J\u00f3zsef.<\/p>\n<p>A gyerekek a vizek \u00e9l\u0151vil\u00e1g\u00e1t horg\u00e1sz\u00e1s seg\u00edts\u00e9g\u00e9vel, az erd\u0151ben fellelhet\u0151 fajokat pedig mem\u00f3ria j\u00e1t\u00e9kon kereszt\u00fcl tanulhatt\u00e1k meg. A NEFAG ZRT. \u00e1llom\u00e1sinak tematik\u00e1j\u00e1t a V\u00edz \u00e9s a F\u00f6ld Vil\u00e1gnapja adta. <\/p>\n<p>-Minden ilyen szervez\u0151d\u00e9s \u00e9s ami most m\u00e1r hagyom\u00e1nny\u00e1 v\u00e1lt Magyarorsz\u00e1gon pr\u00f3b\u00e1lja r\u00e1ir\u00e1ny\u00edtani ezekre a meg\u00fajul\u00f3 term\u00e9szeti er\u0151forr\u00e1sokra a figyelmet \u00e9s ezek fontoss\u00e1g\u00e1ra. Ez\u00e9rt szeretn\u00e9nk egyben a v\u00edznek a fontoss\u00e1g\u00e1ra, illetve a F\u00f6ld Vil\u00e1gnapj\u00e1hoz kapcsol\u00f3dva a k\u00fcl\u00f6nb\u00f6z\u0151 \u00e9l\u0151l\u00e9nyeknek, n\u00f6v\u00e9nyeknek, \u00e1llatoknak a fontoss\u00e1g\u00e1ra \u00e9s term\u00e9szetbeli elhelyezked\u00e9s\u00fckre a figyelmet.&#8221;- mondta Sipos Csaba a NEFAG Zrt. Bagolyv\u00e1r Vadaspark vezet\u0151je.<\/p>\n<p>A F\u00f6ld Vil\u00e1gnapja nemzetk\u00f6zi programhoz Magyarorsz\u00e1g 28 \u00e9ve csatlakozott. A kamp\u00e1ny keret\u00e9ben minden \u00e9v \u00e1prilis 22-\u00e9n vil\u00e1gszerte k\u00fczdenek a k\u00f6rnyezet tisztas\u00e1g\u00e1\u00e9rt. Id\u00e9n a vil\u00e1gnap t\u00e9m\u00e1ja a -M\u0171anyagmenetes vil\u00e1g&#8221; volt. Ez m\u00e1r a Tisza Mozi terasza, ahol a -Replac&#8221; n\u00e9vre keresztelt k\u00f6rnyezetv\u00e9delmi j\u00e1tsz\u00f3teret \u00e1ll\u00edtott\u00e1k fel. A gyerekek gumiabroncsb\u00f3l k\u00e9sz\u00edtett hint\u00e1kban j\u00e1tszhattak, illetve m\u0171anyag kupakok seg\u00edts\u00e9g\u00e9vel a fotoszint\u00e9zis folyamat\u00e1t is megismerhett\u00e9k.<\/p>\n<p>-Bele kell rakni a kupakokat, de \u00fagy hogy sz\u00e9t kell v\u00e1lasztani, hogy ez az oxig\u00e9n, ez pedig a sz\u00e9n-dioxid.&#8221;- mondta Fauszt R\u00e9ka.<\/p>\n<p>A b\u00e1trabbak erre a PET haj\u00f3ra is felsz\u00e1llhattak, amivel tavaly a Tiszai PET Kup\u00e1n sz\u00e1llt v\u00edzre az \u00d6kologistic K\u00f6rnyezetv\u00e9delmi Alap\u00edtv\u00e1ny csapata.<\/p>\n<p>-A Tiszai PET Kupa egy egyed\u00fcl\u00e1ll\u00f3 kezdem\u00e9nyez\u00e9s, ahol PET palackb\u00f3l k\u00e9sz\u00fclt haj\u00f3kkal evez\u00fcnk a fels\u0151 Tisza egy szakasz\u00e1n \u00e9s az \u00e1rt\u00e9rb\u0151l gy\u0171jtj\u00fck \u00f6ssze a szemetet, amit javar\u00e9szt a t\u00fals\u00f3 oldalr\u00f3l, sz\u00f3val K\u00e1rp\u00e1talj\u00e1r\u00f3l hoz a v\u00edz.&#8221;- mondta V\u00e9szity Kata a \u00d6koligistic K\u00f6rnyezetv\u00e9delmi Alap\u00edtv\u00e1ny eln\u00f6ke. <\/p>\n<p>A Tisza Mozi \u00f6t \u00e9ve kapcsol\u00f3dott a z k\u00f6rnyezetv\u00e9delmi programj\u00e1val a F\u00f6ld Napj\u00e1hoz. A gyerekek az interakt\u00edv feladatok ut\u00e1n a k\u00f6rnyezettudatos szeml\u00e9letform\u00e1l\u00f3 \u00dczenet c\u00edm\u0171 filmet, illetve a Vad Balaton c\u00edm\u0171 alkot\u00e1st n\u00e9zhett\u00e9k meg. <\/p>\n<div style=\"width: 640px;\" class=\"wp-video\"><!--[if lt IE 9]><script>document.createElement('video');<\/script><![endif]-->\n<video class=\"wp-video-shortcode\" id=\"video-8837-1\" width=\"640\" height=\"360\" preload=\"metadata\" controls=\"controls\"><source type=\"video\/mp4\" src=\"\/spots\/hir\/hir_180424_05.mp4?_=1\" \/><a href=\"\/spots\/hir\/hir_180424_05.mp4\">\/spots\/hir\/hir_180424_05.mp4<\/a><\/video><\/div>\n","protected":false},"excerpt":{"rendered":"<p>V\u00edzi bolh\u00e1kat, csig\u00e1kat \u00e9s l\u00e1rv\u00e1kat l\u00e1thattak azok a gyerekek akik kipr\u00f3b\u00e1lt\u00e1k a mikroszk\u00f3pos vizsg\u00e1latot. A Tisza Moziban berendezett mobiltanteremben az interakt\u00edv feladatok seg\u00edts\u00e9g\u00e9vel a gyerekek a vizek \u00e9s az erd\u0151k \u00e9l\u0151vil\u00e1g\u00e1t ismerhett\u00e9k meg. -Otthon is van mikroszk\u00f3punk, de azzal ilyen kicsi dolgot nem lehet n\u00e9zni \u00e9s r\u00e9gebben az iskol\u00e1val is voltunk ilyenen \u00e9s ott tanultam [&hellip;]<\/p>\n","protected":false},"author":2,"featured_media":0,"comment_status":"closed","ping_status":"closed","sticky":false,"template":"","format":"standard","meta":[],"categories":[9],"tags":[],"_links":{"self":[{"href":"http:\/\/archiv.szolnoktv.hu\/index.php?rest_route=\/wp\/v2\/posts\/8837"}],"collection":[{"href":"http:\/\/archiv.szolnoktv.hu\/index.php?rest_route=\/wp\/v2\/posts"}],"about":[{"href":"http:\/\/archiv.szolnoktv.hu\/index.php?rest_route=\/wp\/v2\/types\/post"}],"author":[{"embeddable":true,"href":"http:\/\/archiv.szolnoktv.hu\/index.php?rest_route=\/wp\/v2\/users\/2"}],"replies":[{"embeddable":true,"href":"http:\/\/archiv.szolnoktv.hu\/index.php?rest_route=%2Fwp%2Fv2%2Fcomments&post=8837"}],"version-history":[{"count":2,"href":"http:\/\/archiv.szolnoktv.hu\/index.php?rest_route=\/wp\/v2\/posts\/8837\/revisions"}],"predecessor-version":[{"id":8957,"href":"http:\/\/archiv.szolnoktv.hu\/index.php?rest_route=\/wp\/v2\/posts\/8837\/revisions\/8957"}],"wp:attachment":[{"href":"http:\/\/archiv.szolnoktv.hu\/index.php?rest_route=%2Fwp%2Fv2%2Fmedia&parent=8837"}],"wp:term":[{"taxonomy":"category","embeddable":true,"href":"http:\/\/archiv.szolnoktv.hu\/index.php?rest_route=%2Fwp%2Fv2%2Fcategories&post=8837"},{"taxonomy":"post_tag","embeddable":true,"href":"http:\/\/archiv.szolnoktv.hu\/index.php?rest_route=%2Fwp%2Fv2%2Ftags&post=8837"}],"curies":[{"name":"wp","href":"https:\/\/api.w.org\/{rel}","templated":true}]}}