{"id":8836,"date":"2018-04-24T14:41:20","date_gmt":"2018-04-24T14:41:20","guid":{"rendered":"http:\/\/archiv.szolnoktv.hu\/?p=8836"},"modified":"2021-08-14T14:02:10","modified_gmt":"2021-08-14T14:02:10","slug":"buszsoforok-versenyeztek","status":"publish","type":"post","link":"http:\/\/archiv.szolnoktv.hu\/?p=8836","title":{"rendered":"Buszsof\u0151r\u00f6k versenyeztek"},"content":{"rendered":"<div class='booster-block booster-read-block'><\/div><p>\u00dcres buszokkal man\u0151vereztek az aut\u00f3buszvezet\u0151k ma a K\u00f6z\u00e9pkelet-magyarorsz\u00e1gi K\u00f6zleked\u00e9si K\u00f6zpont szolnoki telephely\u00e9n. A c\u00e9gn\u00e9l dolgoz\u00f3 1200 sof\u0151r  k\u00f6z\u00fcl a legjobbak neveztek az  orsz\u00e1gos megm\u00e9rettet\u00e9s helyi selejtez\u0151j\u00e9re. <\/p>\n<p>P\u00e1sztor J\u00f3zsef koordin\u00e1ci\u00f3s \u00e9s JNSZ megyei ter\u00fcleti igazgat\u00f3, KMKK -&#8220;T\u00f6bb \u00e9vtizedes hagyom\u00e1nnyal rendelkezik a t\u00f6megk\u00f6zleked\u00e9si j\u00e1rm\u0171vezet\u0151k forgalombiztons\u00e1gi versenye. Ez egy orsz\u00e1gos rendezv\u00e9ny, melyet id\u00e9n a BKV Zrt megalakul\u00e1s\u00e1nak 50. \u00e9vfordul\u00f3ja alkalm\u00e1b\u00f3l Budapesten rendezhetnek meg. T\u00e1rsas\u00e1gunk r\u00e9sz\u00e9r\u0151l 6 f\u0151 munkav\u00e1llal\u00f3 vehet r\u00e9szt ezen a rendezv\u00e9nyen. &#8211;<\/p>\n<p>A 6 legjobb nevez\u0151t v\u00e1lasztott\u00e1k ki ezen a selejtez\u0151n. Nagy volt az \u00e9rdekl\u0151d\u00e9s a r\u00e9gi\u00f3 buszsof\u0151rjei k\u00f6r\u00e9ben. A r\u00e9sztvev\u0151knek 150 k\u00e9rd\u00e9ses elm\u00e9leti \u00e1ltal\u00e1nos \u00e9s D kateg\u00f3ri\u00e1s teszt sort kellett 60 perc alatt kit\u00f6lteni\u00fck. Majd a  gyakorlati p\u00e1lya k\u00f6vetkezett, melyre  alig t\u00f6bb mint 2,5 perc\u00fck volt.  A szlalomp\u00e1ly\u00e1n \u00fagy kellett v\u00e9gighaladniuk, hogy egyetlen labda se essen le. Egy sz\u0171k kapun is \u00e1t kellett vezetni\u00fck a buszt 9429 s\u0151t ezt a speci\u00e1lis ajt\u00f3t a busz orr\u00e1val kellett kinyitniuk \u00fagy, hogy  a teniszlabda ne essen le. <\/p>\n<p> Mindez a hatalmas j\u00e1rm\u0171vel nem is olyan egyszer\u0171. Az aut\u00f3buszvezet\u0151knek centim\u00e9ter pontosan be kellett \u00e1llniuk a j\u00e1rm\u0171 orr\u00e1val egy c\u00e9lkeresztbe is, melyet egy speci\u00e1lis eszk\u00f6zzel ellen\u0151riztek. <br \/>azt mondj\u00e1k, ehhez \u00e9rezni kell a j\u00e1rm\u0171vet. V\u00e9g\u00fcl pedig visszatolatva kellett beparkolni a j\u00e1rdaszeg\u00e9ly mell\u00e9, szint\u00e9n hib\u00e1tlanul. <br \/>Karaba G\u00e1bor Salg\u00f3tarj\u00e1nb\u00f3l \u00e9rkezett. A  t\u00fckr\u00f6k \u00e9s a korm\u00e1ny be\u00e1ll\u00edt\u00e1sa ut\u00e1n m\u00e1sodikk\u00e9nt indult a p\u00e1ly\u00e1n. Hibapont n\u00e9lk\u00fcl teljes\u00edtett minden akad\u00e1lyt, a v\u00e9g\u00e9n pedig 2: 31 m\u00e1sodpercn\u00e9l \u00e1ll\u00edtotta le az \u00f3r\u00e1t. <br \/>Tavaly egy\u00e9bk\u00e9nt \u0151 nyerte meg a szolnoki selejtez\u0151t. <\/p>\n<p>Karaba G\u00e1bor aut\u00f3buszvezet\u0151 Salg\u00f3tarj\u00e1n :<\/p>\n<p>-&#8220;\u00d6sszesen 10 hibapontot gy\u0171jt\u00f6ttem, a labd\u00e1k f\u00f6nn maradtak. Annyi, hogy itt a dartsn\u00e1l gy\u0171jt\u00f6ttem 10 hibapontot. \u00c9n voltam a m\u00e1sodik, \u00fagyhogy nem tudom, a t\u00f6bbiek hogy fognak szerepelni \u00e9s m\u00e9g ezut\u00e1n j\u00f6n az elm\u00e9leti vizsga. &#8211;<\/p>\n<p>Az elm\u00e9leti tesztek ki\u00e9rt\u00e9kel\u00e9se \u00e9s a gyakorlati verseny pontsz\u00e1mai alapj\u00e1n \u00e1ll\u00edtj\u00e1k fel azt a sorrendet, mely alapj\u00e1n a legjobb hat aut\u00f3buszvezet\u0151 k\u00e9pviselheti a c\u00e9get a j\u00faniusi  orsz\u00e1gos versenyen. <\/p>\n<div style=\"width: 640px;\" class=\"wp-video\"><!--[if lt IE 9]><script>document.createElement('video');<\/script><![endif]-->\n<video class=\"wp-video-shortcode\" id=\"video-8836-1\" width=\"640\" height=\"360\" preload=\"metadata\" controls=\"controls\"><source type=\"video\/mp4\" src=\"\/spots\/hir\/hir_180424_03.mp4?_=1\" \/><a href=\"\/spots\/hir\/hir_180424_03.mp4\">\/spots\/hir\/hir_180424_03.mp4<\/a><\/video><\/div>\n","protected":false},"excerpt":{"rendered":"<p>\u00dcres buszokkal man\u0151vereztek az aut\u00f3buszvezet\u0151k ma a K\u00f6z\u00e9pkelet-magyarorsz\u00e1gi K\u00f6zleked\u00e9si K\u00f6zpont szolnoki telephely\u00e9n. A c\u00e9gn\u00e9l dolgoz\u00f3 1200 sof\u0151r k\u00f6z\u00fcl a legjobbak neveztek az orsz\u00e1gos megm\u00e9rettet\u00e9s helyi selejtez\u0151j\u00e9re. P\u00e1sztor J\u00f3zsef koordin\u00e1ci\u00f3s \u00e9s JNSZ megyei ter\u00fcleti igazgat\u00f3, KMKK -&#8220;T\u00f6bb \u00e9vtizedes hagyom\u00e1nnyal rendelkezik a t\u00f6megk\u00f6zleked\u00e9si j\u00e1rm\u0171vezet\u0151k forgalombiztons\u00e1gi versenye. Ez egy orsz\u00e1gos rendezv\u00e9ny, melyet id\u00e9n a BKV Zrt megalakul\u00e1s\u00e1nak 50. [&hellip;]<\/p>\n","protected":false},"author":2,"featured_media":0,"comment_status":"closed","ping_status":"closed","sticky":false,"template":"","format":"standard","meta":[],"categories":[9],"tags":[],"_links":{"self":[{"href":"http:\/\/archiv.szolnoktv.hu\/index.php?rest_route=\/wp\/v2\/posts\/8836"}],"collection":[{"href":"http:\/\/archiv.szolnoktv.hu\/index.php?rest_route=\/wp\/v2\/posts"}],"about":[{"href":"http:\/\/archiv.szolnoktv.hu\/index.php?rest_route=\/wp\/v2\/types\/post"}],"author":[{"embeddable":true,"href":"http:\/\/archiv.szolnoktv.hu\/index.php?rest_route=\/wp\/v2\/users\/2"}],"replies":[{"embeddable":true,"href":"http:\/\/archiv.szolnoktv.hu\/index.php?rest_route=%2Fwp%2Fv2%2Fcomments&post=8836"}],"version-history":[{"count":1,"href":"http:\/\/archiv.szolnoktv.hu\/index.php?rest_route=\/wp\/v2\/posts\/8836\/revisions"}],"predecessor-version":[{"id":8958,"href":"http:\/\/archiv.szolnoktv.hu\/index.php?rest_route=\/wp\/v2\/posts\/8836\/revisions\/8958"}],"wp:attachment":[{"href":"http:\/\/archiv.szolnoktv.hu\/index.php?rest_route=%2Fwp%2Fv2%2Fmedia&parent=8836"}],"wp:term":[{"taxonomy":"category","embeddable":true,"href":"http:\/\/archiv.szolnoktv.hu\/index.php?rest_route=%2Fwp%2Fv2%2Fcategories&post=8836"},{"taxonomy":"post_tag","embeddable":true,"href":"http:\/\/archiv.szolnoktv.hu\/index.php?rest_route=%2Fwp%2Fv2%2Ftags&post=8836"}],"curies":[{"name":"wp","href":"https:\/\/api.w.org\/{rel}","templated":true}]}}