{"id":8835,"date":"2018-04-24T14:23:41","date_gmt":"2018-04-24T14:23:41","guid":{"rendered":"http:\/\/archiv.szolnoktv.hu\/?p=8835"},"modified":"2021-08-14T14:02:11","modified_gmt":"2021-08-14T14:02:11","slug":"ujabb-szolnoki-vereseg","status":"publish","type":"post","link":"http:\/\/archiv.szolnoktv.hu\/?p=8835","title":{"rendered":"\u00dajabb szolnoki veres\u00e9g"},"content":{"rendered":"<div class='booster-block booster-read-block'><\/div><p>Esem\u00e9nyd\u00fasan kezd\u0151d\u00f6tt a m\u00e9rk\u0151z\u00e9s. Az \u00f6t\u00f6dik percben Olasz D\u00e9nes szabadr\u00fag\u00e1sb\u00f3l vesz\u00e9lyeztetett, nem sokkal k\u00e9s\u0151bb pedig a l\u00e1togat\u00f3k pr\u00f3b\u00e1lkoztak egy t\u00e1voli l\u00f6v\u00e9ssel. Ezt tette Farkas Aur\u00e9l is, de Herm\u00e1ny v\u00e9dett. Azt\u00e1n elj\u00f6tt a 19. perc. Hrabina t\u00fal sokat v\u00e1rt a kir\u00fag\u00e1ssal, Bob\u00e1l labd\u00e1t szerzett, majd az \u00fcres kapuba passzolt, amivel megszerezte a vezet\u00e9st a Cs\u00e1kv\u00e1r. Megdupl\u00e1zhatta volna el\u0151ny\u00e9t a l\u00e1togat\u00f3, de Polonkai emel\u00e9se elker\u00fclte a kaput. Itt Kenderes passza ut\u00e1n Olasz fedezte a labd\u00e1t, majd bead\u00e1s\u00e1t T\u00f3th akrobatikus mozdulattal l\u0151tte kapura, Herm\u00e1ny viszont h\u00e1r\u00edtott. A 41. percben \u00fajra megrezzent a h\u00e1l\u00f3 \u00e9s \u00fajra a szolnokiak\u00e9. Polonkai bead\u00e1sa ut\u00e1n Kir\u00e1ly Botond ker\u00fclt helyzetbe \u00e9s nem hib\u00e1zott. Sejben bead\u00e1sa ut\u00e1n Bob\u00e1l viszont igen, \u00edgy a f\u00e9lid\u0151ben maradt a 0-2. A m\u00e1sodik j\u00e1t\u00e9kr\u00e9szt lend\u00fcletesen kezdte a Szolnok, T\u00f3th l\u00f6v\u00e9s\u00e9t Herm\u00e1ny m\u00e9g brav\u00farral v\u00e9dte, de Olasz D\u00e9nes k\u00f6zelr\u0151l megszerezte az els\u0151 hazai tal\u00e1latot. 1-2. Sok\u00e1ig viszont nem \u00f6r\u00fclhettek, hiszen \u00fajra k\u00e9t g\u00f3los h\u00e1tr\u00e1nyba ker\u00fcltek, Csonka passz\u00e1b\u00f3l R\u00e9tyi Tam\u00e1s tal\u00e1lt be, 1-3 az 54. percben. Gyorsan j\u00f6hetett volna m\u00e1sodik Tisza-parti g\u00f3l, de Horgosi nem tudott a kapuba fejelni. Nem sokkal k\u00e9s\u0151bb hazai szabadr\u00fag\u00e1s 17 m\u00e9terr\u0151l, T\u00f3th viszont nem tal\u00e1lta el a kaput. Pantovic eltal\u00e1lta volna, de nem jutott el addig, 16 m\u00e9teres l\u00f6v\u00e9s\u00e9t Herm\u00e1ny v\u00e9dte. A kihagyott helyzetek pedig megbosszult\u00e1k \u00f6nmagukat, R\u00e9tyi Tam\u00e1s ugyanis a 77. percben megszerezte a negyedik vend\u00e9g g\u00f3lt. Erre egy kapu el\u0151tti kavarod\u00e1s ut\u00e1n Farkas v\u00e1laszolt, majd Olasz D\u00e9nes is a kapuba tal\u00e1lt, de ezt les miatt \u00e9rv\u00e9nytelen\u00edtett\u00e9k. Maradt a 2-4.<\/p>\n<p>-Mi sajnos elk\u00f6vett\u00fcnk olyan hib\u00e1kat, amire szerintem egyik edz\u0151 sem tud felk\u00e9sz\u00fclni. M\u00e9g \u00edgy is a m\u00e1sodik f\u00e9lid\u0151 elej\u00e9n ritmust tudtunk v\u00e1ltani, helyzeteket tudtunk kialak\u00edtani. Benne volt a leveg\u0151ben, hogy tudunk is egaliz\u00e1lni. Erre megkaptuk a harmadik g\u00f3lt. Nagyon neh\u00e9z b\u00e1rmit is mondani, mert rengeteget k\u00e9sz\u00fcl\u00fcnk, gyakorolunk, de mindig visszat\u00e9rnek olyan hib\u00e1k, amib\u0151l rendszeresen g\u00f3lt kapunk \u00e9s kihaszn\u00e1lja az ellenf\u00e9l.&#8221;  &#8211;   mondta Balogh P\u00e1l a Szolnoki M\u00c1V FC vezet\u0151edz\u0151je.<\/p>\n<p>-Ennek a m\u00e9rk\u0151z\u00e9snek voltak j\u00f3 peri\u00f3dusai a Szolnok r\u00e9sz\u00e9r\u0151l is term\u00e9szetesen \u00e9s voltak olyan lehet\u0151s\u00e9gei, amib\u0151l m ha g\u00f3lokat r\u00fagnak akkor x is kij\u00f6hetett volna ebb\u0151l a m\u00e9rk\u0151z\u00e9sb\u0151l. \u00dagy \u00e9rzem, hogy megtett\u00fck, ami\u00e9rt j\u00f6tt\u00fcnk Szolnokra \u00e9s bizakod\u00f3k abban, hogy lassan annyi pontot gy\u0171jt\u00fcnk \u00f6ssze, amivel bent tudunk maradni. Ez a meccs nagyon neh\u00e9z volt. F\u0151leg akkor, mikor szerkezetet v\u00e1ltott a Szolnok, bej\u00f6tt Pantovic , akkor nem minden esetben tal\u00e1ltuk meg a hely\u00fcnket pedig fel voltunk r\u00e1 k\u00e9sz\u00fclve.&#8221;  &#8211;   mondta Szijj\u00e1rt\u00f3 Istv\u00e1n az FC Cs\u00e1kv\u00e1r vezet\u0151edz\u0151je.<\/p>\n<p>A Cs\u00e1kv\u00e1r ezzel a gy\u0151zelemmel felj\u00f6tt a 10. helyre, m\u00edg a Szolnok visszacs\u00faszott 12-re.<\/p>\n<div style=\"width: 640px;\" class=\"wp-video\"><!--[if lt IE 9]><script>document.createElement('video');<\/script><![endif]-->\n<video class=\"wp-video-shortcode\" id=\"video-8835-1\" width=\"640\" height=\"360\" preload=\"metadata\" controls=\"controls\"><source type=\"video\/mp4\" src=\"\/spots\/hir\/hir_180424_02.mp4?_=1\" \/><a href=\"\/spots\/hir\/hir_180424_02.mp4\">\/spots\/hir\/hir_180424_02.mp4<\/a><\/video><\/div>\n","protected":false},"excerpt":{"rendered":"<p>Esem\u00e9nyd\u00fasan kezd\u0151d\u00f6tt a m\u00e9rk\u0151z\u00e9s. Az \u00f6t\u00f6dik percben Olasz D\u00e9nes szabadr\u00fag\u00e1sb\u00f3l vesz\u00e9lyeztetett, nem sokkal k\u00e9s\u0151bb pedig a l\u00e1togat\u00f3k pr\u00f3b\u00e1lkoztak egy t\u00e1voli l\u00f6v\u00e9ssel. Ezt tette Farkas Aur\u00e9l is, de Herm\u00e1ny v\u00e9dett. Azt\u00e1n elj\u00f6tt a 19. perc. Hrabina t\u00fal sokat v\u00e1rt a kir\u00fag\u00e1ssal, Bob\u00e1l labd\u00e1t szerzett, majd az \u00fcres kapuba passzolt, amivel megszerezte a vezet\u00e9st a Cs\u00e1kv\u00e1r. Megdupl\u00e1zhatta [&hellip;]<\/p>\n","protected":false},"author":2,"featured_media":0,"comment_status":"closed","ping_status":"closed","sticky":false,"template":"","format":"standard","meta":[],"categories":[9],"tags":[],"_links":{"self":[{"href":"http:\/\/archiv.szolnoktv.hu\/index.php?rest_route=\/wp\/v2\/posts\/8835"}],"collection":[{"href":"http:\/\/archiv.szolnoktv.hu\/index.php?rest_route=\/wp\/v2\/posts"}],"about":[{"href":"http:\/\/archiv.szolnoktv.hu\/index.php?rest_route=\/wp\/v2\/types\/post"}],"author":[{"embeddable":true,"href":"http:\/\/archiv.szolnoktv.hu\/index.php?rest_route=\/wp\/v2\/users\/2"}],"replies":[{"embeddable":true,"href":"http:\/\/archiv.szolnoktv.hu\/index.php?rest_route=%2Fwp%2Fv2%2Fcomments&post=8835"}],"version-history":[{"count":1,"href":"http:\/\/archiv.szolnoktv.hu\/index.php?rest_route=\/wp\/v2\/posts\/8835\/revisions"}],"predecessor-version":[{"id":8959,"href":"http:\/\/archiv.szolnoktv.hu\/index.php?rest_route=\/wp\/v2\/posts\/8835\/revisions\/8959"}],"wp:attachment":[{"href":"http:\/\/archiv.szolnoktv.hu\/index.php?rest_route=%2Fwp%2Fv2%2Fmedia&parent=8835"}],"wp:term":[{"taxonomy":"category","embeddable":true,"href":"http:\/\/archiv.szolnoktv.hu\/index.php?rest_route=%2Fwp%2Fv2%2Fcategories&post=8835"},{"taxonomy":"post_tag","embeddable":true,"href":"http:\/\/archiv.szolnoktv.hu\/index.php?rest_route=%2Fwp%2Fv2%2Ftags&post=8835"}],"curies":[{"name":"wp","href":"https:\/\/api.w.org\/{rel}","templated":true}]}}