{"id":8834,"date":"2018-04-24T14:20:58","date_gmt":"2018-04-24T14:20:58","guid":{"rendered":"http:\/\/archiv.szolnoktv.hu\/?p=8834"},"modified":"2021-08-14T14:02:11","modified_gmt":"2021-08-14T14:02:11","slug":"honved-kadet-program-2","status":"publish","type":"post","link":"http:\/\/archiv.szolnoktv.hu\/?p=8834","title":{"rendered":"Honv\u00e9d Kad\u00e9t Program"},"content":{"rendered":"<div class='booster-block booster-read-block'><\/div><p>A t\u0171zgy\u00fajt\u00e1s technik\u00e1j\u00e1t tanulj\u00e1k a pedag\u00f3gusok. Term\u00e9szetesen nem gyuf\u00e1val \u00e9s \u00f6ngy\u00fajt\u00f3val csiholj\u00e1k a szikr\u00e1t. Ez is a t\u00fal\u00e9l\u0151 gyakorlat egyik r\u00e9sze. A Honv\u00e9d Kad\u00e9t Programban r\u00e9sztvev\u0151 iskol\u00e1k tan\u00e1rai Szolnokon kapj\u00e1k meg azokat a gyakorlati alapismereteket, melyeket iskol\u00e1ikban tan\u00edthatnak.<br \/>&#8220;Az eg\u00e9sz tanfolyam 120 \u00f3ra, ebb\u0151l 40 \u00f3ra \u00f6n\u00e1ll\u00f3, \u00e9s 80 \u00f3ra gyakorlati k\u00e9pz\u00e9s, mi katon\u00e1k v\u00e1llaltuk, hogy a katonai alapismeret praktik\u00e1kat seg\u00edt\u00fcnk elsaj\u00e1t\u00edtani.&#8221; -mondta M\u00c1DI LAJOS alezredes.<br \/>T\u00e9rk\u00e9p\u00e9szet, l\u0151gyakorlat, \u00e1lc\u00e1z\u00e1s, v\u00edztiszt\u00edt\u00e1s csak n\u00e9h\u00e1ny azok k\u00f6z\u00fcl a feladatok k\u00f6z\u00fcl, melyeket megtanulnak. Ez a csoport \u00e9pp mened\u00e9ket \u00e9p\u00edt.<br \/>Szolnokon 5 \u00e9ve k\u00e9pzik a pedag\u00f3gusokat, eddig 120 tan\u00e1r v\u00e9gezte el a tanfolyamot. Szab\u00f3n\u00e9 Kl\u00e1ra V\u00e1rpalot\u00e1r\u00f3l \u00e9rkezett, k\u00f6zel 20 \u00e9ve szervez az iskol\u00e1jukban honv\u00e9delmi programokat. Szerinte neh\u00e9z kimozd\u00edtani a fiatalokat a sz\u00e1m\u00edt\u00f3g\u00e9p el\u0151l.<br \/>&#8220;El\u00e9g neh\u00e9z, azt gondolom, hogy mi pedag\u00f3gusok tudn\u00e1nk sokat seg\u00edteni. V\u00e1ltozatos jelleggel,l amit mi is kapunk, harc\u00e1szat, tereptan ezekkel meg lehet \u0151ket mozd\u00edtani.&#8221; -mondta SZAB\u00d3N\u00c9 LEP\u00c9NY KL\u00c1RA VILMA.<br \/>T\u00e1lasi Zolt\u00e1n Szeksz\u00e1rdr\u00f3l \u00e9rkezett:<br \/>&#8220;\u00c9n azt gondolom, sokkal hitelesebb, ha mi is r\u00e9szt vesz\u00fcnk ilyen k\u00e9pz\u00e9sen, m\u00e1s az, mintha tank\u00f6nyvben tanuln\u00e1nk csak.&#8221;<br \/>Az idei katonasuli kik\u00e9pz\u00e9sre a felvid\u00e9kr\u0151l is \u00e9rkeztek pedag\u00f3gusok, \u00edgy most el\u0151sz\u00f6r nemzetk\u00f6ziv\u00e9 v\u00e1lt a szolnoki program.<br \/>\n<br \/>\n<div style=\"width: 640px;\" class=\"wp-video\"><!--[if lt IE 9]><script>document.createElement('video');<\/script><![endif]-->\n<video class=\"wp-video-shortcode\" id=\"video-8834-1\" width=\"640\" height=\"360\" preload=\"metadata\" controls=\"controls\"><source type=\"video\/mp4\" src=\"\/spots\/hir\/hir_180424_01.mp4?_=1\" \/><a href=\"\/spots\/hir\/hir_180424_01.mp4\">\/spots\/hir\/hir_180424_01.mp4<\/a><\/video><\/div><\/p>\n","protected":false},"excerpt":{"rendered":"<p>A t\u0171zgy\u00fajt\u00e1s technik\u00e1j\u00e1t tanulj\u00e1k a pedag\u00f3gusok. Term\u00e9szetesen nem gyuf\u00e1val \u00e9s \u00f6ngy\u00fajt\u00f3val csiholj\u00e1k a szikr\u00e1t. Ez is a t\u00fal\u00e9l\u0151 gyakorlat egyik r\u00e9sze. A Honv\u00e9d Kad\u00e9t Programban r\u00e9sztvev\u0151 iskol\u00e1k tan\u00e1rai Szolnokon kapj\u00e1k meg azokat a gyakorlati alapismereteket, melyeket iskol\u00e1ikban tan\u00edthatnak.&#8220;Az eg\u00e9sz tanfolyam 120 \u00f3ra, ebb\u0151l 40 \u00f3ra \u00f6n\u00e1ll\u00f3, \u00e9s 80 \u00f3ra gyakorlati k\u00e9pz\u00e9s, mi katon\u00e1k v\u00e1llaltuk, hogy [&hellip;]<\/p>\n","protected":false},"author":2,"featured_media":0,"comment_status":"closed","ping_status":"closed","sticky":false,"template":"","format":"standard","meta":[],"categories":[9],"tags":[],"_links":{"self":[{"href":"http:\/\/archiv.szolnoktv.hu\/index.php?rest_route=\/wp\/v2\/posts\/8834"}],"collection":[{"href":"http:\/\/archiv.szolnoktv.hu\/index.php?rest_route=\/wp\/v2\/posts"}],"about":[{"href":"http:\/\/archiv.szolnoktv.hu\/index.php?rest_route=\/wp\/v2\/types\/post"}],"author":[{"embeddable":true,"href":"http:\/\/archiv.szolnoktv.hu\/index.php?rest_route=\/wp\/v2\/users\/2"}],"replies":[{"embeddable":true,"href":"http:\/\/archiv.szolnoktv.hu\/index.php?rest_route=%2Fwp%2Fv2%2Fcomments&post=8834"}],"version-history":[{"count":1,"href":"http:\/\/archiv.szolnoktv.hu\/index.php?rest_route=\/wp\/v2\/posts\/8834\/revisions"}],"predecessor-version":[{"id":8960,"href":"http:\/\/archiv.szolnoktv.hu\/index.php?rest_route=\/wp\/v2\/posts\/8834\/revisions\/8960"}],"wp:attachment":[{"href":"http:\/\/archiv.szolnoktv.hu\/index.php?rest_route=%2Fwp%2Fv2%2Fmedia&parent=8834"}],"wp:term":[{"taxonomy":"category","embeddable":true,"href":"http:\/\/archiv.szolnoktv.hu\/index.php?rest_route=%2Fwp%2Fv2%2Fcategories&post=8834"},{"taxonomy":"post_tag","embeddable":true,"href":"http:\/\/archiv.szolnoktv.hu\/index.php?rest_route=%2Fwp%2Fv2%2Ftags&post=8834"}],"curies":[{"name":"wp","href":"https:\/\/api.w.org\/{rel}","templated":true}]}}