{"id":8832,"date":"2018-04-23T17:26:45","date_gmt":"2018-04-23T17:26:45","guid":{"rendered":"http:\/\/archiv.szolnoktv.hu\/?p=8832"},"modified":"2021-08-14T14:02:11","modified_gmt":"2021-08-14T14:02:11","slug":"lezarult-a-40-eves-korosi-programsorozata","status":"publish","type":"post","link":"http:\/\/archiv.szolnoktv.hu\/?p=8832","title":{"rendered":"Lez\u00e1rult a 40 \u00e9ves K\u0151r\u00f6si programsorozata"},"content":{"rendered":"<div class='booster-block booster-read-block'><\/div><p>1978 szeptember\u00e9ben nyitotta meg kapuit a K\u0151r\u00f6si Csoma S\u00e1ndor \u00c1ltal\u00e1nos Iskola \u00e9s Alapfok\u00fa M\u0171v\u00e9szeti Iskola. M\u00e1ra a v\u00e1ros egyik legnagyobb \u00e1ltal\u00e1nos iskol\u00e1ja lett, 24 oszt\u00e1lyban, 670 tanul\u00f3 koptatja a padokat.  A 40 \u00e9ves \u00e9vfordul\u00f3 alkalm\u00e1b\u00f3l az iskola dolgoz\u00f3i jubileumi rendezv\u00e9nysorozattal k\u00e9sz\u00fcltek a di\u00e1koknak. Az \u00fcnneps\u00e9gek, a Szolnoki Szimfonikus Zenekar koncertje, a K\u0151r\u00f6si Kupa, valamint az angol tead\u00e9lut\u00e1n ut\u00e1n szombaton jubileumi D\u00d6K nappal z\u00e1rta a rendezv\u00e9nysorozatot az int\u00e9zm\u00e9ny. N\u00e9pszer\u0171 volt a tan\u00e1r-di\u00e1k-sz\u00fcl\u0151 sportverseny t\u00f6bb sport\u00e1gban \u00e9s a l\u00e1btoll-labda bemutat\u00f3 is. <br \/>Emellett iskolat\u00f6rt\u00e9neti tot\u00f3, kincskeres\u00e9s, karaoke, activity v\u00e1rta a csal\u00e1dokat. A jubileumi programh\u00e9t z\u00e1r\u00e1sak\u00e9nt a di\u00e1kok k\u00f6z\u00f6sen \u00e9nekelt\u00e9k el a Sulidalt. <\/p>\n<div style=\"width: 640px;\" class=\"wp-video\"><!--[if lt IE 9]><script>document.createElement('video');<\/script><![endif]-->\n<video class=\"wp-video-shortcode\" id=\"video-8832-1\" width=\"640\" height=\"360\" preload=\"metadata\" controls=\"controls\"><source type=\"video\/mp4\" src=\"\/spots\/hir\/hir_180423_06.mp4?_=1\" \/><a href=\"\/spots\/hir\/hir_180423_06.mp4\">\/spots\/hir\/hir_180423_06.mp4<\/a><\/video><\/div>\n","protected":false},"excerpt":{"rendered":"<p>1978 szeptember\u00e9ben nyitotta meg kapuit a K\u0151r\u00f6si Csoma S\u00e1ndor \u00c1ltal\u00e1nos Iskola \u00e9s Alapfok\u00fa M\u0171v\u00e9szeti Iskola. M\u00e1ra a v\u00e1ros egyik legnagyobb \u00e1ltal\u00e1nos iskol\u00e1ja lett, 24 oszt\u00e1lyban, 670 tanul\u00f3 koptatja a padokat. A 40 \u00e9ves \u00e9vfordul\u00f3 alkalm\u00e1b\u00f3l az iskola dolgoz\u00f3i jubileumi rendezv\u00e9nysorozattal k\u00e9sz\u00fcltek a di\u00e1koknak. Az \u00fcnneps\u00e9gek, a Szolnoki Szimfonikus Zenekar koncertje, a K\u0151r\u00f6si Kupa, valamint az [&hellip;]<\/p>\n","protected":false},"author":2,"featured_media":0,"comment_status":"closed","ping_status":"closed","sticky":false,"template":"","format":"standard","meta":[],"categories":[9],"tags":[],"_links":{"self":[{"href":"http:\/\/archiv.szolnoktv.hu\/index.php?rest_route=\/wp\/v2\/posts\/8832"}],"collection":[{"href":"http:\/\/archiv.szolnoktv.hu\/index.php?rest_route=\/wp\/v2\/posts"}],"about":[{"href":"http:\/\/archiv.szolnoktv.hu\/index.php?rest_route=\/wp\/v2\/types\/post"}],"author":[{"embeddable":true,"href":"http:\/\/archiv.szolnoktv.hu\/index.php?rest_route=\/wp\/v2\/users\/2"}],"replies":[{"embeddable":true,"href":"http:\/\/archiv.szolnoktv.hu\/index.php?rest_route=%2Fwp%2Fv2%2Fcomments&post=8832"}],"version-history":[{"count":1,"href":"http:\/\/archiv.szolnoktv.hu\/index.php?rest_route=\/wp\/v2\/posts\/8832\/revisions"}],"predecessor-version":[{"id":8962,"href":"http:\/\/archiv.szolnoktv.hu\/index.php?rest_route=\/wp\/v2\/posts\/8832\/revisions\/8962"}],"wp:attachment":[{"href":"http:\/\/archiv.szolnoktv.hu\/index.php?rest_route=%2Fwp%2Fv2%2Fmedia&parent=8832"}],"wp:term":[{"taxonomy":"category","embeddable":true,"href":"http:\/\/archiv.szolnoktv.hu\/index.php?rest_route=%2Fwp%2Fv2%2Fcategories&post=8832"},{"taxonomy":"post_tag","embeddable":true,"href":"http:\/\/archiv.szolnoktv.hu\/index.php?rest_route=%2Fwp%2Fv2%2Ftags&post=8832"}],"curies":[{"name":"wp","href":"https:\/\/api.w.org\/{rel}","templated":true}]}}