{"id":8831,"date":"2018-04-23T16:23:37","date_gmt":"2018-04-23T16:23:37","guid":{"rendered":"http:\/\/archiv.szolnoktv.hu\/?p=8831"},"modified":"2021-08-14T14:02:11","modified_gmt":"2021-08-14T14:02:11","slug":"jobbik-sajtotajekoztato-9","status":"publish","type":"post","link":"http:\/\/archiv.szolnoktv.hu\/?p=8831","title":{"rendered":"Jobbik sajt\u00f3t\u00e1j\u00e9koztat\u00f3"},"content":{"rendered":"<div class='booster-block booster-read-block'><\/div><p>\u00c9rt\u00e9kelte az orsz\u00e1ggy\u0171l\u00e9si v\u00e1laszt\u00e1sok eredm\u00e9ny\u00e9t a Jobbik szolnoki szervezete \u00e9s levonta annak tanuls\u00e1gait  &#8211;   mondta Dr. Szotyori-L\u00e1z\u00e1r Zolt\u00e1n. Ennek szellem\u00e9ben alak\u00edtj\u00e1k ki azt a strat\u00e9gi\u00e1t, melynek hat\u00e1s\u00e1ra a j\u00f6v\u0151 \u00e9vi \u00f6nkorm\u00e1nyzati v\u00e1laszt\u00e1st a lehet\u0151 legjobb eredm\u00e9nnyel szeretn\u00e9k z\u00e1rni  &#8211;   tette hozz\u00e1 a politikus. Ez\u00e9rt v\u00e1lt\u00e1s t\u00f6rt\u00e9nt a p\u00e1rt v\u00e1rosi szervezet\u00e9nek \u00e9l\u00e9n, az eln\u00f6k Dr. Szotyori-L\u00e1z\u00e1r Zolt\u00e1n lett.<\/p>\n<p>-Dr. Csik\u00f3s Attila bar\u00e1tom \u00e9s kor\u00e1bbi k\u00e9pvisel\u0151jel\u00f6lt\u00fcnk eln\u00f6ks\u00e9gi tag maradt, \u00e9n lettem az eln\u00f6k. Illetve m\u00e9g egy v\u00e1ltoz\u00e1s volt, az eddigi ifj\u00fas\u00e1gi tagozati eln\u00f6k\u00fcnk Gall\u00f3 Gy\u00f6rgy hely\u00e9re Ber\u00e9nyi G\u00e1bor \u00e9rkezett illetve R\u00e1cz L\u00e1szl\u00f3 v\u00e1ltozatlanul az eln\u00f6ks\u00e9g tagja, teh\u00e1t \u00edgy n\u00e9z ki az eln\u00f6ks\u00e9g n\u00e9gy tagja.&#8221;  &#8211;   tette hozz\u00e1 Dr. Szotyori-L\u00e1z\u00e1r Zolt\u00e1n v\u00e1rosi eln\u00f6k.<\/p>\n<p>A v\u00e1rosi eln\u00f6k hozz\u00e1tette: az\u00e9rt t\u00f6rt\u00e9nt a v\u00e1lt\u00e1s, mert egy a helyi \u00fcgyeket teljes m\u00e9rt\u00e9kben ismer\u0151 politikusra van sz\u00fcks\u00e9g a k\u00f6vetkez\u0151 feladatokhoz. Dr. Szotyori-L\u00e1z\u00e1r Zolt\u00e1n elmondta: a v\u00e1laszt\u00e1sokon j\u00f3l szerepeltek Szolnokon, a 4 \u00e9vvel ezel\u0151tti eredm\u00e9ny\u00fckh\u00f6z k\u00e9pest 12 sz\u00e1zal\u00e9kot er\u0151s\u00f6dtek \u00e9s t\u00f6bb k\u00f6rzetben, v\u00e1rosr\u00e9szben az \u0151 jel\u00f6ltj\u00fck kapta a legt\u00f6bb szavazatot, ez\u00e9rt bizakod\u00f3ak. A politikus azt is hangs\u00falyozta: az a strat\u00e9gia megbukott, miszerint minden ellenz\u00e9ki p\u00e1rtnak ind\u00edtania kell egy jel\u00f6ltet, v\u00e9lem\u00e9nye szerint \u00f6sszefog\u00e1s \u00e9s egy ellenz\u00e9ki kih\u00edv\u00f3 kell az \u00f6nkorm\u00e1nyzati v\u00e1laszt\u00e1sokon.<\/p>\n<div style=\"width: 640px;\" class=\"wp-video\"><!--[if lt IE 9]><script>document.createElement('video');<\/script><![endif]-->\n<video class=\"wp-video-shortcode\" id=\"video-8831-1\" width=\"640\" height=\"360\" preload=\"metadata\" controls=\"controls\"><source type=\"video\/mp4\" src=\"\/spots\/hir\/hir_180423_05.mp4?_=1\" \/><a href=\"\/spots\/hir\/hir_180423_05.mp4\">\/spots\/hir\/hir_180423_05.mp4<\/a><\/video><\/div>\n","protected":false},"excerpt":{"rendered":"<p>\u00c9rt\u00e9kelte az orsz\u00e1ggy\u0171l\u00e9si v\u00e1laszt\u00e1sok eredm\u00e9ny\u00e9t a Jobbik szolnoki szervezete \u00e9s levonta annak tanuls\u00e1gait &#8211; mondta Dr. Szotyori-L\u00e1z\u00e1r Zolt\u00e1n. Ennek szellem\u00e9ben alak\u00edtj\u00e1k ki azt a strat\u00e9gi\u00e1t, melynek hat\u00e1s\u00e1ra a j\u00f6v\u0151 \u00e9vi \u00f6nkorm\u00e1nyzati v\u00e1laszt\u00e1st a lehet\u0151 legjobb eredm\u00e9nnyel szeretn\u00e9k z\u00e1rni &#8211; tette hozz\u00e1 a politikus. Ez\u00e9rt v\u00e1lt\u00e1s t\u00f6rt\u00e9nt a p\u00e1rt v\u00e1rosi szervezet\u00e9nek \u00e9l\u00e9n, az eln\u00f6k Dr. Szotyori-L\u00e1z\u00e1r [&hellip;]<\/p>\n","protected":false},"author":2,"featured_media":0,"comment_status":"closed","ping_status":"closed","sticky":false,"template":"","format":"standard","meta":[],"categories":[9],"tags":[],"_links":{"self":[{"href":"http:\/\/archiv.szolnoktv.hu\/index.php?rest_route=\/wp\/v2\/posts\/8831"}],"collection":[{"href":"http:\/\/archiv.szolnoktv.hu\/index.php?rest_route=\/wp\/v2\/posts"}],"about":[{"href":"http:\/\/archiv.szolnoktv.hu\/index.php?rest_route=\/wp\/v2\/types\/post"}],"author":[{"embeddable":true,"href":"http:\/\/archiv.szolnoktv.hu\/index.php?rest_route=\/wp\/v2\/users\/2"}],"replies":[{"embeddable":true,"href":"http:\/\/archiv.szolnoktv.hu\/index.php?rest_route=%2Fwp%2Fv2%2Fcomments&post=8831"}],"version-history":[{"count":1,"href":"http:\/\/archiv.szolnoktv.hu\/index.php?rest_route=\/wp\/v2\/posts\/8831\/revisions"}],"predecessor-version":[{"id":8963,"href":"http:\/\/archiv.szolnoktv.hu\/index.php?rest_route=\/wp\/v2\/posts\/8831\/revisions\/8963"}],"wp:attachment":[{"href":"http:\/\/archiv.szolnoktv.hu\/index.php?rest_route=%2Fwp%2Fv2%2Fmedia&parent=8831"}],"wp:term":[{"taxonomy":"category","embeddable":true,"href":"http:\/\/archiv.szolnoktv.hu\/index.php?rest_route=%2Fwp%2Fv2%2Fcategories&post=8831"},{"taxonomy":"post_tag","embeddable":true,"href":"http:\/\/archiv.szolnoktv.hu\/index.php?rest_route=%2Fwp%2Fv2%2Ftags&post=8831"}],"curies":[{"name":"wp","href":"https:\/\/api.w.org\/{rel}","templated":true}]}}