{"id":8830,"date":"2018-04-23T16:17:31","date_gmt":"2018-04-23T16:17:31","guid":{"rendered":"http:\/\/archiv.szolnoktv.hu\/?p=8830"},"modified":"2021-08-14T14:02:11","modified_gmt":"2021-08-14T14:02:11","slug":"megorizte-likviditasat-az-onkormanyzat","status":"publish","type":"post","link":"http:\/\/archiv.szolnoktv.hu\/?p=8830","title":{"rendered":"Meg\u0151rizte likvidit\u00e1s\u00e1t az \u00f6nkorm\u00e1nyzat"},"content":{"rendered":"<div class='booster-block booster-read-block'><\/div><p>B\u00e1r az \u00f6nkorm\u00e1nyzat gazd\u00e1lkod\u00e1s\u00e1t negyed \u00e9vente \u00e1ttekintik, az esztend\u0151 eg\u00e9sz\u00e9r\u0151l is m\u00e9rleget kell k\u00e9sz\u00edteni. A szakbizotts\u00e1g el\u00e9 ker\u00fclt vaskos jelent\u00e9s a v\u00e1ros 2017. \u00e9vi p\u00e9nz\u00fcgyeit \u00f6sszegzi, amib\u0151l az sz\u0171rhet\u0151 le, hogy a megyesz\u00e9khely tavaly is &#8220;addig ny\u00fajt\u00f3zott am\u00edg a takar\u00f3 \u00e9rt&#8221;. <\/p>\n<p> &#8220;A sikert els\u0151sorban az mutatja, hogy bev\u00e9teleinket j\u00f3val t\u00falteljes\u00edtett\u00fck: 28 milli\u00e1rd forintos bev\u00e9tellel z\u00e1rt az \u00f6nkorm\u00e1nyzat- ezzel szemben egy 24 milli\u00e1rdos kiad\u00e1s \u00e1ll, teh\u00e1t a kett\u0151 k\u00fcl\u00f6nb\u00f6zete mintegy 4 milli\u00e1rd forint tartal\u00e9kalapot k\u00e9pezett. Ennek a 4 milli\u00e1rd forintos tartal\u00e9knak egy nagy r\u00e9sze azok a fejleszt\u00e9si forr\u00e1sok amik m\u00e1r meg\u00e9rkeztek ugyan az \u00f6nkorm\u00e1nyzathoz, de 2017- ben nem ker\u00fcltek felhaszn\u00e1l\u00e1sra.&#8221;- t\u00e1j\u00e9koztatta szerkeszt\u0151s\u00e9g\u00fcnket Bagdi S\u00e1ndorn\u00e9 bizotts\u00e1gi eln\u00f6k.<\/p>\n<p>Biztat\u00f3 t\u00e9ny tov\u00e1bb\u00e1, hogy a v\u00e1ros meg\u0151rizte likvidit\u00e1s\u00e1t, azaz fizet\u0151k\u00e9pes maradt, hitelfelv\u00e9telre nem szorult.<\/p>\n<p>&#8220;K\u00fcl\u00f6n kiemeln\u00e9m, hogy a tavalyi \u00e9vben sokat besz\u00e9lt\u00fcnk arr\u00f3l, hogy a minim\u00e1lb\u00e9rn\u00f6veked\u00e9s, illetve a k\u00f6telez\u0151 b\u00e9rminimumra val\u00f3 \u00e1t\u00e1ll\u00e1s milyen nagy terhet jelent a gazd\u00e1lkod\u00f3 szerveknek- \u00edgy az \u00f6nkorm\u00e1nyzatoknak is. A tavalyi \u00e9vben mintegy 500 milli\u00f3 forintot ford\u00edtott az \u00f6nkorm\u00e1nyzat arra, hogy ebb\u0151l a b\u00e9remel\u00e9sb\u0151l sz\u00e1rmaz\u00f3 fesz\u00fclts\u00e9get, b\u00e9rfesz\u00fclts\u00e9get oldja.&#8221;<\/p>\n<p>A p\u00e9nz\u00fcgyi bizotts\u00e1g tagjai azon szervezetek \u00e9s c\u00e9gek besz\u00e1mol\u00f3it is \u00e1ttekintette, melyek \u00f6nkorm\u00e1nyzati t\u00e1mogat\u00e1sban r\u00e9szes\u00fcltek. Az elsz\u00e1mol\u00e1sb\u00f3l kider\u00fcl, hogy a p\u00e9nzek j\u00f3 helyre ker\u00fcltek, a Szigligeti Sz\u00ednh\u00e1z, A Szolnok TV, a Szolnoki Szimfonikus Zenekar, a Z\u00f6ld H\u00e1z, a Szolnoki Ipari Park, a SZOLLAK, a Sportcentrum, a Szolnoki V\u00e1rosfejleszt\u0151 Nonprofit Zrt., \u00e9s a RepT\u00e1r is hat\u00e9konyan, \u00e1tl\u00e1that\u00f3 m\u00f3don haszn\u00e1lta f\u00f6l az \u00f6nkorm\u00e1nyzati forr\u00e1sokat.<\/p>\n<div style=\"width: 640px;\" class=\"wp-video\"><!--[if lt IE 9]><script>document.createElement('video');<\/script><![endif]-->\n<video class=\"wp-video-shortcode\" id=\"video-8830-1\" width=\"640\" height=\"360\" preload=\"metadata\" controls=\"controls\"><source type=\"video\/mp4\" src=\"\/spots\/hir\/hir_180423_04.mp4?_=1\" \/><a href=\"\/spots\/hir\/hir_180423_04.mp4\">\/spots\/hir\/hir_180423_04.mp4<\/a><\/video><\/div>\n","protected":false},"excerpt":{"rendered":"<p>B\u00e1r az \u00f6nkorm\u00e1nyzat gazd\u00e1lkod\u00e1s\u00e1t negyed \u00e9vente \u00e1ttekintik, az esztend\u0151 eg\u00e9sz\u00e9r\u0151l is m\u00e9rleget kell k\u00e9sz\u00edteni. A szakbizotts\u00e1g el\u00e9 ker\u00fclt vaskos jelent\u00e9s a v\u00e1ros 2017. \u00e9vi p\u00e9nz\u00fcgyeit \u00f6sszegzi, amib\u0151l az sz\u0171rhet\u0151 le, hogy a megyesz\u00e9khely tavaly is &#8220;addig ny\u00fajt\u00f3zott am\u00edg a takar\u00f3 \u00e9rt&#8221;. &#8220;A sikert els\u0151sorban az mutatja, hogy bev\u00e9teleinket j\u00f3val t\u00falteljes\u00edtett\u00fck: 28 milli\u00e1rd forintos bev\u00e9tellel z\u00e1rt [&hellip;]<\/p>\n","protected":false},"author":2,"featured_media":0,"comment_status":"closed","ping_status":"closed","sticky":false,"template":"","format":"standard","meta":[],"categories":[9],"tags":[],"_links":{"self":[{"href":"http:\/\/archiv.szolnoktv.hu\/index.php?rest_route=\/wp\/v2\/posts\/8830"}],"collection":[{"href":"http:\/\/archiv.szolnoktv.hu\/index.php?rest_route=\/wp\/v2\/posts"}],"about":[{"href":"http:\/\/archiv.szolnoktv.hu\/index.php?rest_route=\/wp\/v2\/types\/post"}],"author":[{"embeddable":true,"href":"http:\/\/archiv.szolnoktv.hu\/index.php?rest_route=\/wp\/v2\/users\/2"}],"replies":[{"embeddable":true,"href":"http:\/\/archiv.szolnoktv.hu\/index.php?rest_route=%2Fwp%2Fv2%2Fcomments&post=8830"}],"version-history":[{"count":1,"href":"http:\/\/archiv.szolnoktv.hu\/index.php?rest_route=\/wp\/v2\/posts\/8830\/revisions"}],"predecessor-version":[{"id":8964,"href":"http:\/\/archiv.szolnoktv.hu\/index.php?rest_route=\/wp\/v2\/posts\/8830\/revisions\/8964"}],"wp:attachment":[{"href":"http:\/\/archiv.szolnoktv.hu\/index.php?rest_route=%2Fwp%2Fv2%2Fmedia&parent=8830"}],"wp:term":[{"taxonomy":"category","embeddable":true,"href":"http:\/\/archiv.szolnoktv.hu\/index.php?rest_route=%2Fwp%2Fv2%2Fcategories&post=8830"},{"taxonomy":"post_tag","embeddable":true,"href":"http:\/\/archiv.szolnoktv.hu\/index.php?rest_route=%2Fwp%2Fv2%2Ftags&post=8830"}],"curies":[{"name":"wp","href":"https:\/\/api.w.org\/{rel}","templated":true}]}}