{"id":8829,"date":"2018-04-23T13:51:32","date_gmt":"2018-04-23T13:51:32","guid":{"rendered":"http:\/\/archiv.szolnoktv.hu\/?p=8829"},"modified":"2021-08-14T14:02:11","modified_gmt":"2021-08-14T14:02:11","slug":"kornyezetvedelem-a-tanorakon","status":"publish","type":"post","link":"http:\/\/archiv.szolnoktv.hu\/?p=8829","title":{"rendered":"K\u00f6rnyezetv\u00e9delem a tan\u00f3r\u00e1kon"},"content":{"rendered":"<div class='booster-block booster-read-block'><\/div><p>Rendhagy\u00f3 tan\u00f3r\u00e1n vettek r\u00e9szt a P\u00e1lfy-V\u00edz\u00fcgyi di\u00e1kjai a T\u00f3szegi \u00fati tanm\u0171helyben. Id\u00e9n m\u00e1sodik alkalommal megrendezett Fenntarthat\u00f3s\u00e1gi T\u00e9mah\u00e9t kapcs\u00e1n a k\u00f6rnyezetv\u00e9delem fontoss\u00e1g\u00e1t ismerhett\u00e9k meg a fiatalok. <\/p>\n<p>-Az el\u0151ad\u00e1sokban igyeksz\u00fcnk fokozottan felh\u00edvni m\u00e9g ink\u00e1bb a figyelm\u00fcket a fenntarthat\u00f3s\u00e1gukra, hiszen az ember belesz\u00fcletik ugye egy, ide sz\u00fcletik a F\u00f6ld nev\u0171 bolyg\u00f3ra, \u00e9s az itt tal\u00e1lhat\u00f3 felt\u00e9telekkel gazd\u00e1lkodik, azt \u00e9p\u00edti, alak\u00edtja, \u00e9s ugye nagyon fontos, hogy a k\u00e9s\u0151bbiek sor\u00e1n az elk\u00f6vetkez\u0151 gener\u00e1ci\u00f3k sz\u00e1m\u00e1ra is haszn\u00e1lhat\u00f3 legyen az, amit \u0151 teremtett, illetve az amivel \u0151 gazd\u00e1lkodott.&#8221; &#8211; mondta Mudris Andr\u00e1s, a P\u00e1lfy-V\u00edz\u00fcgyi Szakgimn\u00e1zium gyakorlati oktat\u00e1svezet\u0151-helyettese<\/p>\n<p>A h\u00e9ten minden nap k\u00f6rnyezetv\u00e9delmei programok v\u00e1rj\u00e1k a tanul\u00f3kat. A kezdem\u00e9nyez\u00e9shez a ebben az \u00e9vben a Tiszamenti Region\u00e1lis V\u00edzm\u0171 Zrt. is csatlakozott. Ma \u0151k tartottak el\u0151ad\u00e1st \u00e9s workshopot, ahol a k\u00f6rnyezetv\u00e9delmi csoport feladatair\u00f3l, a szennyv\u00edzh\u00e1l\u00f3zatr\u00f3l, \u00e9s a v\u00edztiszt\u00edt\u00e1sr\u00f3l besz\u00e9ltek a di\u00e1koknak, ezzel is felh\u00edvva a figyelmet a v\u00edz n\u00e9lk\u00fcl\u00f6zhetetlen szerep\u00e9re.<\/p>\n<p>-H\u00e1t nagyon fontos a k\u00f6rnyezetv\u00e9delem, abb\u00f3l a szempontb\u00f3l, hogy a F\u00f6ldet \u00f3vni kell, v\u00edz\u00fcgyi szempontb\u00f3l is kev\u00e9s van \u00edgy vil\u00e1gviszonylatban. V\u00edz\u00fcgyi \u00e1gazaton tanulok, az\u00e9rt is mert megtetszett a ny\u00edlt napon \u00e9s fontosnak tartom a v\u00edz v\u00e9delm\u00e9t.&#8221; &#8211; felelte Boda Bence, tanul\u00f3.<\/p>\n<p>A szeml\u00e9letv\u00e1lt\u00e1sra a gyerekek a legfog\u00e9konyabbak, ez\u00e9rt min\u00e9l kisebb korban fel kel h\u00edvni a figyelm\u00fcket a k\u00f6rnyezet\u00fckre, annak megbecs\u00fcl\u00e9s\u00e9re.  A di\u00e1kok a h\u00e9ten elsaj\u00e1t\u00edtottakat, a k\u00e9s\u0151bbi tanulm\u00e1nyaik sor\u00e1n, illetve a mindennapi \u00e9letben tudj\u00e1k hasznos\u00edtani.<br \/>\n<br \/>\n<div style=\"width: 640px;\" class=\"wp-video\"><!--[if lt IE 9]><script>document.createElement('video');<\/script><![endif]-->\n<video class=\"wp-video-shortcode\" id=\"video-8829-1\" width=\"640\" height=\"360\" preload=\"metadata\" controls=\"controls\"><source type=\"video\/mp4\" src=\"\/spots\/hir\/hir_180423_03.mp4?_=1\" \/><a href=\"\/spots\/hir\/hir_180423_03.mp4\">\/spots\/hir\/hir_180423_03.mp4<\/a><\/video><\/div><\/p>\n","protected":false},"excerpt":{"rendered":"<p>Rendhagy\u00f3 tan\u00f3r\u00e1n vettek r\u00e9szt a P\u00e1lfy-V\u00edz\u00fcgyi di\u00e1kjai a T\u00f3szegi \u00fati tanm\u0171helyben. Id\u00e9n m\u00e1sodik alkalommal megrendezett Fenntarthat\u00f3s\u00e1gi T\u00e9mah\u00e9t kapcs\u00e1n a k\u00f6rnyezetv\u00e9delem fontoss\u00e1g\u00e1t ismerhett\u00e9k meg a fiatalok. -Az el\u0151ad\u00e1sokban igyeksz\u00fcnk fokozottan felh\u00edvni m\u00e9g ink\u00e1bb a figyelm\u00fcket a fenntarthat\u00f3s\u00e1gukra, hiszen az ember belesz\u00fcletik ugye egy, ide sz\u00fcletik a F\u00f6ld nev\u0171 bolyg\u00f3ra, \u00e9s az itt tal\u00e1lhat\u00f3 felt\u00e9telekkel gazd\u00e1lkodik, azt [&hellip;]<\/p>\n","protected":false},"author":2,"featured_media":0,"comment_status":"closed","ping_status":"closed","sticky":false,"template":"","format":"standard","meta":[],"categories":[9],"tags":[],"_links":{"self":[{"href":"http:\/\/archiv.szolnoktv.hu\/index.php?rest_route=\/wp\/v2\/posts\/8829"}],"collection":[{"href":"http:\/\/archiv.szolnoktv.hu\/index.php?rest_route=\/wp\/v2\/posts"}],"about":[{"href":"http:\/\/archiv.szolnoktv.hu\/index.php?rest_route=\/wp\/v2\/types\/post"}],"author":[{"embeddable":true,"href":"http:\/\/archiv.szolnoktv.hu\/index.php?rest_route=\/wp\/v2\/users\/2"}],"replies":[{"embeddable":true,"href":"http:\/\/archiv.szolnoktv.hu\/index.php?rest_route=%2Fwp%2Fv2%2Fcomments&post=8829"}],"version-history":[{"count":1,"href":"http:\/\/archiv.szolnoktv.hu\/index.php?rest_route=\/wp\/v2\/posts\/8829\/revisions"}],"predecessor-version":[{"id":8965,"href":"http:\/\/archiv.szolnoktv.hu\/index.php?rest_route=\/wp\/v2\/posts\/8829\/revisions\/8965"}],"wp:attachment":[{"href":"http:\/\/archiv.szolnoktv.hu\/index.php?rest_route=%2Fwp%2Fv2%2Fmedia&parent=8829"}],"wp:term":[{"taxonomy":"category","embeddable":true,"href":"http:\/\/archiv.szolnoktv.hu\/index.php?rest_route=%2Fwp%2Fv2%2Fcategories&post=8829"},{"taxonomy":"post_tag","embeddable":true,"href":"http:\/\/archiv.szolnoktv.hu\/index.php?rest_route=%2Fwp%2Fv2%2Ftags&post=8829"}],"curies":[{"name":"wp","href":"https:\/\/api.w.org\/{rel}","templated":true}]}}