{"id":8828,"date":"2018-04-23T13:39:58","date_gmt":"2018-04-23T13:39:58","guid":{"rendered":"http:\/\/archiv.szolnoktv.hu\/?p=8828"},"modified":"2021-08-14T14:02:12","modified_gmt":"2021-08-14T14:02:12","slug":"kez-a-mancsert","status":"publish","type":"post","link":"http:\/\/archiv.szolnoktv.hu\/?p=8828","title":{"rendered":"K\u00e9z a mancs\u00e9rt<br>"},"content":{"rendered":"<div class='booster-block booster-read-block'><\/div><p>\u00c1gic\u00e1t \u00e9s testv\u00e9reit egy \u00e1rokban tal\u00e1lt\u00e1k J\u00e1szlad\u00e1nyon. 2 testv\u00e9re m\u00e1r csal\u00e1dban \u00e9l Szolnokon, neki pedig ideiglenes gazdija van. Az egyik \u00e9rdekl\u0151d\u0151: Nagy M\u00f3nika az alap\u00edtv\u00e1ny Facebook oldal\u00e1n olvasta, hogy ism\u00e9t \u00f6r\u00f6kbefogad\u00f3 napot szerveznek.<\/p>\n<p>-K\u00f6zepes vagy kis m\u00e9ret\u0171 kuty\u00e1t szeretn\u00e9nk. Nem saj\u00e1t r\u00e9szre lesz, hanem aj\u00e1nd\u00e9kba. Any\u00f3som\u00e9knak vissz\u00fck, mert sajnos a t\u00e9len elpusztult az \u00f6reg kutyusuk \u00e9s szeretn\u00e9nek helyette egy m\u00e1sikat.&#8221;<\/p>\n<p>M\u00f3nik\u00e1\u00e9k a 3 h\u00f3napos Churchillt vitt\u00e9k haza. A kis ebet n\u00e9h\u00e1ny h\u00e9ttel ezel\u0151tt egy rend\u0151r tal\u00e1lta, 22 fokos testh\u0151vel, legyeng\u00fclve. Az alap\u00edtv\u00e1ny \u00e1ltal ny\u00fajtott szakszer\u0171 ell\u00e1t\u00e1s \u00e9s befogad\u00f3 gazdija gondoskod\u00e1sa, szeretete \u00e1ltal Churchill egyre er\u0151sebb \u00e9s eg\u00e9szs\u00e9gesebb. Az alap\u00edtv\u00e1ny nem menhelyk\u00e9nt m\u0171k\u00f6dik, hanem a hozz\u00e1juk \u00e9rkez\u0151 kutyusoknak ideiglenes befogad\u00f3 csal\u00e1dokat keresnek. Tamasi Csilla m\u00e1r 5 \u00e9ve \u00e9l-ahogy \u0151 fogalmazott- ennek az -\u00e9let\u00e9rz\u00e9snek&#8221;.<\/p>\n<div style=\"width: 640px;\" class=\"wp-video\"><!--[if lt IE 9]><script>document.createElement('video');<\/script><![endif]-->\n<video class=\"wp-video-shortcode\" id=\"video-8828-1\" width=\"640\" height=\"360\" preload=\"metadata\" controls=\"controls\"><source type=\"video\/mp4\" src=\"\/spots\/hir\/hir_180423_02.mp4?_=1\" \/><a href=\"\/spots\/hir\/hir_180423_02.mp4\">\/spots\/hir\/hir_180423_02.mp4<\/a><\/video><\/div>\n","protected":false},"excerpt":{"rendered":"<p>\u00c1gic\u00e1t \u00e9s testv\u00e9reit egy \u00e1rokban tal\u00e1lt\u00e1k J\u00e1szlad\u00e1nyon. 2 testv\u00e9re m\u00e1r csal\u00e1dban \u00e9l Szolnokon, neki pedig ideiglenes gazdija van. Az egyik \u00e9rdekl\u0151d\u0151: Nagy M\u00f3nika az alap\u00edtv\u00e1ny Facebook oldal\u00e1n olvasta, hogy ism\u00e9t \u00f6r\u00f6kbefogad\u00f3 napot szerveznek. -K\u00f6zepes vagy kis m\u00e9ret\u0171 kuty\u00e1t szeretn\u00e9nk. Nem saj\u00e1t r\u00e9szre lesz, hanem aj\u00e1nd\u00e9kba. Any\u00f3som\u00e9knak vissz\u00fck, mert sajnos a t\u00e9len elpusztult az \u00f6reg kutyusuk [&hellip;]<\/p>\n","protected":false},"author":2,"featured_media":0,"comment_status":"closed","ping_status":"closed","sticky":false,"template":"","format":"standard","meta":[],"categories":[9],"tags":[],"_links":{"self":[{"href":"http:\/\/archiv.szolnoktv.hu\/index.php?rest_route=\/wp\/v2\/posts\/8828"}],"collection":[{"href":"http:\/\/archiv.szolnoktv.hu\/index.php?rest_route=\/wp\/v2\/posts"}],"about":[{"href":"http:\/\/archiv.szolnoktv.hu\/index.php?rest_route=\/wp\/v2\/types\/post"}],"author":[{"embeddable":true,"href":"http:\/\/archiv.szolnoktv.hu\/index.php?rest_route=\/wp\/v2\/users\/2"}],"replies":[{"embeddable":true,"href":"http:\/\/archiv.szolnoktv.hu\/index.php?rest_route=%2Fwp%2Fv2%2Fcomments&post=8828"}],"version-history":[{"count":1,"href":"http:\/\/archiv.szolnoktv.hu\/index.php?rest_route=\/wp\/v2\/posts\/8828\/revisions"}],"predecessor-version":[{"id":8966,"href":"http:\/\/archiv.szolnoktv.hu\/index.php?rest_route=\/wp\/v2\/posts\/8828\/revisions\/8966"}],"wp:attachment":[{"href":"http:\/\/archiv.szolnoktv.hu\/index.php?rest_route=%2Fwp%2Fv2%2Fmedia&parent=8828"}],"wp:term":[{"taxonomy":"category","embeddable":true,"href":"http:\/\/archiv.szolnoktv.hu\/index.php?rest_route=%2Fwp%2Fv2%2Fcategories&post=8828"},{"taxonomy":"post_tag","embeddable":true,"href":"http:\/\/archiv.szolnoktv.hu\/index.php?rest_route=%2Fwp%2Fv2%2Ftags&post=8828"}],"curies":[{"name":"wp","href":"https:\/\/api.w.org\/{rel}","templated":true}]}}