{"id":8827,"date":"2018-04-23T13:37:48","date_gmt":"2018-04-23T13:37:48","guid":{"rendered":"http:\/\/archiv.szolnoktv.hu\/?p=8827"},"modified":"2021-08-14T14:02:12","modified_gmt":"2021-08-14T14:02:12","slug":"szunyoggyerites-4","status":"publish","type":"post","link":"http:\/\/archiv.szolnoktv.hu\/?p=8827","title":{"rendered":"Sz\u00fanyoggy\u00e9r\u00edt\u00e9s"},"content":{"rendered":"<div class='booster-block booster-read-block'><\/div><p>Reggel f\u00e9l 8-kor sz\u00e1llt fel a szandai r\u00e9tr\u0151l az a rep\u00fcl\u0151, amely t\u00f6bb sz\u00e1z liter sz\u00fanyogl\u00e1rva-irt\u00f3 szert permetez sz\u00e9t a v\u00e1ros vizes ter\u00fcletei felett. A hirtelen meleged\u00e9s el\u0151seg\u00edtette a sz\u00fanyogl\u00e1rv\u00e1k korai \u00e9led\u00e9s\u00e9t.<\/p>\n<p>-Most a Tisz\u00e1n levonul egy \u00e1rhull\u00e1m \u00e9s nagyon kedvez\u0151 felt\u00e9telek alakultak ki a sz\u00fanyogl\u00e1rv\u00e1k fejl\u0151d\u00e9se szempontj\u00e1b\u00f3l, mivel a napi k\u00f6z\u00e9ph\u0151m\u00e9rs\u00e9kletek b\u0151ven meghaladj\u00e1k a 20 Celsius fokot, ami a sz\u00fanyogl\u00e1rv\u00e1k fejl\u0151d\u00e9s\u00e9nek kedvez. Most evvel a biol\u00f3giai beavatkoz\u00e1ssal, ami k\u00f6r\u00fclbel\u00fcl egy 700 hekt\u00e1rt fog jelenteni Szolnok t\u00e9rs\u00e9g\u00e9be, megpr\u00f3b\u00e1ljuk ezt a l\u00e1rvasz\u00e1mot minimaliz\u00e1lni.&#8221;-nyilatkozta D\u00e9nes G\u00e1bor, a Polg\u00e1rmesteri Hivatal vezet\u0151 f\u0151tan\u00e1csosa.<\/p>\n<p>Ehhez a Vectobac 12 AS sz\u00fanyogl\u00e1rva-irt\u00f3 szert haszn\u00e1lj\u00e1k. A szak\u00e9rt\u0151k \u00e1prilis elsej\u00e9t\u0151l heti gyakoris\u00e1ggal v\u00e9geznek cs\u00edp\u00e9ssz\u00e1m m\u00e9r\u00e9seket. \u00cdgy folyamatosan nyomon k\u00f6veti a l\u00e1rvast\u00e1diumok \u00e1llapot\u00e1t.<\/p>\n<p>-A biol\u00f3giai gy\u00e9r\u00edt\u00e9s azt jelenti, hogy k\u00f6zvetlen\u00fcl a v\u00edzbe juttattunk ki egy csak a cs\u00edp\u0151s sz\u00fanyogl\u00e1rv\u00e1kra hat\u00f3 irt\u00f3szert, amit a sz\u00fanyogl\u00e1rv\u00e1k elfogyasztva a pusztul\u00e1sukat eredm\u00e9nyezi. Ez m\u00e1s v\u00edzi szervezetekre vesz\u00e9lytelen.&#8221; -mondta Bety\u00f3 J\u00e1nos, sz\u00fanyoggy\u00e9r\u00edt\u00e9si szak\u00e9rt\u0151.<\/p>\n<p>3750 hekt\u00e1ron l\u00e9gi k\u00e9miai, 400 hekt\u00e1ron f\u00f6ldi k\u00e9miai, valamint 900 hekt\u00e1ron l\u00e9gi biol\u00f3giai irt\u00e1st v\u00e9geznek  &#8211;   az id\u0151j\u00e1r\u00e1st\u00f3l f\u00fcgg\u0151en. Az \u00f6nkorm\u00e1nyzat 60 milli\u00f3 forintot biztos\u00edt a sz\u00fanyoggy\u00e9r\u00edt\u00e9s \u00e9s az ehhez kapcsol\u00f3d\u00f3 szak\u00e9rt\u0151i tev\u00e9kenys\u00e9g elv\u00e9gz\u00e9s\u00e9re.<\/p>\n<div style=\"width: 640px;\" class=\"wp-video\"><!--[if lt IE 9]><script>document.createElement('video');<\/script><![endif]-->\n<video class=\"wp-video-shortcode\" id=\"video-8827-1\" width=\"640\" height=\"360\" preload=\"metadata\" controls=\"controls\"><source type=\"video\/mp4\" src=\"\/spots\/hir\/hir_180423_01.mp4?_=1\" \/><a href=\"\/spots\/hir\/hir_180423_01.mp4\">\/spots\/hir\/hir_180423_01.mp4<\/a><\/video><\/div>\n","protected":false},"excerpt":{"rendered":"<p>Reggel f\u00e9l 8-kor sz\u00e1llt fel a szandai r\u00e9tr\u0151l az a rep\u00fcl\u0151, amely t\u00f6bb sz\u00e1z liter sz\u00fanyogl\u00e1rva-irt\u00f3 szert permetez sz\u00e9t a v\u00e1ros vizes ter\u00fcletei felett. A hirtelen meleged\u00e9s el\u0151seg\u00edtette a sz\u00fanyogl\u00e1rv\u00e1k korai \u00e9led\u00e9s\u00e9t. -Most a Tisz\u00e1n levonul egy \u00e1rhull\u00e1m \u00e9s nagyon kedvez\u0151 felt\u00e9telek alakultak ki a sz\u00fanyogl\u00e1rv\u00e1k fejl\u0151d\u00e9se szempontj\u00e1b\u00f3l, mivel a napi k\u00f6z\u00e9ph\u0151m\u00e9rs\u00e9kletek b\u0151ven meghaladj\u00e1k a [&hellip;]<\/p>\n","protected":false},"author":2,"featured_media":0,"comment_status":"closed","ping_status":"closed","sticky":false,"template":"","format":"standard","meta":[],"categories":[9],"tags":[],"_links":{"self":[{"href":"http:\/\/archiv.szolnoktv.hu\/index.php?rest_route=\/wp\/v2\/posts\/8827"}],"collection":[{"href":"http:\/\/archiv.szolnoktv.hu\/index.php?rest_route=\/wp\/v2\/posts"}],"about":[{"href":"http:\/\/archiv.szolnoktv.hu\/index.php?rest_route=\/wp\/v2\/types\/post"}],"author":[{"embeddable":true,"href":"http:\/\/archiv.szolnoktv.hu\/index.php?rest_route=\/wp\/v2\/users\/2"}],"replies":[{"embeddable":true,"href":"http:\/\/archiv.szolnoktv.hu\/index.php?rest_route=%2Fwp%2Fv2%2Fcomments&post=8827"}],"version-history":[{"count":1,"href":"http:\/\/archiv.szolnoktv.hu\/index.php?rest_route=\/wp\/v2\/posts\/8827\/revisions"}],"predecessor-version":[{"id":8967,"href":"http:\/\/archiv.szolnoktv.hu\/index.php?rest_route=\/wp\/v2\/posts\/8827\/revisions\/8967"}],"wp:attachment":[{"href":"http:\/\/archiv.szolnoktv.hu\/index.php?rest_route=%2Fwp%2Fv2%2Fmedia&parent=8827"}],"wp:term":[{"taxonomy":"category","embeddable":true,"href":"http:\/\/archiv.szolnoktv.hu\/index.php?rest_route=%2Fwp%2Fv2%2Fcategories&post=8827"},{"taxonomy":"post_tag","embeddable":true,"href":"http:\/\/archiv.szolnoktv.hu\/index.php?rest_route=%2Fwp%2Fv2%2Ftags&post=8827"}],"curies":[{"name":"wp","href":"https:\/\/api.w.org\/{rel}","templated":true}]}}