{"id":8826,"date":"2018-04-20T16:46:58","date_gmt":"2018-04-20T16:46:58","guid":{"rendered":"http:\/\/archiv.szolnoktv.hu\/?p=8826"},"modified":"2021-08-14T14:02:12","modified_gmt":"2021-08-14T14:02:12","slug":"kardiologiai-konferencia-szolnokon","status":"publish","type":"post","link":"http:\/\/archiv.szolnoktv.hu\/?p=8826","title":{"rendered":"Kardiol\u00f3giai konferencia Szolnokon"},"content":{"rendered":"<div class='booster-block booster-read-block'><\/div><p>Debrecenb\u0151l, P\u00e9csr\u0151l Budapestr\u0151l, Szegedr\u0151l \u00e9rkeztek  el\u0151ad\u00f3k a 19 alkalommal megrendezett kardiol\u00f3giai konferenci\u00e1ra. Az esem\u00e9nyt a   Szolnok Sz\u00edv\u00fcgy\u00fcnk Alap\u00edtv\u00e1ny h\u00edvta \u00e9letre.   A 3 naposra b\u0151v\u00fclt kongresszus els\u0151 napj\u00e1ra a szakdolgoz\u00f3kat v\u00e1rt\u00e1k. P\u00e9nteken \u00e9s szombaton pedig az orvosok tan\u00e1cskoznak. <\/p>\n<p>Dr. Herczeg B\u00e9la , kardiol\u00f3gus f\u0151orvos,  eln\u00f6k Szolnok Sz\u00edv\u00fcgy\u00fcnk Alap\u00edtv\u00e1ny:<\/p>\n<p>-&#8220;A szakmai t\u00e9m\u00e1k k\u00f6z\u00fcl a sz\u00edvel\u00e9gtelens\u00e9g, a v\u00e9ralvad\u00e1sg\u00e1tl\u00f3 kezel\u00e9s \u00e9s egy pitvar fibrill\u00e1ci\u00f3nak nevezett ritmuszavar jelenti a f\u0151 szakmai t\u00e9m\u00e1t. &#8211;<\/p>\n<p>A mindennapos ell\u00e1t\u00e1sban  itt Szolnokon is ezeket a probl\u00e9m\u00e1kat kell megoldaniuk leggyakrabban a kardiol\u00f3gusoknak. Sok hat\u00e9kony, \u00faj gy\u00f3gyszer jelent meg , de sz\u00e1mos eszk\u00f6z\u00f6s elj\u00e1r\u00e1s is rendelkez\u00e9sre \u00e1ll m\u00e1r. <\/p>\n<p> Dr. Kiss R\u00f3bert K\u00e1roly kardiol\u00f3gus f\u0151orvos: <\/p>\n<p>-&#8220;A sz\u00edvgy\u00f3gy\u00e1sz renesz\u00e1nsz\u00e1t \u00e9li . Rengeteg ember \u00e9let\u00e9t tudjuk megmenteni, visszaadni ak\u00e1r sz\u00edv\u00e1t\u00fcltet\u00e9ssel,  m\u0171sz\u00edvvel \u00e9s mindenf\u00e9le egy\u00e9b technikai eszk\u00f6zzel. Ez t\u00e9nyleg egy holdutaz\u00e1s. Az eg\u00e9sz n\u00e9pess\u00e9g sz\u00e1m\u00e1ra t\u00f6bb \u00e9let\u00e9vet jelent. Teh\u00e1t \u00fcgyesek vagyunk. \u00dcgyesebbek, mint  amennyire az eg\u00e9sz sz\u00edvgy\u00f3gy\u00e1szati k\u00e9rd\u00e9st az emberek felfogj\u00e1k. &#8211;<\/p>\n<p> Az esetek 80 %-a ugyanis megel\u0151zhet\u0151 lenne- megfelel\u0151 \u00e9letm\u00f3ddal. A doh\u00e1nyz\u00e1s, a nagy hask\u00f6rfogat, a stressz, a mozg\u00e1sszeg\u00e9ny \u00e9letm\u00f3d , az elh\u00edz\u00e1s oda vezet, hogy ma a magyarok fele kering\u00e9sei el\u00e9gtelens\u00e9gben hal meg. <\/p>\n<p>A mindennapok r\u00e9sze kellene , hogy legyen az otthoni v\u00e9rnyom\u00e1sm\u00e9r\u00e9s \u00e9s a pulzus szab\u00e1lyoss\u00e1g\u00e1nak, ritmusoss\u00e1g\u00e1nak ellen\u0151rz\u00e9se-hangs\u00falyozt\u00e1k a sz\u00edvgy\u00f3gy\u00e1szok.<\/p>\n<p> A   Magyar Kardiol\u00f3gusok T\u00e1rsas\u00e1g\u00e1nak eln\u00f6ke k\u00f6sz\u00f6nt\u0151j\u00e9ben kiemelte a szolnoki konferencia szerep\u00e9t. Besz\u00e9lt a gy\u00f3gy\u00edt\u00e1s fejl\u0151d\u00e9sr\u0151l, valamint a betegek egy\u00fcttm\u0171k\u00f6d\u00e9s\u00e9nek sz\u00fcks\u00e9gess\u00e9g\u00e9r\u0151l. A megyei korm\u00e1nymegb\u00edzott pedig  a megy\u00e9ben telep\u00edtett defibrill\u00e1torok hasznoss\u00e1g\u00e1t emelet ki.  <\/p>\n<p> Dr. K\u00e1llai M\u00e1ria megyei korm\u00e1nymegb\u00edzott: <\/p>\n<p>-&#8220;81 db defibrill\u00e1tor van, ebb\u0151l 29 van Szolnokon, a t\u00f6bbi a megye k\u00fcl\u00f6nb\u00f6z\u0151 ter\u00fcletein. K\u00f6zint\u00e9zm\u00e9nyekben, oktat\u00e1si centrumokban, sport l\u00e9tes\u00edtm\u00e9nyekben. Nagyon fontos az, hogy sz\u00e1mos olyan k\u00e9pz\u00e9s t\u00f6rt\u00e9nik, pedag\u00f3gusok \u00e9s di\u00e1kok , k\u00f6zszerepl\u0151 sz\u00e1m\u00e1ra. &#8211;<\/p>\n<p>Szolnokon minden k\u00f6z\u00e9piskol\u00e1s megtanulja az els\u0151seg\u00e9lyny\u00fajt\u00e1s \u00e9s az \u00fajra\u00e9leszt\u00e9s  alapjait. <\/p>\n<p>Elhangzott az is,  hogy az infarktus  miatti hal\u00e1loz\u00e1si sz\u00e1mot  harmad\u00e1ra siker\u00fclt cs\u00f6kkenteni. Az elm\u00falt 10 \u00e9vben pedig 100 milli\u00f3 forintos m\u0171szerpark  fejleszt\u00e9s zajlott a  szolnoki kardiol\u00f3gi\u00e1n .<br \/>\n<br \/>\n<div style=\"width: 640px;\" class=\"wp-video\"><!--[if lt IE 9]><script>document.createElement('video');<\/script><![endif]-->\n<video class=\"wp-video-shortcode\" id=\"video-8826-1\" width=\"640\" height=\"360\" preload=\"metadata\" controls=\"controls\"><source type=\"video\/mp4\" src=\"\/spots\/hir\/hir_180420_06.mp4?_=1\" \/><a href=\"\/spots\/hir\/hir_180420_06.mp4\">\/spots\/hir\/hir_180420_06.mp4<\/a><\/video><\/div><\/p>\n","protected":false},"excerpt":{"rendered":"<p>Debrecenb\u0151l, P\u00e9csr\u0151l Budapestr\u0151l, Szegedr\u0151l \u00e9rkeztek el\u0151ad\u00f3k a 19 alkalommal megrendezett kardiol\u00f3giai konferenci\u00e1ra. Az esem\u00e9nyt a Szolnok Sz\u00edv\u00fcgy\u00fcnk Alap\u00edtv\u00e1ny h\u00edvta \u00e9letre. A 3 naposra b\u0151v\u00fclt kongresszus els\u0151 napj\u00e1ra a szakdolgoz\u00f3kat v\u00e1rt\u00e1k. P\u00e9nteken \u00e9s szombaton pedig az orvosok tan\u00e1cskoznak. Dr. Herczeg B\u00e9la , kardiol\u00f3gus f\u0151orvos, eln\u00f6k Szolnok Sz\u00edv\u00fcgy\u00fcnk Alap\u00edtv\u00e1ny: -&#8220;A szakmai t\u00e9m\u00e1k k\u00f6z\u00fcl a sz\u00edvel\u00e9gtelens\u00e9g, a v\u00e9ralvad\u00e1sg\u00e1tl\u00f3 [&hellip;]<\/p>\n","protected":false},"author":2,"featured_media":0,"comment_status":"closed","ping_status":"closed","sticky":false,"template":"","format":"standard","meta":[],"categories":[9],"tags":[],"_links":{"self":[{"href":"http:\/\/archiv.szolnoktv.hu\/index.php?rest_route=\/wp\/v2\/posts\/8826"}],"collection":[{"href":"http:\/\/archiv.szolnoktv.hu\/index.php?rest_route=\/wp\/v2\/posts"}],"about":[{"href":"http:\/\/archiv.szolnoktv.hu\/index.php?rest_route=\/wp\/v2\/types\/post"}],"author":[{"embeddable":true,"href":"http:\/\/archiv.szolnoktv.hu\/index.php?rest_route=\/wp\/v2\/users\/2"}],"replies":[{"embeddable":true,"href":"http:\/\/archiv.szolnoktv.hu\/index.php?rest_route=%2Fwp%2Fv2%2Fcomments&post=8826"}],"version-history":[{"count":1,"href":"http:\/\/archiv.szolnoktv.hu\/index.php?rest_route=\/wp\/v2\/posts\/8826\/revisions"}],"predecessor-version":[{"id":8968,"href":"http:\/\/archiv.szolnoktv.hu\/index.php?rest_route=\/wp\/v2\/posts\/8826\/revisions\/8968"}],"wp:attachment":[{"href":"http:\/\/archiv.szolnoktv.hu\/index.php?rest_route=%2Fwp%2Fv2%2Fmedia&parent=8826"}],"wp:term":[{"taxonomy":"category","embeddable":true,"href":"http:\/\/archiv.szolnoktv.hu\/index.php?rest_route=%2Fwp%2Fv2%2Fcategories&post=8826"},{"taxonomy":"post_tag","embeddable":true,"href":"http:\/\/archiv.szolnoktv.hu\/index.php?rest_route=%2Fwp%2Fv2%2Ftags&post=8826"}],"curies":[{"name":"wp","href":"https:\/\/api.w.org\/{rel}","templated":true}]}}