{"id":8824,"date":"2018-04-20T16:35:13","date_gmt":"2018-04-20T16:35:13","guid":{"rendered":"http:\/\/archiv.szolnoktv.hu\/?p=8824"},"modified":"2021-08-14T14:02:12","modified_gmt":"2021-08-14T14:02:12","slug":"aram-nelkul-maradtak-az-ugar-tanyan-elok","status":"publish","type":"post","link":"http:\/\/archiv.szolnoktv.hu\/?p=8824","title":{"rendered":"\u00c1ram n\u00e9lk\u00fcl maradtak az Ugar tany\u00e1n \u00e9l\u0151k"},"content":{"rendered":"<div class='booster-block booster-read-block'><\/div><p>Az Abonyi \u00fat melletti Ugar tany\u00e1n gazd\u00e1lkod\u00f3knak nem el\u0151sz\u00f6r gy\u0171lt meg a bajuk a l\u00e9gvezet\u00e9kkel. Az egyik vezet\u00e9kszakaszon csup\u00e1n a fesz\u00edt\u0151 dr\u00f3tk\u00f6t\u00e9l adta meg mag\u00e1t, \u00e1m nem sokkal t\u00e1volabb az \u00e1ramk\u00e1bel is elszakadt. Egy mez\u0151gazdas\u00e1gi munkag\u00e9p okozta a bajt. Az ily m\u00f3don \u00e1ram n\u00e9lk\u00fcl maradt ingatlanok a szomsz\u00e9dos v\u00e1llalkoz\u00e1s udvar\u00e1r\u00f3l kapj\u00e1k az \u00e1ramot, \u00e1m az e.on- nak fizetik a sz\u00e1ml\u00e1t. Ez\u00e9rt volt k\u00e9zenfekv\u0151, hogy a c\u00e9get h\u00edvj\u00e1k. <\/p>\n<p>&#8220;Ide j\u00f6ttek, kezet fogtak, elmentek. Mondom h\u00e1t hova mennek? Azt mondj\u00e1k, hogy \u0151nekik ehhez a vezet\u00e9khez semmi k\u00f6z\u00fck, a t\u00e9esznek hi\u00e1ba sz\u00f3lunk. A t\u00e9esz azt mondja, hogy h\u00e1t neki nincs embere r\u00e1, nincs g\u00e9pe. Be akartuk tenni a kar\u00f3t itt a bej\u00e1ratn\u00e1l, hogy nem tudunk bemenni.. egyszer\u0171en mindenki eln\u00e9z a fej\u00fcnk felett \u00e9s senkit nem \u00e9rdekel. Annyiba sem n\u00e9znek benn\u00fcnket mint ami ott van megk\u00f6tve a kiskutya.&#8221;- mondja Vince Gyula az egyik \u00e9rintett tanya tulajdonosa.<\/p>\n<p>Kedden megkerest\u00fck a probl\u00e9m\u00e1val a szolg\u00e1ltat\u00f3t. Az e-on- n\u00e1l ut\u00e1nan\u00e9ztek az esetnek \u00e9s cs\u00fct\u00f6rt\u00f6k\u00f6n ism\u00e9t kivonultak a helysz\u00ednre, b\u00e1r- mint meger\u0151s\u00edtett\u00e9k- az eml\u00edtett vezet\u00e9kszakasz az  szomsz\u00e9dos B\u00e9ke Mez\u0151gazdas\u00e1gi Sz\u00f6vetkezethez tartozik, ez\u00e9rt \u0151k felel\u0151sek a karbantart\u00e1s\u00e9rt is.<\/p>\n<p> &#8220;Meg\u00e9rtj\u00fck az ott \u00e9l\u0151k neh\u00e9z helyzet\u00e9t ez\u00e9rt \u00e1tmeneti megold\u00e1sk\u00e9nt szerel\u0151ink ezt a leszakadt vezet\u00e9ket megjav\u00edtott\u00e1k. De a helyzetet hossz\u00fa t\u00e1vra kellene rendezni. T\u00f6bbsz\u00f6r felmer\u00fclt m\u00e1r, hogy az e-on \u00e9p\u00edt egy megb\u00edzhat\u00f3an \u00fczemel\u0151 saj\u00e1t h\u00e1l\u00f3zatot erre a ter\u00fcletre, de a f\u00f6ldter\u00fcletek mag\u00e1ntulajdonosainak hozz\u00e1j\u00e1rul\u00e1s\u00e1nak hi\u00e1ny\u00e1ban ezek mindig a tervez\u00e9s f\u00e1zis\u00e1ban elakadtak.&#8221;- mondta el telefonban Varga Ivett Varga Ivett az E.ON sajt\u00f3referense.<\/p>\n<p>A h\u00e1l\u00f3zat ki\u00e9p\u00edt\u00e9s\u00e9nek k\u00f6lts\u00e9g\u00e9t a szolg\u00e1ltat\u00f3 \u00e1llja, az esetleges plusz kiad\u00e1s csup\u00e1n a port\u00e1n l\u00e9v\u0151 m\u00e9r\u0151hely \u00e1llapot\u00e1b\u00f3l ad\u00f3dhat. Ez viszont eleny\u00e9sz\u0151- p\u00e1r ezer, vagy t\u00edzezer forintot jelentene csak- tudtuk meg az Eon illet\u00e9kes\u00e9t\u0151l.<br \/>\n<br \/>\n<div style=\"width: 640px;\" class=\"wp-video\"><!--[if lt IE 9]><script>document.createElement('video');<\/script><![endif]-->\n<video class=\"wp-video-shortcode\" id=\"video-8824-1\" width=\"640\" height=\"360\" preload=\"metadata\" controls=\"controls\"><source type=\"video\/mp4\" src=\"\/spots\/hir\/hir_180420_04.mp4?_=1\" \/><a href=\"\/spots\/hir\/hir_180420_04.mp4\">\/spots\/hir\/hir_180420_04.mp4<\/a><\/video><\/div><\/p>\n","protected":false},"excerpt":{"rendered":"<p>Az Abonyi \u00fat melletti Ugar tany\u00e1n gazd\u00e1lkod\u00f3knak nem el\u0151sz\u00f6r gy\u0171lt meg a bajuk a l\u00e9gvezet\u00e9kkel. Az egyik vezet\u00e9kszakaszon csup\u00e1n a fesz\u00edt\u0151 dr\u00f3tk\u00f6t\u00e9l adta meg mag\u00e1t, \u00e1m nem sokkal t\u00e1volabb az \u00e1ramk\u00e1bel is elszakadt. Egy mez\u0151gazdas\u00e1gi munkag\u00e9p okozta a bajt. Az ily m\u00f3don \u00e1ram n\u00e9lk\u00fcl maradt ingatlanok a szomsz\u00e9dos v\u00e1llalkoz\u00e1s udvar\u00e1r\u00f3l kapj\u00e1k az \u00e1ramot, \u00e1m az [&hellip;]<\/p>\n","protected":false},"author":2,"featured_media":0,"comment_status":"closed","ping_status":"closed","sticky":false,"template":"","format":"standard","meta":[],"categories":[9],"tags":[],"_links":{"self":[{"href":"http:\/\/archiv.szolnoktv.hu\/index.php?rest_route=\/wp\/v2\/posts\/8824"}],"collection":[{"href":"http:\/\/archiv.szolnoktv.hu\/index.php?rest_route=\/wp\/v2\/posts"}],"about":[{"href":"http:\/\/archiv.szolnoktv.hu\/index.php?rest_route=\/wp\/v2\/types\/post"}],"author":[{"embeddable":true,"href":"http:\/\/archiv.szolnoktv.hu\/index.php?rest_route=\/wp\/v2\/users\/2"}],"replies":[{"embeddable":true,"href":"http:\/\/archiv.szolnoktv.hu\/index.php?rest_route=%2Fwp%2Fv2%2Fcomments&post=8824"}],"version-history":[{"count":1,"href":"http:\/\/archiv.szolnoktv.hu\/index.php?rest_route=\/wp\/v2\/posts\/8824\/revisions"}],"predecessor-version":[{"id":8970,"href":"http:\/\/archiv.szolnoktv.hu\/index.php?rest_route=\/wp\/v2\/posts\/8824\/revisions\/8970"}],"wp:attachment":[{"href":"http:\/\/archiv.szolnoktv.hu\/index.php?rest_route=%2Fwp%2Fv2%2Fmedia&parent=8824"}],"wp:term":[{"taxonomy":"category","embeddable":true,"href":"http:\/\/archiv.szolnoktv.hu\/index.php?rest_route=%2Fwp%2Fv2%2Fcategories&post=8824"},{"taxonomy":"post_tag","embeddable":true,"href":"http:\/\/archiv.szolnoktv.hu\/index.php?rest_route=%2Fwp%2Fv2%2Ftags&post=8824"}],"curies":[{"name":"wp","href":"https:\/\/api.w.org\/{rel}","templated":true}]}}