{"id":8823,"date":"2018-04-20T16:32:11","date_gmt":"2018-04-20T16:32:11","guid":{"rendered":"http:\/\/archiv.szolnoktv.hu\/?p=8823"},"modified":"2021-08-14T14:02:12","modified_gmt":"2021-08-14T14:02:12","slug":"bolcsodek-napja-a-varoshazan","status":"publish","type":"post","link":"http:\/\/archiv.szolnoktv.hu\/?p=8823","title":{"rendered":"B\u00f6lcs\u0151d\u00e9k napja a V\u00e1rosh\u00e1z\u00e1n"},"content":{"rendered":"<div class='booster-block booster-read-block'><\/div><p>Csaknem 500 gyermek napk\u00f6zbeni ell\u00e1t\u00e1s\u00e1\u00e9rt felel\u0151sek a megyesz\u00e9khely 7 b\u00f6lcs\u0151d\u00e9j\u00e9nek dolgoz\u00f3i. \u00d5k azok akik a leg\u00e9rz\u00e9kenyebb \u00e9letkorban gondozz\u00e1k a gyermekeket, tal\u00e1n \u00e9pp ez\u00e9rt rajtuk legnagyobb a felel\u0151ss\u00e9g. Munk\u00e1jukat sz\u00edvvel-l\u00e9lekkel \u00e9s nagy szakmais\u00e1ggal v\u00e9gzik &#8211;  mondta \u00fcnnepi besz\u00e9d\u00e9ben Szalay Ferenc polg\u00e1rmester:<\/p>\n<p>-Rengeteg munka van, az \u00f6n\u00f6k munk\u00e1ja ez\u00fcgyben, hogy a gyerekek a legmagasabb szintre ker\u00fclhessenek. Nagyon nagy k\u00f6sz\u00f6net \u00f6n\u00f6knek, \u00e9s a hasonl\u00f3 munk\u00e1t v\u00e9gz\u0151knek., hogy a v\u00e1ros fiatal gener\u00e1ci\u00f3ja a lehet\u0151 legjobb kezekben lehet \u00e9s van \u00e9s a legmagasabbra tud jutni. &#8211;<\/p>\n<p>A megyesz\u00e9khelyen hetedik alkalommal a legjobban teljes\u00edt\u0151 b\u00f6lcs\u0151dei dolgoz\u00f3k munk\u00e1j\u00e1t. A Szolnoki B\u00f6lcs\u0151d\u00e9k Szolg\u00e1lat\u00e1\u00e9rt Eml\u00e9k\u00e9rmet id\u00e9n is ketten vehett\u00e9k \u00e1t. <\/p>\n<p>M\u00e9sz\u00e1rosn\u00e9 Elter Gabriella 1978-ban szak\u00e1pol\u00f3k\u00e9nt kezdte a p\u00e1lyafut\u00e1s\u00e1t a szolnoki Het\u00e9nyi G\u00e9za K\u00f3rh\u00e1zban. 1984-ben a gyermekek v\u00e9gtelen szeretete vezette \u0151t a b\u00f6lcs\u0151dei ter\u00fcletre. A kisgyermeknevel\u00e9s ter\u00fclet\u00e9n v\u00e9gzett tev\u00e9kenys\u00e9ge sor\u00e1n \u00fagy a csoportbeli kisgyermeknevel\u0151i munk\u00e1ja, mint b\u00f6lcs\u0151devezet\u0151 helyettesi feladatai ell\u00e1t\u00e1s\u00e1ban magas fokon \u00e9rv\u00e9nyes\u00edtette szakmai tud\u00e1s\u00e1t. <br \/>Szab\u00f3n\u00e9 Boros Ilona 1988-ban kezdett dolgozni b\u00f6lcs\u0151dei ter\u00fcleten. Imm\u00e1r 30 \u00e9ve szolg\u00e1lja konyhal\u00e1ny munkak\u00f6rben a b\u00f6lcs\u0151d\u00e9skor\u00fa kisgyermekek szakszer\u0171 napk\u00f6zbeni ell\u00e1t\u00e1s\u00e1t. \u00c9vtizedek \u00f3ta meghat\u00e1roz\u00f3 szem\u00e9lyis\u00e9ge munkahelye k\u00f6z\u00f6ss\u00e9g\u00e9nek, mert feladatait mindv\u00e9gig a Simon Ferenc, kor\u00e1bbi nev\u00e9n a Gorkij \u00fati b\u00f6lcs\u0151de f\u0151z\u0151konyh\u00e1j\u00e1n l\u00e1tta el. \u00a0<\/p>\n<p>Az esem\u00e9nyen k\u00f6sz\u00f6nt\u00f6tt\u00e9k Koncz Imr\u00e9n\u00e9t, az Eg\u00e9szs\u00e9g\u00fcgyi \u00e9s B\u00f6lcs\u0151dei Igazgat\u00f3s\u00e1g J\u00f3sika \u00fati tagint\u00e9zm\u00e9ny\u00e9nek vezet\u0151j\u00e9t, , aki \u00e1prilis 23-\u00e1n Budapesten veheti \u00e1t  a b\u00f6lcs\u0151dei dolgoz\u00f3knak j\u00e1r\u00f3 legmagasabb elismer\u00e9st, az Ak\u00f3csi \u00c1gnes-d\u00edjat.<br \/>\n<br \/>\n<div style=\"width: 640px;\" class=\"wp-video\"><!--[if lt IE 9]><script>document.createElement('video');<\/script><![endif]-->\n<video class=\"wp-video-shortcode\" id=\"video-8823-1\" width=\"640\" height=\"360\" preload=\"metadata\" controls=\"controls\"><source type=\"video\/mp4\" src=\"\/spots\/hir\/hir_180420_03.mp4?_=1\" \/><a href=\"\/spots\/hir\/hir_180420_03.mp4\">\/spots\/hir\/hir_180420_03.mp4<\/a><\/video><\/div><\/p>\n","protected":false},"excerpt":{"rendered":"<p>Csaknem 500 gyermek napk\u00f6zbeni ell\u00e1t\u00e1s\u00e1\u00e9rt felel\u0151sek a megyesz\u00e9khely 7 b\u00f6lcs\u0151d\u00e9j\u00e9nek dolgoz\u00f3i. \u00d5k azok akik a leg\u00e9rz\u00e9kenyebb \u00e9letkorban gondozz\u00e1k a gyermekeket, tal\u00e1n \u00e9pp ez\u00e9rt rajtuk legnagyobb a felel\u0151ss\u00e9g. Munk\u00e1jukat sz\u00edvvel-l\u00e9lekkel \u00e9s nagy szakmais\u00e1ggal v\u00e9gzik &#8211; mondta \u00fcnnepi besz\u00e9d\u00e9ben Szalay Ferenc polg\u00e1rmester: -Rengeteg munka van, az \u00f6n\u00f6k munk\u00e1ja ez\u00fcgyben, hogy a gyerekek a legmagasabb szintre ker\u00fclhessenek. Nagyon [&hellip;]<\/p>\n","protected":false},"author":2,"featured_media":0,"comment_status":"closed","ping_status":"closed","sticky":false,"template":"","format":"standard","meta":[],"categories":[9],"tags":[],"_links":{"self":[{"href":"http:\/\/archiv.szolnoktv.hu\/index.php?rest_route=\/wp\/v2\/posts\/8823"}],"collection":[{"href":"http:\/\/archiv.szolnoktv.hu\/index.php?rest_route=\/wp\/v2\/posts"}],"about":[{"href":"http:\/\/archiv.szolnoktv.hu\/index.php?rest_route=\/wp\/v2\/types\/post"}],"author":[{"embeddable":true,"href":"http:\/\/archiv.szolnoktv.hu\/index.php?rest_route=\/wp\/v2\/users\/2"}],"replies":[{"embeddable":true,"href":"http:\/\/archiv.szolnoktv.hu\/index.php?rest_route=%2Fwp%2Fv2%2Fcomments&post=8823"}],"version-history":[{"count":1,"href":"http:\/\/archiv.szolnoktv.hu\/index.php?rest_route=\/wp\/v2\/posts\/8823\/revisions"}],"predecessor-version":[{"id":8971,"href":"http:\/\/archiv.szolnoktv.hu\/index.php?rest_route=\/wp\/v2\/posts\/8823\/revisions\/8971"}],"wp:attachment":[{"href":"http:\/\/archiv.szolnoktv.hu\/index.php?rest_route=%2Fwp%2Fv2%2Fmedia&parent=8823"}],"wp:term":[{"taxonomy":"category","embeddable":true,"href":"http:\/\/archiv.szolnoktv.hu\/index.php?rest_route=%2Fwp%2Fv2%2Fcategories&post=8823"},{"taxonomy":"post_tag","embeddable":true,"href":"http:\/\/archiv.szolnoktv.hu\/index.php?rest_route=%2Fwp%2Fv2%2Ftags&post=8823"}],"curies":[{"name":"wp","href":"https:\/\/api.w.org\/{rel}","templated":true}]}}