{"id":8820,"date":"2018-04-19T17:19:02","date_gmt":"2018-04-19T17:19:02","guid":{"rendered":"http:\/\/archiv.szolnoktv.hu\/?p=8820"},"modified":"2021-08-14T14:02:13","modified_gmt":"2021-08-14T14:02:13","slug":"jo-utemben-halad-a-veso-uti-sporttelep-felujitasa","status":"publish","type":"post","link":"http:\/\/archiv.szolnoktv.hu\/?p=8820","title":{"rendered":"J\u00f3 \u00fctemben halad a V\u00e9s\u0151 \u00dati Sporttelep fel\u00faj\u00edt\u00e1sa"},"content":{"rendered":"<div class='booster-block booster-read-block'><\/div><p>Most m\u00e9g gerelyt haj\u00edtanak a v\u00f6r\u00f6s salakos p\u00e1ly\u00e1n, hamarosan viszont majd aut\u00f3k \u00e1llhatnak itt, hiszen 200 f\u00e9r\u0151helyes parkol\u00f3 \u00e9p\u00fcl majd. Lesz is r\u00e1 sz\u00fcks\u00e9g, a strand \u00e9s a sportkomplexumba rengetegen \u00e9rkeznek majd. Az orsz\u00e1g egyik legmodernebbje lesz.<\/p>\n<p>-Az a fejleszt\u00e9s, amire r\u00e9g\u00f3ta v\u00e1rnak a k\u00f6rny\u00e9k lak\u00f3i l\u00e1that\u00f3an j\u00f3l halad, sz\u00e9pen fejl\u0151dik. \u00c9n nagyon b\u00edzom benne, hogy az itt lak\u00f3k illetve az eg\u00e9sz v\u00e1ros megel\u00e9ged\u00e9s\u00e9re fog ez a projekt befejez\u0151dni.&#8221;  &#8211;   mondta Bagdi S\u00e1ndorn\u00e9 \u00f6nkorm\u00e1nyzati k\u00e9pvisel\u0151.<\/p>\n<p>Az \u00fagynevezett pipa medence megmarad, azt fel\u00faj\u00edtj\u00e1k mellette pedig k\u00e9sz\u00fcl a B. Nagy P\u00e1l Sportcsarnok teljesen \u00faj k\u00fcls\u0151vel \u00e9s bels\u0151vel, \u00f6lt\u00f6z\u0151kkel annak tetej\u00e9n pedig v\u00edv\u00f3csarnokkal. Az \u00f6tven m\u00e9teres medence val\u00f3ban \u00f6tven m\u00e9teres lesz, p\u00e1r centivel meghosszabb\u00edtj\u00e1k, \u00edgy az versenyek rendez\u00e9s\u00e9re is alkalmas lesz. A mellette \u00e1ll\u00f3 napoz\u00f3teraszos, lel\u00e1t\u00f3t lebontj\u00e1k, hely\u00e9n z\u00f6ld ter\u00fclet lesz. A r\u00e9gi \u00f6lt\u00f6z\u0151k hely\u00e9n \u00fajak lesznek \u00e9s itt \u00e9p\u00fclnek kiszolg\u00e1l\u00f3 l\u00e9tes\u00edtm\u00e9nyek.<\/p>\n<p>-Szeretn\u00e9nk, ha j\u00f6v\u0151 ny\u00e1rra a f\u00fcrd\u0151 fejleszt\u00e9s\u00e9vel is v\u00e9gezn\u00e9nk. Ez az\u00e9rt fontos, mert azt az \u00fczenetet szeretn\u00e9m eljuttatni a szolnokiakhoz, hogy nem szeretn\u00e9nk nyarat f\u00fcrd\u0151 n\u00e9lk\u00fcl t\u00f6lteni. \u00dagy pr\u00f3b\u00e1ljuk \u00fctemezni a Tiszaligeti fejleszt\u00e9st \u00e9s a V\u00e9s\u0151 \u00fati f\u00fcrd\u0151 fejleszt\u00e9st, hogy a nyarakb\u00f3l egy se legyen olyan, hogy nincsen f\u00fcrd\u0151nk.&#8221;  &#8211;   mondta Szalay Ferenc polg\u00e1remster.<\/p>\n<p>A jelenlegi \u00fct\u00f6tt-kopott f\u0151\u00e9p\u00fclet is meg\u00fajul csak\u00fagy, mint a vele szemben \u00e1ll\u00f3 fut\u00f3folyos\u00f3, ahol t\u00e9len is megfelel\u0151 k\u00f6r\u00fclm\u00e9nyek k\u00f6z\u00f6tt k\u00e9sz\u00fclhetnek az atl\u00e9t\u00e1k. \u00c9p\u00fcl birk\u00f3z\u00f3 \u00e9s \u00f6k\u00f6lv\u00edv\u00f3 csarnok is. A labdar\u00fag\u00f3 p\u00e1lya meg\u00fajul k\u00f6r\u00fcl\u00f6tte pedig 8 s\u00e1vos m\u0171anyag bor\u00edt\u00e1s\u00fa fut\u00f3p\u00e1ly\u00e1t alak\u00edtanak ki. A szurkol\u00f3k a leend\u0151 versenyeket, meccseket pedig k\u00e9nyelmes helyr\u0151l figyelhetik, hiszen itt m\u00e1r a t\u00f6bb, mint 500 f\u0151s lel\u00e1t\u00f3 alapjait k\u00e9sz\u00edtik, amiben \u00f6lt\u00f6z\u0151k is lesznek. A beruh\u00e1z\u00e1s teljes k\u00f6lts\u00e9ge 4,1 milli\u00e1rd forint. Ez hat k\u00fcl\u00f6nb\u00f6z\u0151 projektb\u0151l \u00e1ll. A fejleszt\u00e9s \u00f6sszeg\u00e9nek jelent\u0151s r\u00e9sz\u00e9t \u00e1llami t\u00e1mogat\u00e1s teszi ki, a kos\u00e1rlabda csarnok \u00e9p\u00edt\u00e9s\u00e9t pedig nagy r\u00e9szben TAO-s forr\u00e1s fedezi. <\/p>\n<p>-Ami nagyon fontos az \u00e9p\u00edtkez\u00e9s, beruh\u00e1z\u00e1s m\u00f6g\u00f6tt maga a sport. Hiszen napi szinten m\u00e9g a bont\u00e1s el\u0151tt 500-an haszn\u00e1lt\u00e1k ezt a l\u00e9tes\u00edtm\u00e9nyt, 8 sport\u00e1gnak adott otthon a k\u00f6zpont. Biztosak lehet\u00fcnk benne, hogy a fel\u00faj\u00edt\u00e1s ut\u00e1n ez a sz\u00e1m m\u00e9g hat\u00e9konyabban fog n\u0151ni, hiszen a komfortfokozat, az \u00faj sporttechnol\u00f3gia biztos, hogy a gyermekeknek, sz\u00fcl\u0151knek nagyon vonz\u00f3 tud lenni.&#8221;  &#8211; mondat R\u00f3zsa J\u00f3zsef \u00fcgyvezet\u0151 igazgat\u00f3, Szolnoki Sportcentrum Nonprofit Kft..<\/p>\n<p>A komplexum lakoss\u00e1gi szabadid\u0151sportra is alkalmas lesz. A strand k\u00f6r\u00fclbel\u00fcl 1.000 f\u0151t tud majd befogadni illetve kiel\u00e9g\u00edti a nagyj\u00e1b\u00f3l 3.000 f\u0151s iskolai h\u00e1l\u00f3zat ig\u00e9nyeit is, ak\u00e1r a mindennapi testnevel\u00e9sben is fontos szerepet kaphat.<\/p>\n<div style=\"width: 640px;\" class=\"wp-video\"><!--[if lt IE 9]><script>document.createElement('video');<\/script><![endif]-->\n<video class=\"wp-video-shortcode\" id=\"video-8820-1\" width=\"640\" height=\"360\" preload=\"metadata\" controls=\"controls\"><source type=\"video\/mp4\" src=\"\/spots\/hir\/hir_180419_07.mp4?_=1\" \/><a href=\"\/spots\/hir\/hir_180419_07.mp4\">\/spots\/hir\/hir_180419_07.mp4<\/a><\/video><\/div>\n","protected":false},"excerpt":{"rendered":"<p>Most m\u00e9g gerelyt haj\u00edtanak a v\u00f6r\u00f6s salakos p\u00e1ly\u00e1n, hamarosan viszont majd aut\u00f3k \u00e1llhatnak itt, hiszen 200 f\u00e9r\u0151helyes parkol\u00f3 \u00e9p\u00fcl majd. Lesz is r\u00e1 sz\u00fcks\u00e9g, a strand \u00e9s a sportkomplexumba rengetegen \u00e9rkeznek majd. Az orsz\u00e1g egyik legmodernebbje lesz. -Az a fejleszt\u00e9s, amire r\u00e9g\u00f3ta v\u00e1rnak a k\u00f6rny\u00e9k lak\u00f3i l\u00e1that\u00f3an j\u00f3l halad, sz\u00e9pen fejl\u0151dik. \u00c9n nagyon b\u00edzom benne, [&hellip;]<\/p>\n","protected":false},"author":2,"featured_media":0,"comment_status":"closed","ping_status":"closed","sticky":false,"template":"","format":"standard","meta":[],"categories":[9],"tags":[],"_links":{"self":[{"href":"http:\/\/archiv.szolnoktv.hu\/index.php?rest_route=\/wp\/v2\/posts\/8820"}],"collection":[{"href":"http:\/\/archiv.szolnoktv.hu\/index.php?rest_route=\/wp\/v2\/posts"}],"about":[{"href":"http:\/\/archiv.szolnoktv.hu\/index.php?rest_route=\/wp\/v2\/types\/post"}],"author":[{"embeddable":true,"href":"http:\/\/archiv.szolnoktv.hu\/index.php?rest_route=\/wp\/v2\/users\/2"}],"replies":[{"embeddable":true,"href":"http:\/\/archiv.szolnoktv.hu\/index.php?rest_route=%2Fwp%2Fv2%2Fcomments&post=8820"}],"version-history":[{"count":1,"href":"http:\/\/archiv.szolnoktv.hu\/index.php?rest_route=\/wp\/v2\/posts\/8820\/revisions"}],"predecessor-version":[{"id":8974,"href":"http:\/\/archiv.szolnoktv.hu\/index.php?rest_route=\/wp\/v2\/posts\/8820\/revisions\/8974"}],"wp:attachment":[{"href":"http:\/\/archiv.szolnoktv.hu\/index.php?rest_route=%2Fwp%2Fv2%2Fmedia&parent=8820"}],"wp:term":[{"taxonomy":"category","embeddable":true,"href":"http:\/\/archiv.szolnoktv.hu\/index.php?rest_route=%2Fwp%2Fv2%2Fcategories&post=8820"},{"taxonomy":"post_tag","embeddable":true,"href":"http:\/\/archiv.szolnoktv.hu\/index.php?rest_route=%2Fwp%2Fv2%2Ftags&post=8820"}],"curies":[{"name":"wp","href":"https:\/\/api.w.org\/{rel}","templated":true}]}}