{"id":8819,"date":"2018-04-19T17:16:18","date_gmt":"2018-04-19T17:16:18","guid":{"rendered":"http:\/\/archiv.szolnoktv.hu\/?p=8819"},"modified":"2021-08-14T14:02:13","modified_gmt":"2021-08-14T14:02:13","slug":"atadtak-az-ovodai-nivo-dijakat","status":"publish","type":"post","link":"http:\/\/archiv.szolnoktv.hu\/?p=8819","title":{"rendered":"\u00c1tadt\u00e1k az \u00f3vodai N\u00edv\u00f3 d\u00edjakat"},"content":{"rendered":"<div class='booster-block booster-read-block'><\/div><p>A Tiszavir\u00e1g tag\u00f3voda apr\u00f3s\u00e1gai k\u00f6sz\u00f6nt\u00f6tt\u00e9k a vend\u00e9geket a v\u00e1rosh\u00e1za d\u00edszterm\u00e9ben. A N\u00cdV\u00d3 szintet teljes\u00edt\u0151 \u00f3vodapedag\u00f3gusok elismer\u00e9s\u00e9r\u0151l a 2014-15 os \u00e9vben d\u00f6nt\u00f6tt a fenntart\u00f3 \u00e9s az int\u00e9zm\u00e9nyi h\u00e1l\u00f3zat vezet\u00e9se.  Az \u00f3v\u00f3n\u0151k id\u00e9n is saj\u00e1t ig\u00e9nyb\u0151l fakad\u00f3an m\u00e9retett\u00e9k meg magukat, szakmais\u00e1gukat. <\/p>\n<p>A Szolnokon megval\u00f3sul\u00f3 b\u00f6lcs\u0151dei- \u00e9s \u00f3vodai program a v\u00e1ros egyik b\u00fcszkes\u00e9ge. Hangs\u00falyozta Szalay Ferenc. A polg\u00e1rmester szerint mindig sz\u00fcks\u00e9g van p\u00e9ldak\u00e9pekre. A ma d\u00edjazott pedag\u00f3gusok pedig p\u00e9ld\u00e1ka\u00e9nt szolg\u00e1lhatnak mindenki el\u0151tt. <\/p>\n<p>-Ez nemcsak arr\u00f3l sz\u00f3l, hogy h\u00e1nyan kapnak valamif\u00e9le n\u00edv\u00f3 d\u00edjat. Hanem arr\u00f3l, hogy nagyon magas n\u00edv\u00f3j\u00fa k\u00f6z\u00f6ss\u00e9gb\u0151l ki tudott emelkedni h\u00e1rom, meg el\u0151tte 22. K\u00f6sz\u00f6net \u00e9rte. K\u00f6sz\u00f6net ennek a szervezetts\u00e9gnek ahogy ez a rendszer m\u0171k\u00f6dik. Szervezeten nagyon \u00e1tgondoltam egy komoly strat\u00e9gia mellet m\u0171k\u00f6dik. &#8211;  -mondta a polg\u00e1rmester. <\/p>\n<p>A N\u00cdV\u00d3 szintet teljes\u00edt\u0151 \u00f3vodapedag\u00f3gusok az &#8220;\u00e9rzelmi biztons\u00e1g, szocializ\u00e1ci\u00f3&#8221;,  a &#8220;rajzol\u00e1s, fest\u00e9s, mint\u00e1z\u00e1s, k\u00e9zimunka&#8221; , valamint vers \u00e9s irodalom ter\u00fclet\u00e9n m\u00e9retik meg magukat. Id\u00e9n mindh\u00e1rom d\u00edjazott  pedag\u00f3gus a szocializ\u00e1ci\u00f3 ter\u00fclet\u00e9n ny\u00fajtott kimagasl\u00f3 teljes\u00edtm\u00e9nyt. <br \/>A ma elismert h\u00e1rom pedag\u00f3gussal egy\u00fctt m\u00e1r 25 n\u00edv\u00f3 d\u00edjas \u00f3v\u00f3n\u00f3 dolgozik a szolnoki \u00f3vod\u00e1kban. <\/p>\n<div style=\"width: 640px;\" class=\"wp-video\"><!--[if lt IE 9]><script>document.createElement('video');<\/script><![endif]-->\n<video class=\"wp-video-shortcode\" id=\"video-8819-1\" width=\"640\" height=\"360\" preload=\"metadata\" controls=\"controls\"><source type=\"video\/mp4\" src=\"\/spots\/hir\/hir_180419_06.mp4?_=1\" \/><a href=\"\/spots\/hir\/hir_180419_06.mp4\">\/spots\/hir\/hir_180419_06.mp4<\/a><\/video><\/div>\n","protected":false},"excerpt":{"rendered":"<p>A Tiszavir\u00e1g tag\u00f3voda apr\u00f3s\u00e1gai k\u00f6sz\u00f6nt\u00f6tt\u00e9k a vend\u00e9geket a v\u00e1rosh\u00e1za d\u00edszterm\u00e9ben. A N\u00cdV\u00d3 szintet teljes\u00edt\u0151 \u00f3vodapedag\u00f3gusok elismer\u00e9s\u00e9r\u0151l a 2014-15 os \u00e9vben d\u00f6nt\u00f6tt a fenntart\u00f3 \u00e9s az int\u00e9zm\u00e9nyi h\u00e1l\u00f3zat vezet\u00e9se. Az \u00f3v\u00f3n\u0151k id\u00e9n is saj\u00e1t ig\u00e9nyb\u0151l fakad\u00f3an m\u00e9retett\u00e9k meg magukat, szakmais\u00e1gukat. A Szolnokon megval\u00f3sul\u00f3 b\u00f6lcs\u0151dei- \u00e9s \u00f3vodai program a v\u00e1ros egyik b\u00fcszkes\u00e9ge. Hangs\u00falyozta Szalay Ferenc. A polg\u00e1rmester [&hellip;]<\/p>\n","protected":false},"author":2,"featured_media":0,"comment_status":"closed","ping_status":"closed","sticky":false,"template":"","format":"standard","meta":[],"categories":[9],"tags":[],"_links":{"self":[{"href":"http:\/\/archiv.szolnoktv.hu\/index.php?rest_route=\/wp\/v2\/posts\/8819"}],"collection":[{"href":"http:\/\/archiv.szolnoktv.hu\/index.php?rest_route=\/wp\/v2\/posts"}],"about":[{"href":"http:\/\/archiv.szolnoktv.hu\/index.php?rest_route=\/wp\/v2\/types\/post"}],"author":[{"embeddable":true,"href":"http:\/\/archiv.szolnoktv.hu\/index.php?rest_route=\/wp\/v2\/users\/2"}],"replies":[{"embeddable":true,"href":"http:\/\/archiv.szolnoktv.hu\/index.php?rest_route=%2Fwp%2Fv2%2Fcomments&post=8819"}],"version-history":[{"count":1,"href":"http:\/\/archiv.szolnoktv.hu\/index.php?rest_route=\/wp\/v2\/posts\/8819\/revisions"}],"predecessor-version":[{"id":8975,"href":"http:\/\/archiv.szolnoktv.hu\/index.php?rest_route=\/wp\/v2\/posts\/8819\/revisions\/8975"}],"wp:attachment":[{"href":"http:\/\/archiv.szolnoktv.hu\/index.php?rest_route=%2Fwp%2Fv2%2Fmedia&parent=8819"}],"wp:term":[{"taxonomy":"category","embeddable":true,"href":"http:\/\/archiv.szolnoktv.hu\/index.php?rest_route=%2Fwp%2Fv2%2Fcategories&post=8819"},{"taxonomy":"post_tag","embeddable":true,"href":"http:\/\/archiv.szolnoktv.hu\/index.php?rest_route=%2Fwp%2Fv2%2Ftags&post=8819"}],"curies":[{"name":"wp","href":"https:\/\/api.w.org\/{rel}","templated":true}]}}