{"id":8818,"date":"2018-04-19T17:13:07","date_gmt":"2018-04-19T17:13:07","guid":{"rendered":"http:\/\/archiv.szolnoktv.hu\/?p=8818"},"modified":"2021-08-14T14:02:13","modified_gmt":"2021-08-14T14:02:13","slug":"lakossagi-forum-az-alcsiszigeti-uton","status":"publish","type":"post","link":"http:\/\/archiv.szolnoktv.hu\/?p=8818","title":{"rendered":"Lakoss\u00e1gi f\u00f3rum az Alcsiszigeti \u00faton"},"content":{"rendered":"<div class='booster-block booster-read-block'><\/div><p>K\u00e1ty\u00fakkal bor\u00edtott \u00fat v\u00e1rja azokat, akik az Alcsiszigeti \u00fatra kanyarodnak. M\u00e1r d\u00e9lel\u0151tt 11 \u00f3rakor nagy volta a forgalom ezen a szakaszon. Az \u00fat azonban nem csak itt j\u00e1rhatatlan. A helyzet a Labda \u00e9s a Patk\u00f3 \u00faton sem jobb. De vannak olyan utc\u00e1k is, hol egy\u00e1ltal\u00e1n nincs aszfalt. Az itt \u00e9l\u0151k a probl\u00e9ma megold\u00e1sa \u00e9rdek\u00e9ben al\u00e1\u00edr\u00e1s gy\u0171jt\u00e9sbe kezdtek. A k\u00e1ty\u00fakkal kapcsolatos panaszukat \u00e9s felvet\u00e9seiket a lak\u00f3k tegnap este a Sziget ABC udvar\u00e1n lakoss\u00e1gi f\u00f3rum keret\u00e9ben mondt\u00e1k el. <\/p>\n<p>-Ezt mi csak aj\u00e1nd\u00e9kba kaptuk, nem betervezett k\u00e1ty\u00faz\u00e1s. Ez ellen tiltakozunk. Fizet\u00fcnk mi is ad\u00f3t, benzint mi is tankolunk az aut\u00f3kba \u00e9s szeretn\u00e9nk mi is norm\u00e1lis k\u00e1ty\u00faz\u00e1st. Itt biztos l\u00e1tj\u00e1k, hogy m\u00e1r r\u00e9gen t\u00fal n\u0151tte a z\u00e1rt kerti szintet a forgalom, itt rengetegen laknak kint. Ezt sim\u00e1n v\u00e1rosnak lehetne nevezni, belv\u00e1rosnak.&#8221;-mondta Bata P\u00e9ter. <\/p>\n<p>Az el\u0151zetesen \u00f6ssze\u00edrt, illetve a helysz\u00ednen felmer\u00fclt tov\u00e1bbi k\u00e9rd\u00e9sekre Szalay Ferenc v\u00e1laszolt. A polg\u00e1rmester hangs\u00falyozta, hogy a k\u00e1ty\u00faz\u00e1st, illetve aszfaltoz\u00e1s \u00fctem\u00e9t az \u00f6nkorm\u00e1nyzat a fenn\u00e1ll\u00f3 forr\u00e1soknak megfelel\u0151en v\u00e9gzi. A k\u00e1ty\u00faz\u00e1s az Alcsiszigeti \u00faton \u00e9s k\u00f6rny\u00e9k\u00e9n m\u00e9g tavasszal elkezd\u0151dik, els\u0151sorban azokon a szakaszokon, amelyek balesetvesz\u00e9lyesek.<\/p>\n<p>-A k\u00e1ty\u00faz\u00e1st a v\u00e1ros sz\u00e1mos r\u00e9sz\u00e9n elkezdt\u00fck. Itt m\u00e1jusban fogjuk elkezdeni a k\u00e1ty\u00faz\u00e1st.&#8221;- mondta Szalay Ferenc polg\u00e1rmester.<\/p>\n<p>A &#8220;gy\u00fcm\u00f6lcs\u00f6s&#8221; buszmeg\u00e1ll\u00f3n\u00e1l sz\u00e1llhatnak le, illetve fel azok, akik nem aut\u00f3val k\u00f6zel\u00edtik meg otthonukat vagy \u00fcd\u00fcl\u0151j\u00fcket. Itt ez az egyetlen buszmeg\u00e1ll\u00f3. H\u00e9tk\u00f6znap az utols\u00f3 j\u00e1rat 18\u00f3ra 43 perckor, h\u00e9tv\u00e9g\u00e9n 18\u00f3ra 10 perckor megy el. Ez\u00e9rt t\u00f6bben a j\u00e1ratsz\u00e1mok b\u0151v\u00edt\u00e9s\u00e9re k\u00e9rtek megold\u00e1st a f\u00f3rumon. <\/p>\n<p>-Ha permetezni akar valaki, ha sz\u00e9l csend van, csak este tudja, az egyszer\u0171en nem tud haza menni. H\u00e9tk\u00f6znap h\u00e1romnegyed 7-kor volt id\u00e1ig ny\u00e1ri id\u0151sz\u00e1m\u00edt\u00e1sban egy 6-os busz. Most leg\u00fajabban k\u00e9t hete megv\u00e1ltozott. Nem ebb\u0151l a buszmeg\u00e1ll\u00f3b\u00f3l indul, hanem ki kell gyalogolni a v\u00e9g\u00e1llom\u00e1sra.&#8221;- mondta az egyik r\u00e9sztvev\u0151.<\/p>\n<p>A k\u00f6zleked\u00e9st az is megnehez\u00edti, hogy 6 \u00e9vvel ezel\u0151tt a m\u00e1sik oldalon tal\u00e1lhat\u00f3 buszmeg\u00e1ll\u00f3t k\u00f6zleked\u00e9si szakemberek felm\u00e9r\u00e9se ut\u00e1n megsz\u00fcntett\u00e9k. A turb\u00f3 k\u00f6rforgalomn\u00e1l tal\u00e1lhat\u00f3 2X2 s\u00e1vos aut\u00f3 \u00fat forgalma miatt a gyalogos \u00e1tkel\u00e9s balesetvesz\u00e9lyes \u00e9s szinte lehetetlen. A j\u00e1ratb\u0151v\u00edt\u00e9sre az \u00f6nkorm\u00e1nyzat a KMKK Zrt.-vel k\u00f6z\u00f6sen keresi a megold\u00e1st- hangs\u00falyozta v\u00e1lasz\u00e1ban Szalay Ferenc.<br \/>\n<br \/>\n<div style=\"width: 640px;\" class=\"wp-video\"><!--[if lt IE 9]><script>document.createElement('video');<\/script><![endif]-->\n<video class=\"wp-video-shortcode\" id=\"video-8818-1\" width=\"640\" height=\"360\" preload=\"metadata\" controls=\"controls\"><source type=\"video\/mp4\" src=\"\/spots\/hir\/hir_180419_05.mp4?_=1\" \/><a href=\"\/spots\/hir\/hir_180419_05.mp4\">\/spots\/hir\/hir_180419_05.mp4<\/a><\/video><\/div><\/p>\n","protected":false},"excerpt":{"rendered":"<p>K\u00e1ty\u00fakkal bor\u00edtott \u00fat v\u00e1rja azokat, akik az Alcsiszigeti \u00fatra kanyarodnak. M\u00e1r d\u00e9lel\u0151tt 11 \u00f3rakor nagy volta a forgalom ezen a szakaszon. Az \u00fat azonban nem csak itt j\u00e1rhatatlan. A helyzet a Labda \u00e9s a Patk\u00f3 \u00faton sem jobb. De vannak olyan utc\u00e1k is, hol egy\u00e1ltal\u00e1n nincs aszfalt. Az itt \u00e9l\u0151k a probl\u00e9ma megold\u00e1sa \u00e9rdek\u00e9ben al\u00e1\u00edr\u00e1s [&hellip;]<\/p>\n","protected":false},"author":2,"featured_media":0,"comment_status":"closed","ping_status":"closed","sticky":false,"template":"","format":"standard","meta":[],"categories":[9],"tags":[],"_links":{"self":[{"href":"http:\/\/archiv.szolnoktv.hu\/index.php?rest_route=\/wp\/v2\/posts\/8818"}],"collection":[{"href":"http:\/\/archiv.szolnoktv.hu\/index.php?rest_route=\/wp\/v2\/posts"}],"about":[{"href":"http:\/\/archiv.szolnoktv.hu\/index.php?rest_route=\/wp\/v2\/types\/post"}],"author":[{"embeddable":true,"href":"http:\/\/archiv.szolnoktv.hu\/index.php?rest_route=\/wp\/v2\/users\/2"}],"replies":[{"embeddable":true,"href":"http:\/\/archiv.szolnoktv.hu\/index.php?rest_route=%2Fwp%2Fv2%2Fcomments&post=8818"}],"version-history":[{"count":1,"href":"http:\/\/archiv.szolnoktv.hu\/index.php?rest_route=\/wp\/v2\/posts\/8818\/revisions"}],"predecessor-version":[{"id":8976,"href":"http:\/\/archiv.szolnoktv.hu\/index.php?rest_route=\/wp\/v2\/posts\/8818\/revisions\/8976"}],"wp:attachment":[{"href":"http:\/\/archiv.szolnoktv.hu\/index.php?rest_route=%2Fwp%2Fv2%2Fmedia&parent=8818"}],"wp:term":[{"taxonomy":"category","embeddable":true,"href":"http:\/\/archiv.szolnoktv.hu\/index.php?rest_route=%2Fwp%2Fv2%2Fcategories&post=8818"},{"taxonomy":"post_tag","embeddable":true,"href":"http:\/\/archiv.szolnoktv.hu\/index.php?rest_route=%2Fwp%2Fv2%2Ftags&post=8818"}],"curies":[{"name":"wp","href":"https:\/\/api.w.org\/{rel}","templated":true}]}}