{"id":8817,"date":"2018-04-19T17:10:10","date_gmt":"2018-04-19T17:10:10","guid":{"rendered":"http:\/\/archiv.szolnoktv.hu\/?p=8817"},"modified":"2021-08-14T14:02:13","modified_gmt":"2021-08-14T14:02:13","slug":"iden-is-diakszimpozium-a-vargaban","status":"publish","type":"post","link":"http:\/\/archiv.szolnoktv.hu\/?p=8817","title":{"rendered":"Id\u00e9n is di\u00e1kszimp\u00f3zium a Varg\u00e1ban"},"content":{"rendered":"<div class='booster-block booster-read-block'><\/div><p>Hagyom\u00e1nyteremt\u0151 c\u00e9llal ind\u00edtott\u00e1k el 1992-ben a term\u00e9szettudom\u00e1nyos el\u0151ad\u00e1sok verseny\u00e9t. A program c\u00e9lja -t\u00f6bbek k\u00f6z\u00f6tt-, hogy a tanul\u00f3k gyakorolj\u00e1k az el\u0151ad\u00e1st, mint kommunik\u00e1ci\u00f3s tev\u00e9kenys\u00e9get, illetve hogy a v\u00e1lasztott t\u00e9m\u00e1ban megfigyel\u00e9st, kutat\u00f3 munk\u00e1t v\u00e9gezzenek. A versenyre v\u00e1llalkoz\u00f3k egyik legfontosabb feladata az el\u0151ad\u00e1s sor\u00e1n a l\u00e9nyegi elemek kiemel\u00e9se, valamint a t\u00e9ma figyelem felkelt\u00e9se \u00e9s aktualit\u00e1sa.<\/p>\n<p>-Legyen az ak\u00e1r egy \u00f6kol\u00f3giai probl\u00e9ma, vagyis k\u00f6rnyezetv\u00e9delemmel kapcsolatos probl\u00e9ma vagy pedig az eg\u00e9szs\u00e9gv\u00e9delem ter\u00e9n egy olyan k\u00e9rd\u00e9s, ami foglalkoztatja az embereket. Illetve biol\u00f3gi\u00e1ban, fizik\u00e1ban mindig felmer\u00fclnek olyan nem megoldott probl\u00e9m\u00e1k, amelyek ak\u00e1r t\u00f6bb \u00e9vtizedig is aktu\u00e1lisak lesznek.&#8221;<\/p>\n<p>Szolnok v\u00e1ros oktat\u00e1si int\u00e9zm\u00e9nyei \u00e9s azok a megy\u00e9n k\u00edv\u00fcli iskol\u00e1k, melyek az elm\u00falt 26 \u00e9v sor\u00e1n r\u00e9szt vettek a versenyen, megh\u00edv\u00f3t kapnak. Kov\u00e1cs Lilianna Gy\u0151rb\u0151l \u00e9rkezett Szolnokra.<\/p>\n<p>-A gy\u0151ri fizika napunkon ez volt a t\u00e9ma \u00e9s ez\u00e9rt ebbe j\u00f3l bele \u00e1stam magam, \u00edgy kicsit k\u00f6nnyebb volt r\u00f6vid id\u0151 alatt f\u00f6leleven\u00edteni, illetve mert egy olyan filmmel hozom \u00f6sszef\u00fcgg\u00e9sbe, ami az egyik kedvencem.&#8221;<\/p>\n<p>Balogh Laura Petra a Varga Katalin Gimn\u00e1zium di\u00e1kja angolul tartotta meg el\u0151ad\u00e1s\u00e1t a bolyg\u00f3k kialakul\u00e1s\u00e1r\u00f3l.<\/p>\n<p>-Szerintem nagyon \u00e9rdekes, ahogy a bolyg\u00f3k m\u0171k\u00f6dnek, ahogy l\u00e9trej\u00f6ttek. Nem is tudjuk pontosan hogyan j\u00f6ttek l\u00e9tre, de m\u00e9gis itt \u00e9l\u00fcnk benne.&#8221;<\/p>\n<p>Far\u00e1dy Simon a csokol\u00e1d\u00e9 k\u00e9miai \u00f6sszet\u00e9tel\u00e9t \u00e9s szervezetre gyakorolt hat\u00e1sait v\u00e1lasztotta t\u00e9m\u00e1nak.<\/p>\n<p>-Az el\u0151ad\u00e1st a kaka\u00f3bab feldolgoz\u00e1si l\u00e9p\u00e9seir\u0151l tartom, sz\u00f3val hogyan jutunk el a nyers kaka\u00f3babb\u00f3l a k\u00e9sz csokol\u00e1d\u00e9ig \u00e9s az \u00f6sszet\u00e9telb\u00e9li v\u00e1ltoz\u00e1sokat diagramokon \u00e1br\u00e1zolom.&#8221;<\/p>\n<p>A zs\u0171ritagok a k\u00f6r\u00fclbel\u00fcl 10 perces prezent\u00e1ci\u00f3kat k\u00f6vet\u0151en k\u00e9rd\u00e9seket tettek fel \u00e9s \u00e9szrev\u00e9teleiket is megfogalmazt\u00e1k a di\u00e1koknak. Az el\u0151ad\u00e1sokat maximum 30 ponttal \u00e9rt\u00e9kelhett\u00e9k. A legjobbak -azon k\u00edv\u00fcl, hogy gyakorolt\u00e1k a versenyszitu\u00e1ci\u00f3ban val\u00f3 helyt\u00e1ll\u00e1st \u00e9s csiszolt\u00e1k el\u0151ad\u00f3i k\u00e9pess\u00e9geiket- \u00e9rt\u00e9kes k\u00f6nyvjutalomban r\u00e9szes\u00fcltek.<br \/>\n<br \/>\n<div style=\"width: 640px;\" class=\"wp-video\"><!--[if lt IE 9]><script>document.createElement('video');<\/script><![endif]-->\n<video class=\"wp-video-shortcode\" id=\"video-8817-1\" width=\"640\" height=\"360\" preload=\"metadata\" controls=\"controls\"><source type=\"video\/mp4\" src=\"\/spots\/hir\/hir_180419_03.mp4?_=1\" \/><a href=\"\/spots\/hir\/hir_180419_03.mp4\">\/spots\/hir\/hir_180419_03.mp4<\/a><\/video><\/div><\/p>\n","protected":false},"excerpt":{"rendered":"<p>Hagyom\u00e1nyteremt\u0151 c\u00e9llal ind\u00edtott\u00e1k el 1992-ben a term\u00e9szettudom\u00e1nyos el\u0151ad\u00e1sok verseny\u00e9t. A program c\u00e9lja -t\u00f6bbek k\u00f6z\u00f6tt-, hogy a tanul\u00f3k gyakorolj\u00e1k az el\u0151ad\u00e1st, mint kommunik\u00e1ci\u00f3s tev\u00e9kenys\u00e9get, illetve hogy a v\u00e1lasztott t\u00e9m\u00e1ban megfigyel\u00e9st, kutat\u00f3 munk\u00e1t v\u00e9gezzenek. A versenyre v\u00e1llalkoz\u00f3k egyik legfontosabb feladata az el\u0151ad\u00e1s sor\u00e1n a l\u00e9nyegi elemek kiemel\u00e9se, valamint a t\u00e9ma figyelem felkelt\u00e9se \u00e9s aktualit\u00e1sa. -Legyen az ak\u00e1r [&hellip;]<\/p>\n","protected":false},"author":2,"featured_media":0,"comment_status":"closed","ping_status":"closed","sticky":false,"template":"","format":"standard","meta":[],"categories":[9],"tags":[],"_links":{"self":[{"href":"http:\/\/archiv.szolnoktv.hu\/index.php?rest_route=\/wp\/v2\/posts\/8817"}],"collection":[{"href":"http:\/\/archiv.szolnoktv.hu\/index.php?rest_route=\/wp\/v2\/posts"}],"about":[{"href":"http:\/\/archiv.szolnoktv.hu\/index.php?rest_route=\/wp\/v2\/types\/post"}],"author":[{"embeddable":true,"href":"http:\/\/archiv.szolnoktv.hu\/index.php?rest_route=\/wp\/v2\/users\/2"}],"replies":[{"embeddable":true,"href":"http:\/\/archiv.szolnoktv.hu\/index.php?rest_route=%2Fwp%2Fv2%2Fcomments&post=8817"}],"version-history":[{"count":1,"href":"http:\/\/archiv.szolnoktv.hu\/index.php?rest_route=\/wp\/v2\/posts\/8817\/revisions"}],"predecessor-version":[{"id":8977,"href":"http:\/\/archiv.szolnoktv.hu\/index.php?rest_route=\/wp\/v2\/posts\/8817\/revisions\/8977"}],"wp:attachment":[{"href":"http:\/\/archiv.szolnoktv.hu\/index.php?rest_route=%2Fwp%2Fv2%2Fmedia&parent=8817"}],"wp:term":[{"taxonomy":"category","embeddable":true,"href":"http:\/\/archiv.szolnoktv.hu\/index.php?rest_route=%2Fwp%2Fv2%2Fcategories&post=8817"},{"taxonomy":"post_tag","embeddable":true,"href":"http:\/\/archiv.szolnoktv.hu\/index.php?rest_route=%2Fwp%2Fv2%2Ftags&post=8817"}],"curies":[{"name":"wp","href":"https:\/\/api.w.org\/{rel}","templated":true}]}}