{"id":8816,"date":"2018-04-19T17:07:14","date_gmt":"2018-04-19T17:07:14","guid":{"rendered":"http:\/\/archiv.szolnoktv.hu\/?p=8816"},"modified":"2021-08-14T14:02:13","modified_gmt":"2021-08-14T14:02:13","slug":"genezis-c-film-kozonsegtalalkozoja","status":"publish","type":"post","link":"http:\/\/archiv.szolnoktv.hu\/?p=8816","title":{"rendered":"Genezis c. film k\u00f6z\u00f6ns\u00e9gtal\u00e1lkoz\u00f3ja"},"content":{"rendered":"<div class='booster-block booster-read-block'><\/div><p>B\u0171n, megtisztul\u00e1s \u00e9s \u00fajj\u00e1sz\u00fclet\u00e9s. H\u00e1rom t\u00f6rt\u00e9net. Egy roma kisfi\u00fa akinek gyerekkora drasztikusan v\u00e9get \u00e9r, amikor egy brut\u00e1lis t\u00e1mad\u00e1sban elvesz\u00edti a csal\u00e1dj\u00e1t. Egy sikeres \u00fcgyv\u00e9dn\u0151, aki elv\u00e1llalja a rasszista gyilkoss\u00e1gsorozat egyik v\u00e1dlottj\u00e1nak v\u00e9delm\u00e9t. Egy titokzatos kamaszl\u00e1ny is belekeveredik az \u00fcgybe, amikor s\u00f6t\u00e9t titkok der\u00fclnek ki a szerelm\u00e9r\u0151l. <\/p>\n<p>,, L\u00e9nyeg\u00e9ben itt h\u00e1rom f\u0151szerepl\u0151r\u0151l besz\u00e9l\u00fcnk. Teh\u00e1t \u00e9n alkot\u00f3k\u00e9nt, aki a film forgat\u00f3k\u00f6nyv\u00e9t is \u00edrta. \u00c9n j\u00f3magam nem emeln\u00e9k ki egy t\u00f6rt\u00e9netet sem. Mindegyiket \u00e9pp olyan fontosnak tartok egyenk\u00e9nt is, de t\u00e9ny \u00e9s val\u00f3, hogy ez egy keretes szerkezet\u0171. Teh\u00e1t a legv\u00e9g\u00e9n nem a teljess\u00e9g ig\u00e9ny\u00e9vel, de m\u00e9gis csak \u00f6ssze\u00e9rnek a sz\u00e1lak.&#8221; -mes\u00e9lte: Bogd\u00e1n \u00c1rp\u00e1d, rendez\u0151, forgat\u00f3k\u00f6nyv\u00edr\u00f3<\/p>\n<p>A film alapt\u00f6rt\u00e9net\u00e9t a 2008-2009-es rasszista inditat\u00e1s\u00fa sorozatgyilkoss\u00e1g adta, ami f\u0151leg vid\u00e9ki roma csal\u00e1dokat s\u00fajtott. Hatan vesztett\u00e9k \u00e9let\u00fcket \u00e9s t\u00f6bben \u00e9letvesz\u00e9lyesen megsebes\u00fcltek. A filmben amat\u0151r \u00e9s profi sz\u00edn\u00e9szek is j\u00e1tszanak, de ez nem nehez\u00edtette meg a rendez\u0151 dolg\u00e1t.<\/p>\n<p>,,Nekem nem volt idegen az, hogy amat\u0151r\u00f6kkel vagy ak\u00e1r egy kisgyerekkel foglalkozzak. Egy nagyon szerencs\u00e9s v\u00e1laszt\u00e1s volt ez a kisfi\u00fa. Hisz egy nagyon nyitott \u00e9rtelmes sr\u00e1cr\u00f3l besz\u00e9l\u00fcnk, aki abszol\u00fat \u00e9rtette \u00e9s fogta az instrukci\u00f3kat.&#8221; -mes\u00e9lte: Bogd\u00e1n \u00c1rp\u00e1d, rendez\u0151, forgat\u00f3k\u00f6nyv\u00edr\u00f3<\/p>\n<p>Bogd\u00e1n \u00c1rp\u00e1d Genezis c. film k\u00f6z\u00f6ns\u00e9gtal\u00e1lkoz\u00f3j\u00e1n vehettek r\u00e9szt \u00e9rdekl\u0151d\u0151k a Tiszapart moziban. A rendez\u0151vel Demeter Istv\u00e1n besz\u00e9lgetett, amibe a k\u00f6z\u00f6ns\u00e9g is b\u00e1tran bekapcsol\u00f3dhatott.<\/p>\n<p>A forgat\u00e1s 29 napot vett ig\u00e9nybe, ami a filmgy\u00e1rt\u00e1sban nagyon kev\u00e9snek sz\u00e1m\u00edt. A film vil\u00e1gpremierje febru\u00e1r k\u00f6zep\u00e9n volt a 68. Berlini Nemzetk\u00f6zi Filmfesztiv\u00e1l Panorama Special v\u00e1logat\u00e1s\u00e1ban.<br \/>\n<br \/>\n<div style=\"width: 640px;\" class=\"wp-video\"><!--[if lt IE 9]><script>document.createElement('video');<\/script><![endif]-->\n<video class=\"wp-video-shortcode\" id=\"video-8816-1\" width=\"640\" height=\"360\" preload=\"metadata\" controls=\"controls\"><source type=\"video\/mp4\" src=\"\/spots\/hir\/hir_180419_02.mp4?_=1\" \/><a href=\"\/spots\/hir\/hir_180419_02.mp4\">\/spots\/hir\/hir_180419_02.mp4<\/a><\/video><\/div><\/p>\n","protected":false},"excerpt":{"rendered":"<p>B\u0171n, megtisztul\u00e1s \u00e9s \u00fajj\u00e1sz\u00fclet\u00e9s. H\u00e1rom t\u00f6rt\u00e9net. Egy roma kisfi\u00fa akinek gyerekkora drasztikusan v\u00e9get \u00e9r, amikor egy brut\u00e1lis t\u00e1mad\u00e1sban elvesz\u00edti a csal\u00e1dj\u00e1t. Egy sikeres \u00fcgyv\u00e9dn\u0151, aki elv\u00e1llalja a rasszista gyilkoss\u00e1gsorozat egyik v\u00e1dlottj\u00e1nak v\u00e9delm\u00e9t. Egy titokzatos kamaszl\u00e1ny is belekeveredik az \u00fcgybe, amikor s\u00f6t\u00e9t titkok der\u00fclnek ki a szerelm\u00e9r\u0151l. ,, L\u00e9nyeg\u00e9ben itt h\u00e1rom f\u0151szerepl\u0151r\u0151l besz\u00e9l\u00fcnk. Teh\u00e1t \u00e9n alkot\u00f3k\u00e9nt, [&hellip;]<\/p>\n","protected":false},"author":2,"featured_media":0,"comment_status":"closed","ping_status":"closed","sticky":false,"template":"","format":"standard","meta":[],"categories":[9],"tags":[],"_links":{"self":[{"href":"http:\/\/archiv.szolnoktv.hu\/index.php?rest_route=\/wp\/v2\/posts\/8816"}],"collection":[{"href":"http:\/\/archiv.szolnoktv.hu\/index.php?rest_route=\/wp\/v2\/posts"}],"about":[{"href":"http:\/\/archiv.szolnoktv.hu\/index.php?rest_route=\/wp\/v2\/types\/post"}],"author":[{"embeddable":true,"href":"http:\/\/archiv.szolnoktv.hu\/index.php?rest_route=\/wp\/v2\/users\/2"}],"replies":[{"embeddable":true,"href":"http:\/\/archiv.szolnoktv.hu\/index.php?rest_route=%2Fwp%2Fv2%2Fcomments&post=8816"}],"version-history":[{"count":1,"href":"http:\/\/archiv.szolnoktv.hu\/index.php?rest_route=\/wp\/v2\/posts\/8816\/revisions"}],"predecessor-version":[{"id":8978,"href":"http:\/\/archiv.szolnoktv.hu\/index.php?rest_route=\/wp\/v2\/posts\/8816\/revisions\/8978"}],"wp:attachment":[{"href":"http:\/\/archiv.szolnoktv.hu\/index.php?rest_route=%2Fwp%2Fv2%2Fmedia&parent=8816"}],"wp:term":[{"taxonomy":"category","embeddable":true,"href":"http:\/\/archiv.szolnoktv.hu\/index.php?rest_route=%2Fwp%2Fv2%2Fcategories&post=8816"},{"taxonomy":"post_tag","embeddable":true,"href":"http:\/\/archiv.szolnoktv.hu\/index.php?rest_route=%2Fwp%2Fv2%2Ftags&post=8816"}],"curies":[{"name":"wp","href":"https:\/\/api.w.org\/{rel}","templated":true}]}}