{"id":8814,"date":"2018-04-19T16:59:41","date_gmt":"2018-04-19T16:59:41","guid":{"rendered":"http:\/\/archiv.szolnoktv.hu\/?p=8814"},"modified":"2021-08-14T14:02:13","modified_gmt":"2021-08-14T14:02:13","slug":"folytatodik-a-muvesztelepi-asatas","status":"publish","type":"post","link":"http:\/\/archiv.szolnoktv.hu\/?p=8814","title":{"rendered":"Folytat\u00f3dik a m\u0171v\u00e9sztelepi \u00e1sat\u00e1s"},"content":{"rendered":"<div class='booster-block booster-read-block'><\/div><p>T\u00f6bb sz\u00e1z k\u00f6bm\u00e9ter f\u00f6ldet mozgattak meg h\u00e9tf\u0151 \u00f3ta a r\u00e9g\u00e9szek a M\u0171v\u00e9sztelepen. Az egykori szolnoki v\u00e1r felt\u00e1r\u00e1sa \u00faj fejezet\u00e9hez \u00e9rkezett a k\u00f6zelm\u00falt mintegy 1,5 m\u00e9teres f\u00f6ldr\u00e9tege m\u00e1r halmokban \u00e1ll, utat engedve a kor\u00e1bbi sz\u00e1zadok leleteihez. <\/p>\n<p>A tavaly \u0151szi pr\u00f3ba\u00e1sat\u00e1sok ut\u00e1n  &#8211;  amelyek azt a k\u00e9rd\u00e9st vizsg\u00e1lt\u00e1k, hogy a hamarosan meg\u00e9p\u00fcl\u0151 \u00faj \u00e9p\u00fcletek hely\u00e9n mit rejthet a f\u00f6ld- most m\u00e1r a kijel\u00f6lt ter\u00fclet szinte teljes felt\u00e1r\u00e1sa is elkezd\u0151d\u00f6tt. <\/p>\n<p>A humuszr\u00e9teg elt\u00e1vol\u00edt\u00e1sa ut\u00e1n m\u00e1r kezdenek kirajzol\u00f3dni az egykori \u00e9p\u00fcletek maradv\u00e1nyai, az egy m\u00e9tern\u00e9l is vastagabb falak, valamint a k\u00fcl\u00f6nb\u00f6z\u0151 g\u00f6dr\u00f6k is.<\/p>\n<p>Dr. Kert\u00e9sz R\u00f3bert r\u00e9g\u00e9sz, \u00fagy fogalmazott &#8211; -Durv\u00e1n 1100 m2 ter\u00fcletet kell megkutatni, az elm\u00falt \u00e9vi 170 m2-rel ellent\u00e9tben, teh\u00e1t ez egy nagyobb volumen\u0171, t\u00edzszeres fel\u00fcletet ig\u00e9nybe vev\u0151 kutat\u00e1s lesz, t\u00f6bb emberrel is fogunk dolgozni \u00e9s h\u00e1t ide\u00e1lisabb \u00e1sat\u00e1si k\u00f6r\u00fclm\u00e9nyek k\u00f6z\u00f6tt, mint tavaly \u0151sszel.&#8221;<\/p>\n<p>A r\u00e9g\u00e9szek els\u0151sorban a 16. \u00e9s 18. sz\u00e1zad k\u00f6z\u00f6tti talajr\u00e9tegeket vizsg\u00e1lj\u00e1k a mostani felt\u00e1r\u00e1s sor\u00e1n. A falmaradv\u00e1nyok, cser\u00e9pt\u00f6red\u00e9kek mellett m\u00e1s leletek pl. 19. sz\u00e1zadi bet\u0171st\u00e9gl\u00e1k, valamint egy a R\u00e1k\u00f3czi szabads\u00e1gharc kor\u00e1b\u00f3l sz\u00e1rmaz\u00f3 \u00e9rme is el\u0151ker\u00fclt. <\/p>\n<p>-Tal\u00e1ltunk is egy \u00e9rmet, Lip\u00f3t cs\u00e1sz\u00e1rnak az \u00e9rm\u00e9t, R\u00e1k\u00f3czi Szabads\u00e1gharcnak az id\u0151szaka. Tudjuk, hogy ekkor megostromolt\u00e1k a v\u00e1rat t\u00f6bb alkalommal is. Ez az id\u0151szak, ahol meg\u00e1lltunk, teh\u00e1t most a 18 \u00e9s a 21. sz\u00e1zad k\u00f6z\u00f6tti r\u00e9teget t\u00e1vol\u00edtottuk el g\u00e9pi humuszol\u00e1s sor\u00e1n.&#8221;  &#8211;   mondta a r\u00e9g\u00e9sz<\/p>\n<p>A Modern V\u00e1ros Program keret\u00e9ben megval\u00f3sul\u00f3 Szolnoki M\u0171v\u00e9sztelep Fejleszt\u00e9se elnevez\u00e9s\u0171 projekt kapcs\u00e1n az El\u0151zetes R\u00e9g\u00e9szeti Dokument\u00e1ci\u00f3t Szolnok Megyei jog\u00fa V\u00e1ros megrendel\u00e9s\u00e9re a Budav\u00e1ri Kft. k\u00e9sz\u00edtette. Az elk\u00e9sz\u00fclt dokument\u00e1ci\u00f3 \u00e9s felt\u00e1r\u00e1si projektterv alapj\u00e1n a r\u00e9g\u00e9szettel \u00e9rintett ter\u00fclet 2053 m2, melyek tervezett befejez\u00e9si hat\u00e1rideje 2018 augusztus v\u00e9ge.<\/p>\n<div style=\"width: 640px;\" class=\"wp-video\"><!--[if lt IE 9]><script>document.createElement('video');<\/script><![endif]-->\n<video class=\"wp-video-shortcode\" id=\"video-8814-1\" width=\"640\" height=\"360\" preload=\"metadata\" controls=\"controls\"><source type=\"video\/mp4\" src=\"\/spots\/hir\/hir_180419_04.mp4?_=1\" \/><a href=\"\/spots\/hir\/hir_180419_04.mp4\">\/spots\/hir\/hir_180419_04.mp4<\/a><\/video><\/div>\n","protected":false},"excerpt":{"rendered":"<p>T\u00f6bb sz\u00e1z k\u00f6bm\u00e9ter f\u00f6ldet mozgattak meg h\u00e9tf\u0151 \u00f3ta a r\u00e9g\u00e9szek a M\u0171v\u00e9sztelepen. Az egykori szolnoki v\u00e1r felt\u00e1r\u00e1sa \u00faj fejezet\u00e9hez \u00e9rkezett a k\u00f6zelm\u00falt mintegy 1,5 m\u00e9teres f\u00f6ldr\u00e9tege m\u00e1r halmokban \u00e1ll, utat engedve a kor\u00e1bbi sz\u00e1zadok leleteihez. A tavaly \u0151szi pr\u00f3ba\u00e1sat\u00e1sok ut\u00e1n &#8211; amelyek azt a k\u00e9rd\u00e9st vizsg\u00e1lt\u00e1k, hogy a hamarosan meg\u00e9p\u00fcl\u0151 \u00faj \u00e9p\u00fcletek hely\u00e9n mit rejthet [&hellip;]<\/p>\n","protected":false},"author":2,"featured_media":0,"comment_status":"closed","ping_status":"closed","sticky":false,"template":"","format":"standard","meta":[],"categories":[9],"tags":[],"_links":{"self":[{"href":"http:\/\/archiv.szolnoktv.hu\/index.php?rest_route=\/wp\/v2\/posts\/8814"}],"collection":[{"href":"http:\/\/archiv.szolnoktv.hu\/index.php?rest_route=\/wp\/v2\/posts"}],"about":[{"href":"http:\/\/archiv.szolnoktv.hu\/index.php?rest_route=\/wp\/v2\/types\/post"}],"author":[{"embeddable":true,"href":"http:\/\/archiv.szolnoktv.hu\/index.php?rest_route=\/wp\/v2\/users\/2"}],"replies":[{"embeddable":true,"href":"http:\/\/archiv.szolnoktv.hu\/index.php?rest_route=%2Fwp%2Fv2%2Fcomments&post=8814"}],"version-history":[{"count":1,"href":"http:\/\/archiv.szolnoktv.hu\/index.php?rest_route=\/wp\/v2\/posts\/8814\/revisions"}],"predecessor-version":[{"id":8980,"href":"http:\/\/archiv.szolnoktv.hu\/index.php?rest_route=\/wp\/v2\/posts\/8814\/revisions\/8980"}],"wp:attachment":[{"href":"http:\/\/archiv.szolnoktv.hu\/index.php?rest_route=%2Fwp%2Fv2%2Fmedia&parent=8814"}],"wp:term":[{"taxonomy":"category","embeddable":true,"href":"http:\/\/archiv.szolnoktv.hu\/index.php?rest_route=%2Fwp%2Fv2%2Fcategories&post=8814"},{"taxonomy":"post_tag","embeddable":true,"href":"http:\/\/archiv.szolnoktv.hu\/index.php?rest_route=%2Fwp%2Fv2%2Ftags&post=8814"}],"curies":[{"name":"wp","href":"https:\/\/api.w.org\/{rel}","templated":true}]}}