{"id":8813,"date":"2018-04-18T18:30:34","date_gmt":"2018-04-18T18:30:34","guid":{"rendered":"http:\/\/archiv.szolnoktv.hu\/?p=8813"},"modified":"2021-08-14T14:02:14","modified_gmt":"2021-08-14T14:02:14","slug":"elindult-a-kullancsszezon","status":"publish","type":"post","link":"http:\/\/archiv.szolnoktv.hu\/?p=8813","title":{"rendered":"Elindult a kullancsszezon"},"content":{"rendered":"<div class='booster-block booster-read-block'><\/div><p>F\u0171sz\u00e1lakon, bokrokon, illetve a levelek fon\u00e1kjain kapaszkodnak meg leggyakrabban az emberre \u00e9s az \u00e1llatokra is vesz\u00e9lyes \u00e9l\u0151sk\u00f6d\u0151k a kullancsok. Az elm\u00falt 25 \u00e9vben az \u00e9vszakok szinte \u00f6sszemos\u00f3dtak. A talaj menti fagy ezen a t\u00e9len is elmaradt, ez\u00e9rt voltak, akik kedvenc\u00fckben m\u00e1r febru\u00e1rban felfedeztek az els\u0151 kullancsokat.  (ide a kutya s\u00e9t\u00e1ltat\u00f3s k\u00e9pek kellenek)<\/p>\n<p>-A tavasz mindig a kullancsszezon kezdete \u00e9s sajnos egyre t\u00f6bb a kullancs. Nagy a kullancsok fert\u0151z\u00f6tts\u00e9ge is. M\u00e1r olyan 30-35%-n\u00e1l tartunk a kullancs fert\u0151z\u00f6tts\u00e9get tekintve. K\u00e9t \u00e9vvel ez el\u0151tt 10-15% volt, teh\u00e1t egyre n\u0151 a fert\u0151z\u00f6tt kullancsok sz\u00e1ma.&#8221;- mondta Dr. B\u00f3n\u00e9 L\u00e1szl\u00f3 \u00e1llatorvos.<\/p>\n<p>H\u00e1zi kedvenc\u00fcnkben azonban nem csak s\u00e9t\u00e1ltat\u00e1s ut\u00e1n tal\u00e1lhatunk kullancsot. A v\u00e9rsz\u00edv\u00f3k ak\u00e1r a kertben is el\u0151fordulhatnak. A megel\u0151z\u00e9s a n\u00e9gyl\u00e1b\u00faak eset\u00e9ben nagyon fontos. A gazd\u00e1k cseppekkel, nyak\u00f6rvvel \u00e9s tablett\u00e1kkal is v\u00e9dhetik kedvenceiket. Abban az esetben, ha megel\u0151z\u00e9s elmaradt a kullancsot legk\u00f6nnyebben a kis\u00e1llat gy\u00f3gyszert\u00e1rakban kaphat\u00f3 csipesszel lehet elt\u00e1vol\u00edtani.<\/p>\n<p> -Ezzel a k\u00f6vetkez\u0151k\u00e9ppen csin\u00e1ljuk: megkeress\u00fck a kullancsot. Eg\u00e9szen a b\u0151rig nyomjuk a csipeszt, ut\u00e1na elengedj\u00fck ut\u00e1na \u00f6sszefogja \u00e9s kiemelj\u00fck. Nem szabad olajozni, nem szabad kr\u00e9mezni. Ezekt\u0151l elpusztul a kullancs \u00e9s bejuttatja a k\u00f3rokoz\u00f3kat.&#8221;- mutatta a m\u0171veletet Dr. B\u00f3n\u00e9 L\u00e1szl\u00f3 \u00e1llatorvos. <\/p>\n<p>Ebben az anim\u00e1ci\u00f3s vide\u00f3ban j\u00f3l l\u00e1tszik, hogy hogyan f\u00farja be mag\u00e1t a kullancs a b\u0151rbe \u00e9s kezdi meg a v\u00e9rsz\u00edv\u00e1st n\u00e9h\u00e1ny \u00f3r\u00e1n bel\u00fcl. A Magyar Kullancssz\u00f6vets\u00e9g vizsg\u00e1latai szerint ma a kullancsok k\u00f6zel 50% fert\u0151z\u00f6tt. Az \u00e9l\u0151sk\u00f6d\u0151k 98%-a a Lyme-k\u00f3r valamelyik bakt\u00e9rium\u00e1val fert\u0151z\u00f6tt, ami az emberre \u00e9s az \u00e1llatokra is vesz\u00e9lyt jelent.<\/p>\n<p>&#8211; A kullancs is egy \u00e9rz\u0151 l\u00e9ny \u00e9s a f\u00e1jdalomra \u0151 is gy\u00f6tr\u0151d\u00e9ssel reag\u00e1l. Ez\u00e9rt szigor\u00faan tilos k\u00f6r\u00f6mmel megcs\u00edpni, mert ha addig nem k\u00f6p\u00f6tt fert\u0151z\u0151 ny\u00e1lat az \u00e1ldozat\u00e1ba, a gy\u00f6tr\u0151d\u00e9s miatt fog ez megt\u00f6rt\u00e9nni. Ez\u00e9rt csak egyed\u00fcli egy eszk\u00f6zzel a kullancs elt\u00e1vol\u00edt\u00f3 kan\u00e1llal t\u00e1vol\u00edts\u00e1k el. Ez az egyetlen orvos technikai eszk\u00f6z, ami fert\u0151z\u00e9s menetesen t\u00e1vol\u00edtja el a kullancsot.&#8221;- mondta Dr. Kapiller Zolt\u00e1n a Magyar Kullancssz\u00f6vets\u00e9g K\u00f6zhaszn\u00fa Egyes\u00fclet eln\u00f6ke.<\/p>\n<p>Elt\u00e1vol\u00edt\u00e1s ut\u00e1n fontos, hogy ne dobjuk el a kullancsot. Gy\u00f3gyszert\u00e1rakban kaphat\u00f3 gyors teszt, illetve \u00e1llatorvos seg\u00edts\u00e9g\u00e9vel beazonos\u00edthat\u00f3, hogy a v\u00e9rsz\u00edv\u00f3 fert\u0151z\u00f6tt volt vagy sem. Ez a fert\u0151z\u00e9sek beazonos\u00edt\u00e1s\u00e1t seg\u00edti. A m\u00e1rciusban kezd\u0151d\u00f6tt kullancs szezon novemberig tart.<br \/>\n<br \/>\n<div style=\"width: 640px;\" class=\"wp-video\"><!--[if lt IE 9]><script>document.createElement('video');<\/script><![endif]-->\n<video class=\"wp-video-shortcode\" id=\"video-8813-1\" width=\"640\" height=\"360\" preload=\"metadata\" controls=\"controls\"><source type=\"video\/mp4\" src=\"\/spots\/hir\/hir_180418_06.mp4?_=1\" \/><a href=\"\/spots\/hir\/hir_180418_06.mp4\">\/spots\/hir\/hir_180418_06.mp4<\/a><\/video><\/div><\/p>\n","protected":false},"excerpt":{"rendered":"<p>F\u0171sz\u00e1lakon, bokrokon, illetve a levelek fon\u00e1kjain kapaszkodnak meg leggyakrabban az emberre \u00e9s az \u00e1llatokra is vesz\u00e9lyes \u00e9l\u0151sk\u00f6d\u0151k a kullancsok. Az elm\u00falt 25 \u00e9vben az \u00e9vszakok szinte \u00f6sszemos\u00f3dtak. A talaj menti fagy ezen a t\u00e9len is elmaradt, ez\u00e9rt voltak, akik kedvenc\u00fckben m\u00e1r febru\u00e1rban felfedeztek az els\u0151 kullancsokat. (ide a kutya s\u00e9t\u00e1ltat\u00f3s k\u00e9pek kellenek) -A tavasz mindig [&hellip;]<\/p>\n","protected":false},"author":2,"featured_media":0,"comment_status":"closed","ping_status":"closed","sticky":false,"template":"","format":"standard","meta":[],"categories":[9],"tags":[],"_links":{"self":[{"href":"http:\/\/archiv.szolnoktv.hu\/index.php?rest_route=\/wp\/v2\/posts\/8813"}],"collection":[{"href":"http:\/\/archiv.szolnoktv.hu\/index.php?rest_route=\/wp\/v2\/posts"}],"about":[{"href":"http:\/\/archiv.szolnoktv.hu\/index.php?rest_route=\/wp\/v2\/types\/post"}],"author":[{"embeddable":true,"href":"http:\/\/archiv.szolnoktv.hu\/index.php?rest_route=\/wp\/v2\/users\/2"}],"replies":[{"embeddable":true,"href":"http:\/\/archiv.szolnoktv.hu\/index.php?rest_route=%2Fwp%2Fv2%2Fcomments&post=8813"}],"version-history":[{"count":1,"href":"http:\/\/archiv.szolnoktv.hu\/index.php?rest_route=\/wp\/v2\/posts\/8813\/revisions"}],"predecessor-version":[{"id":8981,"href":"http:\/\/archiv.szolnoktv.hu\/index.php?rest_route=\/wp\/v2\/posts\/8813\/revisions\/8981"}],"wp:attachment":[{"href":"http:\/\/archiv.szolnoktv.hu\/index.php?rest_route=%2Fwp%2Fv2%2Fmedia&parent=8813"}],"wp:term":[{"taxonomy":"category","embeddable":true,"href":"http:\/\/archiv.szolnoktv.hu\/index.php?rest_route=%2Fwp%2Fv2%2Fcategories&post=8813"},{"taxonomy":"post_tag","embeddable":true,"href":"http:\/\/archiv.szolnoktv.hu\/index.php?rest_route=%2Fwp%2Fv2%2Ftags&post=8813"}],"curies":[{"name":"wp","href":"https:\/\/api.w.org\/{rel}","templated":true}]}}