{"id":8812,"date":"2018-04-18T15:56:06","date_gmt":"2018-04-18T15:56:06","guid":{"rendered":"http:\/\/archiv.szolnoktv.hu\/?p=8812"},"modified":"2021-08-14T14:02:14","modified_gmt":"2021-08-14T14:02:14","slug":"nem-lesz-iden-repcemez","status":"publish","type":"post","link":"http:\/\/archiv.szolnoktv.hu\/?p=8812","title":{"rendered":"Nem lesz id\u00e9n repcem\u00e9z"},"content":{"rendered":"<div class='booster-block booster-read-block'><\/div><p>-Repcevir\u00e1g-porral kellene haza\u00e9rkezni\u00fck \u00e9s ahogy a kij\u00e1r\u00f3t l\u00e1tjuk, nincs vir\u00e1gporos m\u00e9h.&#8221;<\/p>\n<p>A kapt\u00e1rokat \u00e9s a m\u00e9heket ellen\u0151rzi ez a szandasz\u0151l\u0151si m\u00e9h\u00e9sz. Moln\u00e1r Ferenc mintegy 60 m\u00e9hcsal\u00e1dot tart, azt mondja m\u00e1r most l\u00e1tszik, hogy idei hideg tavaszon a szokottn\u00e1l kevesebb m\u00e9h sz\u00fcletett, ez\u00e9rt nincs el\u00e9g dolgoz\u00f3 a repce-vir\u00e1gpor betakar\u00edt\u00e1s\u00e1ra.<\/p>\n<p>-Vir\u00e1gz\u00f3 repcet\u00e1bl\u00e1n\u00e1l felh\u0151ben kellene a m\u00e9heknek lennie.&#8221;<\/p>\n<p>A vir\u00e1gpor betakar\u00edt\u00e1s els\u0151 nagyobb hull\u00e1ma \u00e1ltal\u00e1ban a repce szokott lenni, ezt csak n\u00e9h\u00e1ny gy\u00fcm\u00f6lcsfa el\u0151zi meg  &#8211;   mondja a szakember. Az elm\u00falt h\u00f3napok rendk\u00edv\u00fcl sz\u00e9ls\u0151s\u00e9ges id\u0151j\u00e1r\u00e1sban azonban a f\u00e1k k\u00e9s\u0151bb kezdtek vir\u00e1gozni, illetve a m\u00e9hek sem szaporodtak a megszokott \u00fctemben. <\/p>\n<p>-Ez a m\u00e1rciusi hideg ez kellemetlen\u00fcl \u00e9rintette a m\u00e9hcsal\u00e1dokat, ugyan \u00fagy mint a term\u00e9szet, veget\u00e1l, nem l\u00e1ttunk m\u00e9g a f\u00e1kon leveleket sem, nem m\u00e9g hogy vir\u00e1gokat. A m\u00e9hcsal\u00e1dok erre \u00fagy reag\u00e1ltak, hogy a szapor\u00edt\u00e1st vissz\u00e1bb fogt\u00e1k.&#8221;  Mondta Moln\u00e1r Ferenc m\u00e9h\u00e9szeti szaktan\u00e1csad\u00f3<\/p>\n<p>A dolgoz\u00f3 m\u00e9hek alacsony sz\u00e1m\u00e1nak v\u00e1rhat\u00f3an az lesz a k\u00f6vetkezm\u00e9nye, hogy id\u00e9n a repc\u00e9b\u0151l sz\u00e1rmaz\u00f3 m\u00e9z ar\u00e1nya alacsony lesz, vagy teljesen ki is marad. A termel\u0151k most abban b\u00edznak, hogy a hamarosan k\u00f6vetkez\u0151 ak\u00e1cvir\u00e1gz\u00e1sra a kapt\u00e1rok \u00e1llom\u00e1nya el\u00e9ri az optim\u00e1lis szintet. <\/p>\n<p>Moln\u00e1r Ferenc r\u00e1mutatott &#8211; -A m\u00e9hcsal\u00e1dok is \u00e9rzik a j\u00f3 id\u0151t, teh\u00e1t \u0151k is k\u00fczdenek. Ak\u00e1cvir\u00e1gz\u00e1sra nagy val\u00f3sz\u00edn\u0171s\u00e9ggel utol\u00e9rik magukat a m\u00e9hcsal\u00e1dok, de igaz\u00e1b\u00f3l ez repc\u00e9re szokott m\u00e1r bek\u00f6vetkezni. 3-4 h\u00e9t m\u00falva k\u00f6vetkezik be az ak\u00e1c vir\u00e1gz\u00e1s, b\u00edzzunk benne, hogy a n\u00e9pess\u00e9g addigra el\u00e9ri azt a l\u00e9tsz\u00e1mot, hogy legal\u00e1bb ak\u00e1cm\u00e9z legyen.&#8221;<\/p>\n<p>Vil\u00e1gszerte, \u00edgy Magyarorsz\u00e1gon is \u00e9vek \u00f3ta cs\u00f6kken a m\u00e9h\u00e1llom\u00e1ny. Ennek a vegyszerez\u00e9s mellett az az egyik oka, hogy a repce \u00e9s az ak\u00e1c vir\u00e1gz\u00e1sa ut\u00e1n a napraforg\u00f3 \u00e9r\u00e9s\u00e9\u00e9ig a legt\u00f6bb m\u00e9hcsal\u00e1d nem tal\u00e1l \u00e9lelmet. <\/p>\n<div style=\"width: 640px;\" class=\"wp-video\"><!--[if lt IE 9]><script>document.createElement('video');<\/script><![endif]-->\n<video class=\"wp-video-shortcode\" id=\"video-8812-1\" width=\"640\" height=\"360\" preload=\"metadata\" controls=\"controls\"><source type=\"video\/mp4\" src=\"\/spots\/hir\/hir_180418_05.mp4?_=1\" \/><a href=\"\/spots\/hir\/hir_180418_05.mp4\">\/spots\/hir\/hir_180418_05.mp4<\/a><\/video><\/div>\n","protected":false},"excerpt":{"rendered":"<p>-Repcevir\u00e1g-porral kellene haza\u00e9rkezni\u00fck \u00e9s ahogy a kij\u00e1r\u00f3t l\u00e1tjuk, nincs vir\u00e1gporos m\u00e9h.&#8221; A kapt\u00e1rokat \u00e9s a m\u00e9heket ellen\u0151rzi ez a szandasz\u0151l\u0151si m\u00e9h\u00e9sz. Moln\u00e1r Ferenc mintegy 60 m\u00e9hcsal\u00e1dot tart, azt mondja m\u00e1r most l\u00e1tszik, hogy idei hideg tavaszon a szokottn\u00e1l kevesebb m\u00e9h sz\u00fcletett, ez\u00e9rt nincs el\u00e9g dolgoz\u00f3 a repce-vir\u00e1gpor betakar\u00edt\u00e1s\u00e1ra. -Vir\u00e1gz\u00f3 repcet\u00e1bl\u00e1n\u00e1l felh\u0151ben kellene a m\u00e9heknek lennie.&#8221; [&hellip;]<\/p>\n","protected":false},"author":2,"featured_media":0,"comment_status":"closed","ping_status":"closed","sticky":false,"template":"","format":"standard","meta":[],"categories":[9],"tags":[],"_links":{"self":[{"href":"http:\/\/archiv.szolnoktv.hu\/index.php?rest_route=\/wp\/v2\/posts\/8812"}],"collection":[{"href":"http:\/\/archiv.szolnoktv.hu\/index.php?rest_route=\/wp\/v2\/posts"}],"about":[{"href":"http:\/\/archiv.szolnoktv.hu\/index.php?rest_route=\/wp\/v2\/types\/post"}],"author":[{"embeddable":true,"href":"http:\/\/archiv.szolnoktv.hu\/index.php?rest_route=\/wp\/v2\/users\/2"}],"replies":[{"embeddable":true,"href":"http:\/\/archiv.szolnoktv.hu\/index.php?rest_route=%2Fwp%2Fv2%2Fcomments&post=8812"}],"version-history":[{"count":1,"href":"http:\/\/archiv.szolnoktv.hu\/index.php?rest_route=\/wp\/v2\/posts\/8812\/revisions"}],"predecessor-version":[{"id":8982,"href":"http:\/\/archiv.szolnoktv.hu\/index.php?rest_route=\/wp\/v2\/posts\/8812\/revisions\/8982"}],"wp:attachment":[{"href":"http:\/\/archiv.szolnoktv.hu\/index.php?rest_route=%2Fwp%2Fv2%2Fmedia&parent=8812"}],"wp:term":[{"taxonomy":"category","embeddable":true,"href":"http:\/\/archiv.szolnoktv.hu\/index.php?rest_route=%2Fwp%2Fv2%2Fcategories&post=8812"},{"taxonomy":"post_tag","embeddable":true,"href":"http:\/\/archiv.szolnoktv.hu\/index.php?rest_route=%2Fwp%2Fv2%2Ftags&post=8812"}],"curies":[{"name":"wp","href":"https:\/\/api.w.org\/{rel}","templated":true}]}}