{"id":8811,"date":"2018-04-18T15:41:50","date_gmt":"2018-04-18T15:41:50","guid":{"rendered":"http:\/\/archiv.szolnoktv.hu\/?p=8811"},"modified":"2021-08-14T14:02:14","modified_gmt":"2021-08-14T14:02:14","slug":"aprilis-eleje-ota-nyirjak-a-fuvet","status":"publish","type":"post","link":"http:\/\/archiv.szolnoktv.hu\/?p=8811","title":{"rendered":"\u00c1prilis eleje \u00f3ta ny\u00edrj\u00e1k a f\u00fcvet"},"content":{"rendered":"<div class='booster-block booster-read-block'><\/div><p>Meg\u00e1ll\u00e1s n\u00e9lk\u00fcl, \u00f6sszehangoltan, gyors \u00fctemben ny\u00edrj\u00e1k a f\u00fcvet a V\u00e1ros\u00fczemeltet\u00e9si Kft. munkag\u00e9pei. 50-100 m\u00e9tert el\u0151re, majd vissza, eg\u00e9szen addig, m\u00edg a gy\u0171jt\u0151kos\u00e1r meg nem telik. A m\u00e1sik f\u0171ny\u00edr\u00f3 a kis teret j\u00e1rja k\u00f6rbe, amikor tele a gy\u0171jt\u0151ed\u00e9ny, \u0151 is \u00fcr\u00edti a v\u00e1gott f\u00fcvet. A n\u00e9hol m\u00e1r val\u00f3ban magasra n\u0151tt f\u0171 a g\u00e9pek m\u00f6g\u00f6tt m\u00e1r sz\u00e9p l\u00e1tv\u00e1nyt ny\u00fajt.<\/p>\n<p>A munka \u00e1prilis els\u0151 het\u00e9ben elkezd\u0151d\u00f6tt, az\u00f3ta a g\u00e9pek folyamatosan j\u00e1rj\u00e1k a v\u00e1rost. Ma a Vosztokn\u00e1l, majd a J\u00f3zsef Attila \u00fatn\u00e1l ny\u00edrt\u00e1k a f\u00fcvet.<\/p>\n<p>Ahogyan megindult a veget\u00e1ci\u00f3, \u00fagy indultak a g\u00e9pek is. A tervek szerint augusztus v\u00e9g\u00e9ig, de ha kell szeptemberben is ny\u00edrj\u00e1k majd a f\u00fcvet. Az 5 nagy teljes\u00edtm\u00e9ny\u0171 f\u0171ny\u00edr\u00f3 t\u00f6bb milli\u00f3 n\u00e9gyzetm\u00e9tert j\u00e1r be &#8211; ha kell bizonyos ter\u00fcleteket t\u00f6bbsz\u00f6r is.<\/p>\n<p>&#8220;Szolnok ter\u00fclet\u00e9n megk\u00fcl\u00f6nb\u00f6ztet\u00fcnk t\u00f6bb r\u00e9gi\u00f3t, a belv\u00e1rosban 12-16-szor ny\u00edrjuk a f\u00fcvet, a k\u00fclter\u00fcleteken 2-3-szor \u00e9vente.&#8221; -mondta LITS L\u00c1SZL\u00d3 \u00fcgyvezet\u0151 igazgat\u00f3.<\/p>\n<p>A feladatot ma m\u00e1r emelt m\u0171szaki tartalommal l\u00e1tj\u00e1k el. Mindez azt jelenti, hogy nem csak ny\u00edrj\u00e1k a f\u00fcvet, \u00f6ssze is gy\u0171jtik, majd biol\u00f3giai leboml\u00f3 term\u00e9kk\u00e9nt \u00e9rt\u00e9kes\u00edtik. A munk\u00e1latokhoz az anyagi forr\u00e1st a v\u00e1ros biztos\u00edtja, \u00edgy szerz\u0151d\u00e9s szerint j\u00e1rnak a g\u00e9pek &#8211; ig\u00e9ny eset\u00e9n \u00e9s &#8220;havaria&#8221; helyzetben azonban a t\u00e1rsas\u00e1g ell\u00e1tja a plusz feladatokat is.<\/p>\n<p>&#8220;M\u00falt \u00e9v \u00f3ta pozit\u00edv visszajelz\u00e9seket kap a t\u00e1rsas\u00e1g, az az integr\u00e1lt munka, amelyet elkezdt\u00fcnk, annak az eredm\u00e9nye ma m\u00e1r egy\u00e9rtelm\u0171en l\u00e1tszik.&#8221; -folytatta az igazgat\u00f3.<\/p>\n<p>A f\u0171ny\u00edr\u00e1s mellett gallyaz\u00e1st, s\u00f6v\u00e9nyny\u00edr\u00e1st, vir\u00e1gos\u00edt\u00e1st is v\u00e9gez a t\u00e1rsas\u00e1g, a munk\u00e1latokhoz emel\u0151kosaras aut\u00f3kat is beszereztek, \u00edgy a speci\u00e1lis feladatokat ma m\u00e1r k\u00f6nnyebben \u00e9s hat\u00e9konyabban tudj\u00e1k elv\u00e9gezni.<br \/>\n<br \/>\n<div style=\"width: 640px;\" class=\"wp-video\"><!--[if lt IE 9]><script>document.createElement('video');<\/script><![endif]-->\n<video class=\"wp-video-shortcode\" id=\"video-8811-1\" width=\"640\" height=\"360\" preload=\"metadata\" controls=\"controls\"><source type=\"video\/mp4\" src=\"\/spots\/hir\/hir_180418_02.mp4?_=1\" \/><a href=\"\/spots\/hir\/hir_180418_02.mp4\">\/spots\/hir\/hir_180418_02.mp4<\/a><\/video><\/div><\/p>\n","protected":false},"excerpt":{"rendered":"<p>Meg\u00e1ll\u00e1s n\u00e9lk\u00fcl, \u00f6sszehangoltan, gyors \u00fctemben ny\u00edrj\u00e1k a f\u00fcvet a V\u00e1ros\u00fczemeltet\u00e9si Kft. munkag\u00e9pei. 50-100 m\u00e9tert el\u0151re, majd vissza, eg\u00e9szen addig, m\u00edg a gy\u0171jt\u0151kos\u00e1r meg nem telik. A m\u00e1sik f\u0171ny\u00edr\u00f3 a kis teret j\u00e1rja k\u00f6rbe, amikor tele a gy\u0171jt\u0151ed\u00e9ny, \u0151 is \u00fcr\u00edti a v\u00e1gott f\u00fcvet. A n\u00e9hol m\u00e1r val\u00f3ban magasra n\u0151tt f\u0171 a g\u00e9pek m\u00f6g\u00f6tt m\u00e1r sz\u00e9p [&hellip;]<\/p>\n","protected":false},"author":2,"featured_media":0,"comment_status":"closed","ping_status":"closed","sticky":false,"template":"","format":"standard","meta":[],"categories":[9],"tags":[],"_links":{"self":[{"href":"http:\/\/archiv.szolnoktv.hu\/index.php?rest_route=\/wp\/v2\/posts\/8811"}],"collection":[{"href":"http:\/\/archiv.szolnoktv.hu\/index.php?rest_route=\/wp\/v2\/posts"}],"about":[{"href":"http:\/\/archiv.szolnoktv.hu\/index.php?rest_route=\/wp\/v2\/types\/post"}],"author":[{"embeddable":true,"href":"http:\/\/archiv.szolnoktv.hu\/index.php?rest_route=\/wp\/v2\/users\/2"}],"replies":[{"embeddable":true,"href":"http:\/\/archiv.szolnoktv.hu\/index.php?rest_route=%2Fwp%2Fv2%2Fcomments&post=8811"}],"version-history":[{"count":1,"href":"http:\/\/archiv.szolnoktv.hu\/index.php?rest_route=\/wp\/v2\/posts\/8811\/revisions"}],"predecessor-version":[{"id":8983,"href":"http:\/\/archiv.szolnoktv.hu\/index.php?rest_route=\/wp\/v2\/posts\/8811\/revisions\/8983"}],"wp:attachment":[{"href":"http:\/\/archiv.szolnoktv.hu\/index.php?rest_route=%2Fwp%2Fv2%2Fmedia&parent=8811"}],"wp:term":[{"taxonomy":"category","embeddable":true,"href":"http:\/\/archiv.szolnoktv.hu\/index.php?rest_route=%2Fwp%2Fv2%2Fcategories&post=8811"},{"taxonomy":"post_tag","embeddable":true,"href":"http:\/\/archiv.szolnoktv.hu\/index.php?rest_route=%2Fwp%2Fv2%2Ftags&post=8811"}],"curies":[{"name":"wp","href":"https:\/\/api.w.org\/{rel}","templated":true}]}}