{"id":8810,"date":"2018-04-18T15:20:33","date_gmt":"2018-04-18T15:20:33","guid":{"rendered":"http:\/\/archiv.szolnoktv.hu\/?p=8810"},"modified":"2021-08-14T14:02:14","modified_gmt":"2021-08-14T14:02:14","slug":"megyei-belviz-helyzet-a-mezogazdasagban","status":"publish","type":"post","link":"http:\/\/archiv.szolnoktv.hu\/?p=8810","title":{"rendered":"Megyei belv\u00edz helyzet a mez\u0151gazdas\u00e1gban"},"content":{"rendered":"<div class='booster-block booster-read-block'><\/div><p>Munkag\u00e9pek helyett k\u00f3csagok j\u00e1rj\u00e1k a term\u0151f\u00f6ldet. Sz\u00e1mukra ide\u00e1lis a k\u00f6rnyezet, a mez\u0151gazd\u00e1szoknak kor\u00e1ntsem. Itt ugyanis m\u00e1r el kellett volna vetni a napraforg\u00f3t \u00e9s a kukoric\u00e1t, de a belv\u00edz miatt nem tudnak r\u00e1menni a f\u00f6ldre. A vet\u00e9sre r\u00e1ad\u00e1sul m\u00e1r es\u00e9ly sincs, hiszen err\u0151l a ter\u00fcletr\u0151l  &#8211;   ide\u00e1lis id\u0151j\u00e1r\u00e1s eset\u00e9n &#8211; nagyj\u00e1b\u00f3l 2 h\u00f3nap m\u00falva t\u0171nhet el a v\u00edz.<\/p>\n<p>-Ilyen jelleg\u0171 belv\u00edz \u00e1prilis k\u00f6zep\u00e9n m\u00e1r nem szokott lenni. \u00c1ltal\u00e1ban febru\u00e1rban lemegy \u00e9s m\u00e1rcius k\u00f6zep\u00e9t\u0151l tudunk vetni. Most t\u00f6bb, mint egy h\u00f3napos k\u00e9s\u00e9sben vagyunk teh\u00e1t ebben a ter\u00fcletben m\u00e1r id\u0151ben vetni tavaszi n\u00f6v\u00e9nyt nem lehet. Sajnos a k\u00f6r\u00fclm\u00e9nyek \u00fagy ad\u00f3dtak, hogy az ut\u00f3bbi \u00e9vek legk\u00e9s\u0151bbi t\u00e9lh\u00faz\u00f3d\u00e1sa ut\u00e1n vagyunk \u00e9s ez \u00edgy nagy probl\u00e9m\u00e1t okoz a gazdat\u00e1rsaknak.&#8221;  &#8211;   mondta Hubai Imre Csaba a Nemzeti Agr\u00e1rgazdas\u00e1gi Kamara megyei eln\u00f6ke.<\/p>\n<p>A t\u00e9l beleny\u00falt a tavaszba, k\u00e9s\u0151bb \u00e9rkezett az egy\u00e9bk\u00e9nt v\u00e1rt \u00e9s megszokott belv\u00edz, b\u00e1r id\u00e9n ez a szok\u00e1sosn\u00e1l j\u00f3val nagyobb m\u00e9rt\u00e9k\u0171. A tavaszi munk\u00e1kat sok helyen nem tudt\u00e1k elkezdeni, hiszen a megy\u00e9ben nagyj\u00e1b\u00f3l 15.000 hekt\u00e1r term\u0151f\u00f6ld van v\u00edz alatt. Ha folytat\u00f3dna a szerdaihoz hasonl\u00f3, napos, de szeles id\u0151j\u00e1r\u00e1s akkor egy h\u00f3nap m\u00falva elkezd\u0151dhetne a munka a jelenleg vesz\u00e9lyeztetett ter\u00fclet mintegy k\u00e9t harmad\u00e1n.<\/p>\n<p>-Akkor az kellene, hogy legyen egy j\u00f3 nevel\u0151 m\u00e1jusi es\u0151, amivel kikel \u00e9s tud fejl\u0151dni a n\u00f6v\u00e9ny\u00e1llom\u00e1ny. A t\u00f6bbi r\u00e9sz az 1\/3-a m\u00e1r nem lesz vet\u00e9s, azt ugarolni, m\u0171velni kell, hogy \u0151sszel legal\u00e1bb kult\u00fark\u00f6r\u00fclm\u00e9nyek k\u00f6z\u00e9 tudjunk vetni, de m\u00e9g akkor is fenn\u00e1ll a probl\u00e9ma, hogy, amit k\u00e9s\u0151bb vet\u00fcnk az \u0151szi id\u0151szakba beleny\u00falik a betakar\u00edt\u00e1s, a sz\u00e1ll\u00edt\u00e1s is terheli a n\u00f6v\u00e9ny k\u00f6lts\u00e9geit valamint az \u0151szi vet\u00e9sek megcs\u00fasz\u00e1sa is fenn \u00e1llhat.&#8221;  &#8211;   tette hozz\u00e1 Hubai Imre Csaba.<\/p>\n<p>A teny\u00e9szid\u0151 ugyanis a tavasszal elvetett n\u00f6v\u00e9nyek eset\u00e9ben hosszabbodik, \u00edgy az \u0151szi vet\u00e9st is k\u00e9s\u0151bb lehet elkezdeni. Mindez term\u00e9szetesen kihathat a piaci \u00e1rakra is, de Hubai Imre Csaba azt mondja, ezt m\u00e9g neh\u00e9z megj\u00f3solni, ha lesz is dr\u00e1gul\u00e1s v\u00e9lhet\u0151en az p\u00e1r sz\u00e1zal\u00e9kos lehet.<\/p>\n<div style=\"width: 640px;\" class=\"wp-video\"><!--[if lt IE 9]><script>document.createElement('video');<\/script><![endif]-->\n<video class=\"wp-video-shortcode\" id=\"video-8810-1\" width=\"640\" height=\"360\" preload=\"metadata\" controls=\"controls\"><source type=\"video\/mp4\" src=\"\/spots\/hir\/hir_180418_04.mp4?_=1\" \/><a href=\"\/spots\/hir\/hir_180418_04.mp4\">\/spots\/hir\/hir_180418_04.mp4<\/a><\/video><\/div>\n","protected":false},"excerpt":{"rendered":"<p>Munkag\u00e9pek helyett k\u00f3csagok j\u00e1rj\u00e1k a term\u0151f\u00f6ldet. Sz\u00e1mukra ide\u00e1lis a k\u00f6rnyezet, a mez\u0151gazd\u00e1szoknak kor\u00e1ntsem. Itt ugyanis m\u00e1r el kellett volna vetni a napraforg\u00f3t \u00e9s a kukoric\u00e1t, de a belv\u00edz miatt nem tudnak r\u00e1menni a f\u00f6ldre. A vet\u00e9sre r\u00e1ad\u00e1sul m\u00e1r es\u00e9ly sincs, hiszen err\u0151l a ter\u00fcletr\u0151l &#8211; ide\u00e1lis id\u0151j\u00e1r\u00e1s eset\u00e9n &#8211; nagyj\u00e1b\u00f3l 2 h\u00f3nap m\u00falva t\u0171nhet el [&hellip;]<\/p>\n","protected":false},"author":2,"featured_media":0,"comment_status":"closed","ping_status":"closed","sticky":false,"template":"","format":"standard","meta":[],"categories":[9],"tags":[],"_links":{"self":[{"href":"http:\/\/archiv.szolnoktv.hu\/index.php?rest_route=\/wp\/v2\/posts\/8810"}],"collection":[{"href":"http:\/\/archiv.szolnoktv.hu\/index.php?rest_route=\/wp\/v2\/posts"}],"about":[{"href":"http:\/\/archiv.szolnoktv.hu\/index.php?rest_route=\/wp\/v2\/types\/post"}],"author":[{"embeddable":true,"href":"http:\/\/archiv.szolnoktv.hu\/index.php?rest_route=\/wp\/v2\/users\/2"}],"replies":[{"embeddable":true,"href":"http:\/\/archiv.szolnoktv.hu\/index.php?rest_route=%2Fwp%2Fv2%2Fcomments&post=8810"}],"version-history":[{"count":1,"href":"http:\/\/archiv.szolnoktv.hu\/index.php?rest_route=\/wp\/v2\/posts\/8810\/revisions"}],"predecessor-version":[{"id":8984,"href":"http:\/\/archiv.szolnoktv.hu\/index.php?rest_route=\/wp\/v2\/posts\/8810\/revisions\/8984"}],"wp:attachment":[{"href":"http:\/\/archiv.szolnoktv.hu\/index.php?rest_route=%2Fwp%2Fv2%2Fmedia&parent=8810"}],"wp:term":[{"taxonomy":"category","embeddable":true,"href":"http:\/\/archiv.szolnoktv.hu\/index.php?rest_route=%2Fwp%2Fv2%2Fcategories&post=8810"},{"taxonomy":"post_tag","embeddable":true,"href":"http:\/\/archiv.szolnoktv.hu\/index.php?rest_route=%2Fwp%2Fv2%2Ftags&post=8810"}],"curies":[{"name":"wp","href":"https:\/\/api.w.org\/{rel}","templated":true}]}}