{"id":8809,"date":"2018-04-18T15:14:03","date_gmt":"2018-04-18T15:14:03","guid":{"rendered":"http:\/\/archiv.szolnoktv.hu\/?p=8809"},"modified":"2021-08-14T14:02:14","modified_gmt":"2021-08-14T14:02:14","slug":"friss-zoldsegek-a-piacon","status":"publish","type":"post","link":"http:\/\/archiv.szolnoktv.hu\/?p=8809","title":{"rendered":"Friss z\u00f6lds\u00e9gek a piacon."},"content":{"rendered":"<div class='booster-block booster-read-block'><\/div><p>Z\u00f6ldhagyma, spen\u00f3t, karal\u00e1b\u00e9 \u00e9s pirosretek.  A t\u00f6bb mint 2000 hekt\u00e1rnyi \u00fcvegh\u00e1z \u00e9s f\u00f3liatermeszt\u00e9s meggyors\u00edtotta a z\u00f6lds\u00e9gf\u00e9l\u00e9k n\u00f6veked\u00e9s\u00e9t. A zord id\u0151j\u00e1r\u00e1s kev\u00e9sb\u00e9 \u00e9rintette a z\u00f6lds\u00e9ghajtat\u00e1st, \u00edgy \u00e1prilist\u00f3l m\u00e1r a teljes v\u00e1laszt\u00e9ka el\u00e9rhet\u0151 a korai magyar z\u00f6lds\u00e9geknek. A piaci \u00e1rusok egyre t\u00f6bb prim\u0151r term\u00e9kkel cs\u00e1b\u00edtj\u00e1k a v\u00e1s\u00e1rl\u00f3.<\/p>\n<p>,,\u00c1rulunk csak z\u00f6ld \u00e1rut, csak prim\u0151rt \u00e1rulunk, magyar term\u00e9keink vannak. Gy\u00fcm\u00f6lcs\u00f6k azok importok, 90%-a magyart egyel\u0151re m\u00e9g nem lehet hozni. Beszerz\u00e9s a gy\u00fcm\u00f6lcsnek a budapesti Nagybani piac. A z\u00f6lds\u00e9gf\u00e9l\u00e9ket Szegedr\u0151l hozzuk. -mondta:  R\u00f3nai Imre<\/p>\n<p>,,T\u00f6bbek k\u00f6z\u00f6tt keresik az epret a z\u00f6ldhagym\u00e1t, sal\u00e1ta, uborka van m\u00e1r magyar, paprika van magyar.&#8221;- mondta: Feh\u00e9rn\u00e9 Csiki \u00c1gnes<\/p>\n<p> A legt\u00f6bben a piacon szeretik megv\u00e1s\u00e1rolni az ismert z\u00f6lds\u00e9geket a nagy\u00e1ruh\u00e1zak helyett. V\u00e1s\u00e1rl\u00f3i szempontb\u00f3l k\u00fcl\u00f6nleges \u00e9rt\u00e9ket jelent a friss magyar term\u00e9k. <\/p>\n<p>-Mert m\u00e1s min\u0151s\u00e9g\u0171, tudom m\u00e1r \u00e9vek \u00f3ta kialakult, megszok\u00e1sb\u00f3l ad\u00f3d\u00f3an, nincs probl\u00e9m\u00e1m vele, j\u00f3 \u00e1rut kapok, nincs mell\u00e9k \u00edze, nincs mell\u00e9kszaga. -mes\u00e9lte:  Somosi Vilmosn\u00e9<\/p>\n<p>A szolnoki piacon szerd\u00e1n a paradicsom kil\u00f3ja 800ft volt. A hazai retek  m\u00e9rett\u0151l f\u00fcgg\u0151en 140-180  m\u00edg a friss z\u00f6ldhagyma csom\u00f3ja \u00e1tlagosan 140 forintba ker\u00fcl. Egy kil\u00f3 sp\u00e1rga 1000, a paprika pedig 998 forint.<br \/>A magyar term\u00e9kek folyamatosan v\u00e1ltj\u00e1k le a k\u00fclf\u00f6ldr\u0151l behozott \u00e1rukat. A hazai mind \u00edzben, mind frissess\u00e9gben fel\u00fclm\u00falja az importot. <\/p>\n<div style=\"width: 640px;\" class=\"wp-video\"><!--[if lt IE 9]><script>document.createElement('video');<\/script><![endif]-->\n<video class=\"wp-video-shortcode\" id=\"video-8809-1\" width=\"640\" height=\"360\" preload=\"metadata\" controls=\"controls\"><source type=\"video\/mp4\" src=\"\/spots\/hir\/hir_180418_03.mp4?_=1\" \/><a href=\"\/spots\/hir\/hir_180418_03.mp4\">\/spots\/hir\/hir_180418_03.mp4<\/a><\/video><\/div>\n","protected":false},"excerpt":{"rendered":"<p>Z\u00f6ldhagyma, spen\u00f3t, karal\u00e1b\u00e9 \u00e9s pirosretek. A t\u00f6bb mint 2000 hekt\u00e1rnyi \u00fcvegh\u00e1z \u00e9s f\u00f3liatermeszt\u00e9s meggyors\u00edtotta a z\u00f6lds\u00e9gf\u00e9l\u00e9k n\u00f6veked\u00e9s\u00e9t. A zord id\u0151j\u00e1r\u00e1s kev\u00e9sb\u00e9 \u00e9rintette a z\u00f6lds\u00e9ghajtat\u00e1st, \u00edgy \u00e1prilist\u00f3l m\u00e1r a teljes v\u00e1laszt\u00e9ka el\u00e9rhet\u0151 a korai magyar z\u00f6lds\u00e9geknek. A piaci \u00e1rusok egyre t\u00f6bb prim\u0151r term\u00e9kkel cs\u00e1b\u00edtj\u00e1k a v\u00e1s\u00e1rl\u00f3. ,,\u00c1rulunk csak z\u00f6ld \u00e1rut, csak prim\u0151rt \u00e1rulunk, magyar term\u00e9keink vannak. [&hellip;]<\/p>\n","protected":false},"author":2,"featured_media":0,"comment_status":"closed","ping_status":"closed","sticky":false,"template":"","format":"standard","meta":[],"categories":[9],"tags":[],"_links":{"self":[{"href":"http:\/\/archiv.szolnoktv.hu\/index.php?rest_route=\/wp\/v2\/posts\/8809"}],"collection":[{"href":"http:\/\/archiv.szolnoktv.hu\/index.php?rest_route=\/wp\/v2\/posts"}],"about":[{"href":"http:\/\/archiv.szolnoktv.hu\/index.php?rest_route=\/wp\/v2\/types\/post"}],"author":[{"embeddable":true,"href":"http:\/\/archiv.szolnoktv.hu\/index.php?rest_route=\/wp\/v2\/users\/2"}],"replies":[{"embeddable":true,"href":"http:\/\/archiv.szolnoktv.hu\/index.php?rest_route=%2Fwp%2Fv2%2Fcomments&post=8809"}],"version-history":[{"count":1,"href":"http:\/\/archiv.szolnoktv.hu\/index.php?rest_route=\/wp\/v2\/posts\/8809\/revisions"}],"predecessor-version":[{"id":8985,"href":"http:\/\/archiv.szolnoktv.hu\/index.php?rest_route=\/wp\/v2\/posts\/8809\/revisions\/8985"}],"wp:attachment":[{"href":"http:\/\/archiv.szolnoktv.hu\/index.php?rest_route=%2Fwp%2Fv2%2Fmedia&parent=8809"}],"wp:term":[{"taxonomy":"category","embeddable":true,"href":"http:\/\/archiv.szolnoktv.hu\/index.php?rest_route=%2Fwp%2Fv2%2Fcategories&post=8809"},{"taxonomy":"post_tag","embeddable":true,"href":"http:\/\/archiv.szolnoktv.hu\/index.php?rest_route=%2Fwp%2Fv2%2Ftags&post=8809"}],"curies":[{"name":"wp","href":"https:\/\/api.w.org\/{rel}","templated":true}]}}