{"id":8808,"date":"2018-04-18T15:10:40","date_gmt":"2018-04-18T15:10:40","guid":{"rendered":"http:\/\/archiv.szolnoktv.hu\/?p=8808"},"modified":"2021-08-14T14:02:14","modified_gmt":"2021-08-14T14:02:14","slug":"ovodai-beiratkozas","status":"publish","type":"post","link":"http:\/\/archiv.szolnoktv.hu\/?p=8808","title":{"rendered":"\u00d3vodai beiratkoz\u00e1s"},"content":{"rendered":"<div class='booster-block booster-read-block'><\/div><p>B\u00e9k\u00e9sen j\u00e1tszanak a kicsik a Kacsa \u00fati Tag\u00f3voda udvar\u00e1n. K\u00f6z\u00fcl\u00fck sokan szeptemberben m\u00e1r kezdik az iskol\u00e1t, hely\u00fckre pedig meg\u00e9rkeznek a h\u00e1rom\u00e9vesek. Az \u00f3vodai jelentkez\u00e9seket m\u00e1jus 2 \u00e9s 8 k\u00f6z\u00f6tt ny\u00fajthatj\u00e1k be a sz\u00fcl\u0151k. <\/p>\n<p>-A jelentkez\u00e9si lapokat a kiv\u00e1lasztott int\u00e9zm\u00e9nyekben is k\u00e9rhetik a sz\u00fcl\u0151k, let\u00f6lthetik a szolnokiovodak.hu weboldalunkr\u00f3l \u00e9s az \u00f6nkorm\u00e1nyzatt\u00f3l is k\u00e9rhetik ezeket a nyomtatv\u00e1nyokat, az okm\u00e1nyirod\u00e1kb\u00f3l. &#8212; mondta Ferenczn\u00e9 Teleky \u00c9va, igazgat\u00f3  <\/p>\n<p>-A tagint\u00e9zm\u00e9nyeknek van egy be\u00f3vod\u00e1z\u00e1si k\u00f6rzete, a jogszab\u00e1ly szerint egy nagyon \u00e9rdekes kett\u0151s m\u00e9rce \u00e1ll f\u00f6nn. Egyr\u00e9szt a szabad int\u00e9zm\u00e9nyv\u00e1laszt\u00e1s joga megilleti a sz\u00fcl\u0151t, m\u00e1sr\u00e9szt k\u00f6telezi az int\u00e9zm\u00e9nyt arra, hogy els\u0151sorban a lak\u00f3k\u00f6rzet\u00e9b\u0151l vegyen f\u00f6l gyermeket. &#8211;<\/p>\n<p> Igyekeznek figyelembe venni a sz\u00fcl\u0151i k\u00e9r\u00e9seket, ugyanakkor mindenkinek azt javasolj\u00e1k, hogy t\u00f6bb \u00f3vod\u00e1t jel\u00f6lj\u00f6n be a jelentkez\u00e9si lapon. Jelenleg 1960 \u00f3vod\u00e1s nevel\u00e9se zajlik a szolnoki int\u00e9zm\u00e9nyekben. V\u00e1rhat\u00f3an 550 hely szabadul fel szeptembert\u0151l a 18 tag\u00f3vod\u00e1ban. <\/p>\n<div style=\"width: 640px;\" class=\"wp-video\"><!--[if lt IE 9]><script>document.createElement('video');<\/script><![endif]-->\n<video class=\"wp-video-shortcode\" id=\"video-8808-1\" width=\"640\" height=\"360\" preload=\"metadata\" controls=\"controls\"><source type=\"video\/mp4\" src=\"\/spots\/hir\/hir_180418_01.mp4?_=1\" \/><a href=\"\/spots\/hir\/hir_180418_01.mp4\">\/spots\/hir\/hir_180418_01.mp4<\/a><\/video><\/div>\n","protected":false},"excerpt":{"rendered":"<p>B\u00e9k\u00e9sen j\u00e1tszanak a kicsik a Kacsa \u00fati Tag\u00f3voda udvar\u00e1n. K\u00f6z\u00fcl\u00fck sokan szeptemberben m\u00e1r kezdik az iskol\u00e1t, hely\u00fckre pedig meg\u00e9rkeznek a h\u00e1rom\u00e9vesek. Az \u00f3vodai jelentkez\u00e9seket m\u00e1jus 2 \u00e9s 8 k\u00f6z\u00f6tt ny\u00fajthatj\u00e1k be a sz\u00fcl\u0151k. -A jelentkez\u00e9si lapokat a kiv\u00e1lasztott int\u00e9zm\u00e9nyekben is k\u00e9rhetik a sz\u00fcl\u0151k, let\u00f6lthetik a szolnokiovodak.hu weboldalunkr\u00f3l \u00e9s az \u00f6nkorm\u00e1nyzatt\u00f3l is k\u00e9rhetik ezeket a nyomtatv\u00e1nyokat, [&hellip;]<\/p>\n","protected":false},"author":2,"featured_media":0,"comment_status":"closed","ping_status":"closed","sticky":false,"template":"","format":"standard","meta":[],"categories":[9],"tags":[],"_links":{"self":[{"href":"http:\/\/archiv.szolnoktv.hu\/index.php?rest_route=\/wp\/v2\/posts\/8808"}],"collection":[{"href":"http:\/\/archiv.szolnoktv.hu\/index.php?rest_route=\/wp\/v2\/posts"}],"about":[{"href":"http:\/\/archiv.szolnoktv.hu\/index.php?rest_route=\/wp\/v2\/types\/post"}],"author":[{"embeddable":true,"href":"http:\/\/archiv.szolnoktv.hu\/index.php?rest_route=\/wp\/v2\/users\/2"}],"replies":[{"embeddable":true,"href":"http:\/\/archiv.szolnoktv.hu\/index.php?rest_route=%2Fwp%2Fv2%2Fcomments&post=8808"}],"version-history":[{"count":1,"href":"http:\/\/archiv.szolnoktv.hu\/index.php?rest_route=\/wp\/v2\/posts\/8808\/revisions"}],"predecessor-version":[{"id":8986,"href":"http:\/\/archiv.szolnoktv.hu\/index.php?rest_route=\/wp\/v2\/posts\/8808\/revisions\/8986"}],"wp:attachment":[{"href":"http:\/\/archiv.szolnoktv.hu\/index.php?rest_route=%2Fwp%2Fv2%2Fmedia&parent=8808"}],"wp:term":[{"taxonomy":"category","embeddable":true,"href":"http:\/\/archiv.szolnoktv.hu\/index.php?rest_route=%2Fwp%2Fv2%2Fcategories&post=8808"},{"taxonomy":"post_tag","embeddable":true,"href":"http:\/\/archiv.szolnoktv.hu\/index.php?rest_route=%2Fwp%2Fv2%2Ftags&post=8808"}],"curies":[{"name":"wp","href":"https:\/\/api.w.org\/{rel}","templated":true}]}}