{"id":8807,"date":"2018-04-17T17:15:09","date_gmt":"2018-04-17T17:15:09","guid":{"rendered":"http:\/\/archiv.szolnoktv.hu\/?p=8807"},"modified":"2021-08-14T14:02:14","modified_gmt":"2021-08-14T14:02:14","slug":"27-coop-majusfa-futas","status":"publish","type":"post","link":"http:\/\/archiv.szolnoktv.hu\/?p=8807","title":{"rendered":"27. Coop M\u00e1jusfa fut\u00e1s"},"content":{"rendered":"<div class='booster-block booster-read-block'><\/div><p>M\u00e9g a Kossuth t\u00e9r egyik szobra is mag\u00e1ra \u00f6lt\u00f6tte a M\u00e1jusfa fut\u00e1s egyen p\u00f3l\u00f3j\u00e1t. A k\u00f6z\u00f6ss\u00e9gi fut\u00e1snak hagyom\u00e1nya van Szolnokon, ami id\u00e9n 27. alkalommal adott lehet\u0151s\u00e9get a sportol\u00e1sra fiataloknak, id\u0151seknek, amat\u0151r\u00f6knek, illetve profiknak. <\/p>\n<p>A k\u00f6z\u00f6s bemeleg\u00edt\u00e9s ut\u00e1n a di\u00e1kokat a fut\u00e1sban Szolnoki a Olaj kosarasai, a Szolnoki D\u00f3zsa v\u00edzilabd\u00e1sai, illetve az olimpiai r\u00f6vid p\u00e1ly\u00e1s gyorskorcsoly\u00e1z\u00f3 Burj\u00e1n Csaba motiv\u00e1lta. Az els\u0151 rajt 13 \u00f3rakor indult. A k\u00f6z\u00e9piskol\u00e1soknak 2500 m\u00e9tert kellett teljes\u00edteni\u00fck. A di\u00e1kok nem helyez\u00e9sek\u00e9rt, hanem a sportol\u00e1s \u00f6r\u00f6m\u00e9\u00e9rt futottak.<\/p>\n<p>-Az elej\u00e9n az\u00e9rt nem tudunk elindulni, mert mindenki egybe volt \u00e9s nem tudtunk norm\u00e1lisan futni, mindenki egym\u00e1s h\u00e1t\u00e1n volt. Az elejt \u00e9n is s\u00e9t\u00e1val kezdtem. De egy 500 m\u00e9ter ut\u00e1n elkezdtem \u00e9n is futni.- mondta Nagy Domonkos<\/p>\n<p>A di\u00e1kok k\u00f6z\u00f6tt volt, aki most el\u0151sz\u00f6r teljes\u00edtette a t\u00e1vot, de t\u00f6bben m\u00e1r \u00e9vek \u00f3ta visszat\u00e9r\u0151 fut\u00f3k. <\/p>\n<p>-Id\u00e1ig minden \u00e9vben elj\u00f6tt\u00fcnk m\u00e1r \u00f6t\u00f6dik \u00f3ta, \u00fagyhogy ez m\u00e1r az \u00f6t\u00f6dik alkalom.&#8221;- mes\u00e9lte B\u00e9k\u00e9si Karina.<\/p>\n<p>-Nagyon v\u00e1rtam, hogy v\u00e9gre lefuthassam \u00e9s nagyon j\u00f3 \u00e9rz\u00e9s volt mert ez egy nagyon j\u00f3 program. Egy\u00fctt futnak az oszt\u00e1lyt\u00e1rsaim is, nagyon \u00f6r\u00fcltem neki.&#8221;- tette hozz\u00e1 S\u00e1ndor Eszter.<\/p>\n<p>A M\u00e1jusfa fut\u00e1s mell\u00e9 n\u00e9vad\u00f3 szponzork\u00e9nt a Coop 7. alkalommal \u00e1llt. <\/p>\n<p>-A Coop mint j\u00f3 szomsz\u00e9d azt gondolom, hogy fontos dolga az, hogy az ifj\u00fas\u00e1got igenis megnyerje annak az eg\u00e9szs\u00e9ges \u00e9letm\u00f3dnak, amivel hossz\u00fa \u00e9leten kereszt\u00fcl lehet \u00e9lni.&#8221;- Fekete Tibor a Coop Szolnok Zrt. vez\u00e9rigazgat\u00f3ja.<\/p>\n<p>A nevez\u00e9sek az elm\u00falt \u00e9vekben rekordnagys\u00e1g\u00faak voltak, tavaly 8500 f\u0151 nevezett a fut\u00e1sra, de a kijel\u00f6lt t\u00e1vot nem mindenki futotta le, ez\u00e9rt a szervez\u0151k id\u00e9n 6500 f\u0151n\u00e9l limitet h\u00faztak. <\/p>\n<p> -A szolnoki tanul\u00f3i l\u00e9tsz\u00e1m, \u00e1ltal\u00e1nos iskol\u00e1s 85%-a itt lesz a Kossuth t\u00e9ren. Ha a hangulatot emelj\u00fck ki azt hiszem  &#8211;   minden nap j\u00f3 Szolnokinak lenni- de ha valaki most itt van a Kossuth t\u00e9ren ez egy fantasztikus \u00e9lm\u00e9nyt ad. Hiszen 6500 fiatal n\u00e9h\u00e1ny 100 sz\u00fcl\u0151vel vegy\u00edtve igazi tavaszi id\u0151ben hangulatban futhatnak. Nagyon sok boldog \u00e9s kedves arcot lehet l\u00e1tni, akik a szabadid\u0151s sportot \u00f6r\u00f6mmel, sz\u00edvesen teszik.&#8221;- mondta R\u00f3zsa J\u00f3zsef a Szolnoki Sportcentrum \u00fcgyvezet\u0151-igazgat\u00f3ja.<\/p>\n<p>Az 1600 \u00e9s 2500 m\u00e9teres t\u00e1vok ut\u00e1n minden fut\u00f3 friss\u00edt\u0151 csomaggal kezdhette meg a laz\u00edt\u00e1st \u00e9s ny\u00fajt\u00e1st.<br \/>\n<br \/>\n<div style=\"width: 640px;\" class=\"wp-video\"><!--[if lt IE 9]><script>document.createElement('video');<\/script><![endif]-->\n<video class=\"wp-video-shortcode\" id=\"video-8807-1\" width=\"640\" height=\"360\" preload=\"metadata\" controls=\"controls\"><source type=\"video\/mp4\" src=\"\/spots\/hir\/hir_180417_07.mp4?_=1\" \/><a href=\"\/spots\/hir\/hir_180417_07.mp4\">\/spots\/hir\/hir_180417_07.mp4<\/a><\/video><\/div><\/p>\n","protected":false},"excerpt":{"rendered":"<p>M\u00e9g a Kossuth t\u00e9r egyik szobra is mag\u00e1ra \u00f6lt\u00f6tte a M\u00e1jusfa fut\u00e1s egyen p\u00f3l\u00f3j\u00e1t. A k\u00f6z\u00f6ss\u00e9gi fut\u00e1snak hagyom\u00e1nya van Szolnokon, ami id\u00e9n 27. alkalommal adott lehet\u0151s\u00e9get a sportol\u00e1sra fiataloknak, id\u0151seknek, amat\u0151r\u00f6knek, illetve profiknak. A k\u00f6z\u00f6s bemeleg\u00edt\u00e9s ut\u00e1n a di\u00e1kokat a fut\u00e1sban Szolnoki a Olaj kosarasai, a Szolnoki D\u00f3zsa v\u00edzilabd\u00e1sai, illetve az olimpiai r\u00f6vid p\u00e1ly\u00e1s gyorskorcsoly\u00e1z\u00f3 [&hellip;]<\/p>\n","protected":false},"author":2,"featured_media":0,"comment_status":"closed","ping_status":"closed","sticky":false,"template":"","format":"standard","meta":[],"categories":[9],"tags":[],"_links":{"self":[{"href":"http:\/\/archiv.szolnoktv.hu\/index.php?rest_route=\/wp\/v2\/posts\/8807"}],"collection":[{"href":"http:\/\/archiv.szolnoktv.hu\/index.php?rest_route=\/wp\/v2\/posts"}],"about":[{"href":"http:\/\/archiv.szolnoktv.hu\/index.php?rest_route=\/wp\/v2\/types\/post"}],"author":[{"embeddable":true,"href":"http:\/\/archiv.szolnoktv.hu\/index.php?rest_route=\/wp\/v2\/users\/2"}],"replies":[{"embeddable":true,"href":"http:\/\/archiv.szolnoktv.hu\/index.php?rest_route=%2Fwp%2Fv2%2Fcomments&post=8807"}],"version-history":[{"count":1,"href":"http:\/\/archiv.szolnoktv.hu\/index.php?rest_route=\/wp\/v2\/posts\/8807\/revisions"}],"predecessor-version":[{"id":8987,"href":"http:\/\/archiv.szolnoktv.hu\/index.php?rest_route=\/wp\/v2\/posts\/8807\/revisions\/8987"}],"wp:attachment":[{"href":"http:\/\/archiv.szolnoktv.hu\/index.php?rest_route=%2Fwp%2Fv2%2Fmedia&parent=8807"}],"wp:term":[{"taxonomy":"category","embeddable":true,"href":"http:\/\/archiv.szolnoktv.hu\/index.php?rest_route=%2Fwp%2Fv2%2Fcategories&post=8807"},{"taxonomy":"post_tag","embeddable":true,"href":"http:\/\/archiv.szolnoktv.hu\/index.php?rest_route=%2Fwp%2Fv2%2Ftags&post=8807"}],"curies":[{"name":"wp","href":"https:\/\/api.w.org\/{rel}","templated":true}]}}