{"id":8776,"date":"2018-04-17T17:11:53","date_gmt":"2018-04-17T17:11:53","guid":{"rendered":"http:\/\/archiv.szolnoktv.hu\/?p=8776"},"modified":"2021-08-13T20:19:00","modified_gmt":"2021-08-13T20:19:00","slug":"filmpalyazat-a-tisza-toert","status":"publish","type":"post","link":"http:\/\/archiv.szolnoktv.hu\/?p=8776","title":{"rendered":"Filmp\u00e1ly\u00e1zat a Tisza-t\u00f3\u00e9rt"},"content":{"rendered":"<div class='booster-block booster-read-block'><\/div><p>&#8220;Itt t\u00f6bb dob\u00e1sod van, szelekt\u00e1lj a Tisza-t\u00f3\u00e9rt.&#8221; Ez a mott\u00f3ja a &#8220;Tiszta t\u00f3 a Tisza-t\u00f3&#8221; k\u00f6rnyezettudatos szeml\u00e9letform\u00e1l\u00f3 programnak. Az \u00e9vek \u00f3ta m\u0171k\u00f6d\u0151 kezdem\u00e9nyez\u00e9s \u00faj szakasz\u00e1hoz \u00e9rkezett. Filmp\u00e1ly\u00e1zatot hirdetnek azoknak a fiataloknak, akik sz\u00edvesen ny\u00falnak kamer\u00e1hoz, tele vannak \u00f6tletekkel \u00e9s elk\u00f6telezett h\u00edvei a k\u00f6rnyezetv\u00e9delemnek. \u00c1ltal\u00e1nos-, k\u00f6z\u00e9p- \u00e9s fels\u0151oktat\u00e1si int\u00e9zm\u00e9nyben tanul\u00f3k vehetnek r\u00e9szt a versenyen. A maximum 3 perc hossz\u00fas\u00e1g\u00fa filmeknek a Tisza-t\u00f3r\u00f3l kell sz\u00f3lniuk, t\u00e9ma pedig a szelekt\u00edv hullad\u00e9kgy\u0171jt\u00e9s, a tiszta k\u00f6rnyezet, a k\u00f6rnyezetv\u00e9delem \u00e9s a hullad\u00e9k \u00fajrahasznos\u00edt\u00e1s. Mindezt fiatalos, \u00e9rthet\u0151 form\u00e1ba kell \u00f6nteni, hogy min\u00e9l t\u00f6bb di\u00e1khoz eljusson az \u00fczenet. A filmeket t\u00f6bb m\u00f3don is el lehet juttatni a Tisza Moziba, a r\u00e9szletekr\u0151l a filmsz\u00ednh\u00e1z honlapj\u00e1n lehet olvasni. bek\u00fcld\u00e9si hat\u00e1rid\u0151 2018. m\u00e1jus 10.<br \/>\n<br \/>\n<div style=\"width: 640px;\" class=\"wp-video\"><!--[if lt IE 9]><script>document.createElement('video');<\/script><![endif]-->\n<video class=\"wp-video-shortcode\" id=\"video-8776-1\" width=\"640\" height=\"360\" preload=\"metadata\" controls=\"controls\"><source type=\"video\/mp4\" src=\"\/spots\/hir\/hir_180417_03.mp4?_=1\" \/><a href=\"\/spots\/hir\/hir_180417_03.mp4\">\/spots\/hir\/hir_180417_03.mp4<\/a><\/video><\/div><\/p>\n","protected":false},"excerpt":{"rendered":"<p>&#8220;Itt t\u00f6bb dob\u00e1sod van, szelekt\u00e1lj a Tisza-t\u00f3\u00e9rt.&#8221; Ez a mott\u00f3ja a &#8220;Tiszta t\u00f3 a Tisza-t\u00f3&#8221; k\u00f6rnyezettudatos szeml\u00e9letform\u00e1l\u00f3 programnak. Az \u00e9vek \u00f3ta m\u0171k\u00f6d\u0151 kezdem\u00e9nyez\u00e9s \u00faj szakasz\u00e1hoz \u00e9rkezett. Filmp\u00e1ly\u00e1zatot hirdetnek azoknak a fiataloknak, akik sz\u00edvesen ny\u00falnak kamer\u00e1hoz, tele vannak \u00f6tletekkel \u00e9s elk\u00f6telezett h\u00edvei a k\u00f6rnyezetv\u00e9delemnek. \u00c1ltal\u00e1nos-, k\u00f6z\u00e9p- \u00e9s fels\u0151oktat\u00e1si int\u00e9zm\u00e9nyben tanul\u00f3k vehetnek r\u00e9szt a versenyen. A maximum [&hellip;]<\/p>\n","protected":false},"author":2,"featured_media":0,"comment_status":"closed","ping_status":"closed","sticky":false,"template":"","format":"standard","meta":[],"categories":[9],"tags":[],"_links":{"self":[{"href":"http:\/\/archiv.szolnoktv.hu\/index.php?rest_route=\/wp\/v2\/posts\/8776"}],"collection":[{"href":"http:\/\/archiv.szolnoktv.hu\/index.php?rest_route=\/wp\/v2\/posts"}],"about":[{"href":"http:\/\/archiv.szolnoktv.hu\/index.php?rest_route=\/wp\/v2\/types\/post"}],"author":[{"embeddable":true,"href":"http:\/\/archiv.szolnoktv.hu\/index.php?rest_route=\/wp\/v2\/users\/2"}],"replies":[{"embeddable":true,"href":"http:\/\/archiv.szolnoktv.hu\/index.php?rest_route=%2Fwp%2Fv2%2Fcomments&post=8776"}],"version-history":[{"count":1,"href":"http:\/\/archiv.szolnoktv.hu\/index.php?rest_route=\/wp\/v2\/posts\/8776\/revisions"}],"predecessor-version":[{"id":8777,"href":"http:\/\/archiv.szolnoktv.hu\/index.php?rest_route=\/wp\/v2\/posts\/8776\/revisions\/8777"}],"wp:attachment":[{"href":"http:\/\/archiv.szolnoktv.hu\/index.php?rest_route=%2Fwp%2Fv2%2Fmedia&parent=8776"}],"wp:term":[{"taxonomy":"category","embeddable":true,"href":"http:\/\/archiv.szolnoktv.hu\/index.php?rest_route=%2Fwp%2Fv2%2Fcategories&post=8776"},{"taxonomy":"post_tag","embeddable":true,"href":"http:\/\/archiv.szolnoktv.hu\/index.php?rest_route=%2Fwp%2Fv2%2Ftags&post=8776"}],"curies":[{"name":"wp","href":"https:\/\/api.w.org\/{rel}","templated":true}]}}