{"id":8775,"date":"2018-04-17T16:20:22","date_gmt":"2018-04-17T16:20:22","guid":{"rendered":"http:\/\/archiv.szolnoktv.hu\/?p=8775"},"modified":"2021-08-13T20:19:00","modified_gmt":"2021-08-13T20:19:00","slug":"befejezodott-a-futesi-szezon","status":"publish","type":"post","link":"http:\/\/archiv.szolnoktv.hu\/?p=8775","title":{"rendered":"Befejez\u0151d\u00f6tt a f\u0171t\u00e9si szezon"},"content":{"rendered":"<div class='booster-block booster-read-block'><\/div><p>H\u00e9tf\u0151 \u00f3ta m\u00e1r csak egy kaz\u00e1n f\u0171t az Alfa Nova Sz\u00e9chenyi lak\u00f3telepi k\u00f6zpontj\u00e1ban. Ez a kaz\u00e1n a lak\u00f3telep melegv\u00edzell\u00e1t\u00e1s\u00e1\u00e9rt felel, a m\u00e1sik kett\u0151t  &#8211;  amelyek a lak\u00e1sok f\u0171t\u00e9s\u00e9t biztos\u00edtott\u00e1k- \u00e1prilis 15-\u00e9n le\u00e1ll\u00edtott\u00e1k.<\/p>\n<p>Horv\u00e1th Istv\u00e1n \u00fcgyvezet\u0151 igazgat\u00f3 al\u00e1h\u00fazta:  -A hivatalos f\u0171t\u00e9s minden \u00e9vben \u00e1prilis 15-el fejez\u0151dik be \u00e9s ekkor kezd\u0151dik egy egy h\u00f3napos un. rendelkez\u00e9sre \u00e1ll\u00e1si id\u0151szak, amikor a szolg\u00e1ltat\u00f3nak m\u00e9g  &#8211;  amennyiben sz\u00fcks\u00e9gess\u00e9 v\u00e1lna- biztos\u00edtani kell p\u00f3tf\u0171t\u00e9s szolg\u00e1ltat\u00e1st. Miut\u00e1n a mostani h\u0151m\u00e9rs\u00e9kletek ezt nem indokolt\u00e1k, \u00edgy h\u00e9tf\u0151 reggel le is \u00e1ll\u00edtottuk v\u00e1rosi szinten a f\u0171t\u00e9st.&#8221;<\/p>\n<p>A szakemberek az el\u0151tt\u00fck \u00e1ll\u00f3 egy h\u00f3napot v\u00e1rakoz\u00e1ssal \u00e9s k\u00e9szenl\u00e9ttel t\u00f6ltik majd annak \u00e9rdek\u00e9ben, hogyha az id\u0151j\u00e1r\u00e1s hidegebbre fordulna a kaz\u00e1nok \u00fajraind\u00edt\u00e1s\u00e1val biztos\u00edtani tudj\u00e1k a lak\u00e1sok f\u0171t\u00e9s\u00e9t.  &#8211;   mondja Horv\u00e1th Istv\u00e1n. 2016-hoz k\u00e9pest az elm\u00falt t\u00e9len 4%-al kevesebb, \u00f6sszesen 180.000 GJ (gigajoule) energi\u00e1t haszn\u00e1lt el a 8700 t\u00e1vf\u0171t\u00f6tt lak\u00e1s, valamint a 300 k\u00f6z\u00fcleti fogyaszt\u00f3 Szolnokon. Abban az esetben, ha \u00e1prilis v\u00e9g\u00e9ig nem ig\u00e9nylik a fogyaszt\u00f3k a f\u0171t\u00e9s visszakapcsol\u00e1s\u00e1t, akkor a ny\u00e1ri h\u00f3napokban elkezd\u0151dik a rendszer karbantart\u00e1sa. <\/p>\n<p>-K\u00e9t fajta munkacsoportra lehet ezt felosztani, a hagyom\u00e1nyos karbantart\u00e1si munk\u00e1kra, a rendszer ellen\u0151rz\u00e9s\u00e9re, kisebb jav\u00edt\u00e1sokra, beavatkoz\u00e1sokra \u00e9s vannak a ny\u00e1ri fel\u00faj\u00edt\u00e1si munk\u00e1ink ezek a t\u00e1vvezet\u00e9ki, h\u0151k\u00f6zponti, kaz\u00e1nh\u00e1zi rekonstrukci\u00f3k.&#8221;  &#8211;   mondta Horv\u00e1th Istv\u00e1n <\/p>\n<p>A tervek szerint t\u00f6bb jelenleg m\u00e9g m\u0171k\u00f6d\u0151 szivatty\u00fat cser\u00e9lnek majd modern elektronikus vez\u00e9rl\u00e9s\u0171re, tov\u00e1bb\u00e1 a vezet\u00e9kek \u00e9s a t\u00e1vfel\u00fcgyeleti rendszer is meg\u00fajul majd. A moderniz\u00e1l\u00e1s, valamint a fel\u00faj\u00edt\u00e1sok mintegy 50 milli\u00f3 forintba ker\u00fclnek majd.<\/p>\n<div style=\"width: 640px;\" class=\"wp-video\"><!--[if lt IE 9]><script>document.createElement('video');<\/script><![endif]-->\n<video class=\"wp-video-shortcode\" id=\"video-8775-1\" width=\"640\" height=\"360\" preload=\"metadata\" controls=\"controls\"><source type=\"video\/mp4\" src=\"\/spots\/hir\/hir_180417_05.mp4?_=1\" \/><a href=\"\/spots\/hir\/hir_180417_05.mp4\">\/spots\/hir\/hir_180417_05.mp4<\/a><\/video><\/div>\n","protected":false},"excerpt":{"rendered":"<p>H\u00e9tf\u0151 \u00f3ta m\u00e1r csak egy kaz\u00e1n f\u0171t az Alfa Nova Sz\u00e9chenyi lak\u00f3telepi k\u00f6zpontj\u00e1ban. Ez a kaz\u00e1n a lak\u00f3telep melegv\u00edzell\u00e1t\u00e1s\u00e1\u00e9rt felel, a m\u00e1sik kett\u0151t &#8211; amelyek a lak\u00e1sok f\u0171t\u00e9s\u00e9t biztos\u00edtott\u00e1k- \u00e1prilis 15-\u00e9n le\u00e1ll\u00edtott\u00e1k. Horv\u00e1th Istv\u00e1n \u00fcgyvezet\u0151 igazgat\u00f3 al\u00e1h\u00fazta: -A hivatalos f\u0171t\u00e9s minden \u00e9vben \u00e1prilis 15-el fejez\u0151dik be \u00e9s ekkor kezd\u0151dik egy egy h\u00f3napos un. rendelkez\u00e9sre \u00e1ll\u00e1si [&hellip;]<\/p>\n","protected":false},"author":2,"featured_media":0,"comment_status":"closed","ping_status":"closed","sticky":false,"template":"","format":"standard","meta":[],"categories":[9],"tags":[],"_links":{"self":[{"href":"http:\/\/archiv.szolnoktv.hu\/index.php?rest_route=\/wp\/v2\/posts\/8775"}],"collection":[{"href":"http:\/\/archiv.szolnoktv.hu\/index.php?rest_route=\/wp\/v2\/posts"}],"about":[{"href":"http:\/\/archiv.szolnoktv.hu\/index.php?rest_route=\/wp\/v2\/types\/post"}],"author":[{"embeddable":true,"href":"http:\/\/archiv.szolnoktv.hu\/index.php?rest_route=\/wp\/v2\/users\/2"}],"replies":[{"embeddable":true,"href":"http:\/\/archiv.szolnoktv.hu\/index.php?rest_route=%2Fwp%2Fv2%2Fcomments&post=8775"}],"version-history":[{"count":1,"href":"http:\/\/archiv.szolnoktv.hu\/index.php?rest_route=\/wp\/v2\/posts\/8775\/revisions"}],"predecessor-version":[{"id":8778,"href":"http:\/\/archiv.szolnoktv.hu\/index.php?rest_route=\/wp\/v2\/posts\/8775\/revisions\/8778"}],"wp:attachment":[{"href":"http:\/\/archiv.szolnoktv.hu\/index.php?rest_route=%2Fwp%2Fv2%2Fmedia&parent=8775"}],"wp:term":[{"taxonomy":"category","embeddable":true,"href":"http:\/\/archiv.szolnoktv.hu\/index.php?rest_route=%2Fwp%2Fv2%2Fcategories&post=8775"},{"taxonomy":"post_tag","embeddable":true,"href":"http:\/\/archiv.szolnoktv.hu\/index.php?rest_route=%2Fwp%2Fv2%2Ftags&post=8775"}],"curies":[{"name":"wp","href":"https:\/\/api.w.org\/{rel}","templated":true}]}}