{"id":8774,"date":"2018-04-17T16:12:06","date_gmt":"2018-04-17T16:12:06","guid":{"rendered":"http:\/\/archiv.szolnoktv.hu\/?p=8774"},"modified":"2021-08-13T20:19:00","modified_gmt":"2021-08-13T20:19:00","slug":"illemhely-a-parkban","status":"publish","type":"post","link":"http:\/\/archiv.szolnoktv.hu\/?p=8774","title":{"rendered":"Illemhely a parkban"},"content":{"rendered":"<div class='booster-block booster-read-block'><\/div><p>\u00c9rdemes \u00f3vatosan k\u00f6zlekedni az 1975- ben emelt Tanuhegy k\u00f6rny\u00e9k\u00e9n. A Jubileum t\u00e9ri bokrok n\u00e9melyik\u00e9t egyesek illemhelyk\u00e9nt haszn\u00e1lj\u00e1k.<\/p>\n<p>&#8220;Sajnos egyre ink\u00e1bb v\u00e1rosi jelens\u00e9g. Bej\u00e1r\u00e1sokon, illetve lakoss\u00e1gi bejelent\u00e9sekb\u0151l is tapasztaljuk, hogy a z\u00f6ldter\u00fcleteket nem rendeltet\u00e9snek megfelel\u0151en, k\u00f6z\u00f6ss\u00e9get zavar\u00f3 m\u00f3don haszn\u00e1lj\u00e1k. Ilyen esetben mindig kij\u00f6v\u00fcnk, megtekintj\u00fck a helysz\u00ednt \u00e9s megn\u00e9zz\u00fck, hogy milyen beavatkoz\u00e1s sz\u00fcks\u00e9ges.&#8221;- hangs\u00falyozta k\u00e9rd\u00e9s\u00fcnkre Petre Anna v\u00e1ros\u00fczemeltet\u00e9si \u00fcgyint\u00e9z\u0151.<\/p>\n<p>Az \u00f6nkorm\u00e1nyzat megb\u00edz\u00e1s\u00e1b\u00f3l \u00e9vente t\u00f6bbsz\u00f6r v\u00e1gj\u00e1k a f\u00fcvet, sz\u00fcks\u00e9g eset\u00e9n metsz\u00e9st v\u00e9geznek, a s\u00f6v\u00e9nyfel\u00fcleteket pedig \u00e9vente h\u00e1rom alkalommal visszany\u00edrj\u00e1k. Sajnos azonban sok helyen ez sem elegend\u0151- a vas\u00fat\u00e1llom\u00e1s mellett a v\u00e1rakoz\u00f3k \u00e9s a hajl\u00e9ktalanok k\u00f6nny\u00edtenek magukon&#8230; Hasonl\u00f3 a probl\u00e9ma egyes j\u00e1tsz\u00f3terek mellett. A Tisza parkban p\u00e1r napja visszametszett\u00e9k az ember magass\u00e1g\u00fa bokrokat \u00e9s elt\u00fcntett\u00e9k a tujaf\u00e1k talajhoz k\u00f6zeli \u00e1gait- megsz\u00fcntetve ezzel a be\u00e1ll\u00e1s lehet\u0151s\u00e9g\u00e9t. A lakoss\u00e1gi bejelent\u00e9sek nyom\u00e1n az \u00f6nkorm\u00e1nyzat illet\u00e9kes oszt\u00e1ly\u00e1nak munkat\u00e1rsai felkeresik a jelzett ter\u00fcletet, ahol cserjemetsz\u00e9st v\u00e9geznek. Ez ut\u00e1n k\u00f6vetkezik a takar\u00edt\u00e1s, ig\u00e9ny eset\u00e9n pedig a fert\u0151tlen\u00edt\u00e9s.  <\/p>\n<div style=\"width: 640px;\" class=\"wp-video\"><!--[if lt IE 9]><script>document.createElement('video');<\/script><![endif]-->\n<video class=\"wp-video-shortcode\" id=\"video-8774-1\" width=\"640\" height=\"360\" preload=\"metadata\" controls=\"controls\"><source type=\"video\/mp4\" src=\"\/spots\/hir\/hir_180417_04.mp4?_=1\" \/><a href=\"\/spots\/hir\/hir_180417_04.mp4\">\/spots\/hir\/hir_180417_04.mp4<\/a><\/video><\/div>\n","protected":false},"excerpt":{"rendered":"<p>\u00c9rdemes \u00f3vatosan k\u00f6zlekedni az 1975- ben emelt Tanuhegy k\u00f6rny\u00e9k\u00e9n. A Jubileum t\u00e9ri bokrok n\u00e9melyik\u00e9t egyesek illemhelyk\u00e9nt haszn\u00e1lj\u00e1k. &#8220;Sajnos egyre ink\u00e1bb v\u00e1rosi jelens\u00e9g. Bej\u00e1r\u00e1sokon, illetve lakoss\u00e1gi bejelent\u00e9sekb\u0151l is tapasztaljuk, hogy a z\u00f6ldter\u00fcleteket nem rendeltet\u00e9snek megfelel\u0151en, k\u00f6z\u00f6ss\u00e9get zavar\u00f3 m\u00f3don haszn\u00e1lj\u00e1k. Ilyen esetben mindig kij\u00f6v\u00fcnk, megtekintj\u00fck a helysz\u00ednt \u00e9s megn\u00e9zz\u00fck, hogy milyen beavatkoz\u00e1s sz\u00fcks\u00e9ges.&#8221;- hangs\u00falyozta k\u00e9rd\u00e9s\u00fcnkre Petre Anna [&hellip;]<\/p>\n","protected":false},"author":2,"featured_media":0,"comment_status":"closed","ping_status":"closed","sticky":false,"template":"","format":"standard","meta":[],"categories":[9],"tags":[],"_links":{"self":[{"href":"http:\/\/archiv.szolnoktv.hu\/index.php?rest_route=\/wp\/v2\/posts\/8774"}],"collection":[{"href":"http:\/\/archiv.szolnoktv.hu\/index.php?rest_route=\/wp\/v2\/posts"}],"about":[{"href":"http:\/\/archiv.szolnoktv.hu\/index.php?rest_route=\/wp\/v2\/types\/post"}],"author":[{"embeddable":true,"href":"http:\/\/archiv.szolnoktv.hu\/index.php?rest_route=\/wp\/v2\/users\/2"}],"replies":[{"embeddable":true,"href":"http:\/\/archiv.szolnoktv.hu\/index.php?rest_route=%2Fwp%2Fv2%2Fcomments&post=8774"}],"version-history":[{"count":1,"href":"http:\/\/archiv.szolnoktv.hu\/index.php?rest_route=\/wp\/v2\/posts\/8774\/revisions"}],"predecessor-version":[{"id":8779,"href":"http:\/\/archiv.szolnoktv.hu\/index.php?rest_route=\/wp\/v2\/posts\/8774\/revisions\/8779"}],"wp:attachment":[{"href":"http:\/\/archiv.szolnoktv.hu\/index.php?rest_route=%2Fwp%2Fv2%2Fmedia&parent=8774"}],"wp:term":[{"taxonomy":"category","embeddable":true,"href":"http:\/\/archiv.szolnoktv.hu\/index.php?rest_route=%2Fwp%2Fv2%2Fcategories&post=8774"},{"taxonomy":"post_tag","embeddable":true,"href":"http:\/\/archiv.szolnoktv.hu\/index.php?rest_route=%2Fwp%2Fv2%2Ftags&post=8774"}],"curies":[{"name":"wp","href":"https:\/\/api.w.org\/{rel}","templated":true}]}}