{"id":8773,"date":"2018-04-17T15:48:06","date_gmt":"2018-04-17T15:48:06","guid":{"rendered":"http:\/\/archiv.szolnoktv.hu\/?p=8773"},"modified":"2021-08-13T20:19:00","modified_gmt":"2021-08-13T20:19:00","slug":"tiszaparti-tamfal-festese","status":"publish","type":"post","link":"http:\/\/archiv.szolnoktv.hu\/?p=8773","title":{"rendered":"Tiszaparti t\u00e1mfal fest\u00e9se"},"content":{"rendered":"<div class='booster-block booster-read-block'><\/div><p>37 di\u00e1k \u00e9s 5 tan\u00e1r festi a nap 8 \u00f3r\u00e1j\u00e1ban a Tisza menti t\u00e1mfal fel\u00fclet\u00e9t. A f\u00e9nyes Adolf M\u0171v\u00e9szeti Iskola di\u00e1kjai a K\u00f6ti-V\u00edzig \u00f6tlete nyom\u00e1n \u00e9s felk\u00e9r\u00e9s\u00e9re v\u00e9gzik ezt a nem mindennapi feladatot. <\/p>\n<p>-A munk\u00e1t azt vas\u00e1rnap kezdt\u00e9k el a koll\u00e9g\u00e1k, akkor 2-3 gyermek seg\u00edts\u00e9g\u00e9vel projektorokkal felvet\u00edtett\u00e9k Szolnok v\u00e1ros nevezetes k\u00e9peit, ide a falakra felrajzolt\u00e1k \u00e9s h\u00e9tf\u0151 reggel kezdt\u00e9k el megfesteni itt a gyermekek.&#8221; -nyilatkozta Csidern\u00e9 L\u00e1szl\u00f3 Csilla, a Magiszter F\u00e9nyes Adolf Szolnoki Gimn\u00e1zium M\u0171v\u00e9szeti Szakgimn\u00e1ziuma \u00e9s Alapfok\u00fa M\u0171v\u00e9szeti Iskol\u00e1j\u00e1nak igazgat\u00f3ja.<\/p>\n<p>\u00cdgy egyebek mellett meg\u00f6r\u00f6k\u00edtik a Tisza sz\u00e1ll\u00f3t, a Belv\u00e1rosi nagytemplomot, a Gal\u00e9ri\u00e1t \u00e9s a Szigligeti Sz\u00ednh\u00e1zat. <\/p>\n<p>-Olyan \u00e9p\u00fcleteket pr\u00f3b\u00e1ltunk v\u00e1lasztani, amelyek, ha mondjuk becsukom a szemem \u00e9s Szolnok v\u00e1ros\u00e1ra gondolok, mi az ami nekem egyb\u0151l eszembe jut. Szebbn\u00e9l szebb \u00e9p\u00fcletek vannak, gy\u00f6ny\u00f6r\u0171 a belv\u00e1rosunk. P\u00e9ld\u00e1ul l\u00e1thatunk a Tisza Sz\u00e1ll\u00f3n k\u00edv\u00fcl megjelenik p\u00e9ld\u00e1ul egy r\u00e9gi, belv\u00e1rosi \u00e9p\u00fclet is, ami a r\u00e9gi polg\u00e1ri hangulatot adja \u00e1t \u00e9s t\u00fcremkedik ki a kis tornyaival.&#8221; -nyilatkozta a projekt m\u0171v\u00e9szeti vezet\u0151je: T\u00f3thn\u00e9 P\u00e1ncsics Edina.<\/p>\n<p>A Tisza-parton s\u00e9t\u00e1l\u00f3k nemcsak Szolnok jellegzetes \u00e9p\u00fcleteit, hanem portr\u00e9kat is l\u00e1thatnak. Ezeket plotterez\u0151 f\u00f3li\u00e1val \u00e9s sablonokkal helyezt\u00e9k fel, majd kiv\u00e1gt\u00e1k \u00e9s festett\u00e9k. Az expressz\u00edv hat\u00e1s\u00fa portr\u00e9k szolnoki k\u00f6t\u0151d\u00e9s\u0171, munk\u00e1ss\u00e1guk \u00e1ltal ismert \u00e9s elismert embereket \u00e1br\u00e1zolnak. <\/p>\n<p>9-es \u00e9s 11-es di\u00e1kok vesznek r\u00e9szt az \u00e1rt\u00e9ri fal dekor\u00e1l\u00e1s\u00e1ban.<\/p>\n<p>-N\u00e1lunk a suliban vannak fest\u0151k, szobr\u00e1szok, illetve grafikusok. \u00c9s a tan\u00e1rokkal egy\u00fctt tudunk festeni nagyobb fel\u00fcleten \u00e9s k\u00f6nnyebben meg lehet l\u00e1tni a munkafolyamatot, hogy menn\u00e9l prec\u00edzebb legyen \u00e9s szebb.&#8221; -mondta az egyik tanul\u00f3: Nagy Brigitta.<\/p>\n<p>A Tisza-parti t\u00e1mfal fest\u00e9se a h\u00e9tv\u00e9g\u00e9re befejez\u0151dik. A munkafolyamatr\u00f3l dr\u00f3nnal vide\u00f3t k\u00e9sz\u00edtenek, melyb\u0151l egy 20 perces kisfilmet is \u00f6ssze\u00e1ll\u00edtanak majd.<\/p>\n<div style=\"width: 640px;\" class=\"wp-video\"><!--[if lt IE 9]><script>document.createElement('video');<\/script><![endif]-->\n<video class=\"wp-video-shortcode\" id=\"video-8773-1\" width=\"640\" height=\"360\" preload=\"metadata\" controls=\"controls\"><source type=\"video\/mp4\" src=\"\/spots\/hir\/hir_180417_06.mp4?_=1\" \/><a href=\"\/spots\/hir\/hir_180417_06.mp4\">\/spots\/hir\/hir_180417_06.mp4<\/a><\/video><\/div>\n","protected":false},"excerpt":{"rendered":"<p>37 di\u00e1k \u00e9s 5 tan\u00e1r festi a nap 8 \u00f3r\u00e1j\u00e1ban a Tisza menti t\u00e1mfal fel\u00fclet\u00e9t. A f\u00e9nyes Adolf M\u0171v\u00e9szeti Iskola di\u00e1kjai a K\u00f6ti-V\u00edzig \u00f6tlete nyom\u00e1n \u00e9s felk\u00e9r\u00e9s\u00e9re v\u00e9gzik ezt a nem mindennapi feladatot. -A munk\u00e1t azt vas\u00e1rnap kezdt\u00e9k el a koll\u00e9g\u00e1k, akkor 2-3 gyermek seg\u00edts\u00e9g\u00e9vel projektorokkal felvet\u00edtett\u00e9k Szolnok v\u00e1ros nevezetes k\u00e9peit, ide a falakra felrajzolt\u00e1k [&hellip;]<\/p>\n","protected":false},"author":2,"featured_media":0,"comment_status":"closed","ping_status":"closed","sticky":false,"template":"","format":"standard","meta":[],"categories":[9],"tags":[],"_links":{"self":[{"href":"http:\/\/archiv.szolnoktv.hu\/index.php?rest_route=\/wp\/v2\/posts\/8773"}],"collection":[{"href":"http:\/\/archiv.szolnoktv.hu\/index.php?rest_route=\/wp\/v2\/posts"}],"about":[{"href":"http:\/\/archiv.szolnoktv.hu\/index.php?rest_route=\/wp\/v2\/types\/post"}],"author":[{"embeddable":true,"href":"http:\/\/archiv.szolnoktv.hu\/index.php?rest_route=\/wp\/v2\/users\/2"}],"replies":[{"embeddable":true,"href":"http:\/\/archiv.szolnoktv.hu\/index.php?rest_route=%2Fwp%2Fv2%2Fcomments&post=8773"}],"version-history":[{"count":1,"href":"http:\/\/archiv.szolnoktv.hu\/index.php?rest_route=\/wp\/v2\/posts\/8773\/revisions"}],"predecessor-version":[{"id":8780,"href":"http:\/\/archiv.szolnoktv.hu\/index.php?rest_route=\/wp\/v2\/posts\/8773\/revisions\/8780"}],"wp:attachment":[{"href":"http:\/\/archiv.szolnoktv.hu\/index.php?rest_route=%2Fwp%2Fv2%2Fmedia&parent=8773"}],"wp:term":[{"taxonomy":"category","embeddable":true,"href":"http:\/\/archiv.szolnoktv.hu\/index.php?rest_route=%2Fwp%2Fv2%2Fcategories&post=8773"},{"taxonomy":"post_tag","embeddable":true,"href":"http:\/\/archiv.szolnoktv.hu\/index.php?rest_route=%2Fwp%2Fv2%2Ftags&post=8773"}],"curies":[{"name":"wp","href":"https:\/\/api.w.org\/{rel}","templated":true}]}}