{"id":8772,"date":"2018-04-17T15:38:08","date_gmt":"2018-04-17T15:38:08","guid":{"rendered":"http:\/\/archiv.szolnoktv.hu\/?p=8772"},"modified":"2021-08-13T20:19:00","modified_gmt":"2021-08-13T20:19:00","slug":"szulo-suliba-projektnyito-rendezveny","status":"publish","type":"post","link":"http:\/\/archiv.szolnoktv.hu\/?p=8772","title":{"rendered":"Sz\u00fcl\u0151 Suliba projektnyit\u00f3 rendezv\u00e9ny"},"content":{"rendered":"<div class='booster-block booster-read-block'><\/div><p>&#8220;Egyed\u00fcl nem megy&#8221; -Minarik Ede klasszikus mondat\u00e1val nyitotta meg a &#8220;Sz\u00fcl\u0151-Suliba&#8221; h\u00edvogat\u00f3 rendezv\u00e9nysorozatot Szutorisz-Sz\u00fcgyi Csongor tanker\u00fcleti igazgat\u00f3. A lemorzsol\u00f3d\u00e1sra hajlamos di\u00e1kok felz\u00e1rk\u00f3ztat\u00e1s\u00e1ban a sz\u00fcl\u0151knek \u00e9s a pedag\u00f3gusoknak egy\u00fctt kell dolgozniuk -vallj\u00e1k a szakemberek. A most indul\u00f3, 30 h\u00f3napos program is ezt a c\u00e9lt t\u0171zte maga el\u00e9. \u00d6cs\u00f6d, T\u00f3szeg, Zagyvar\u00e9kas \u00e1ltal\u00e1nos iskol\u00e1ib\u00f3l, valamint a Fiumei \u00fati \u00e9s a Szeg\u0151 G\u00e1bor iskol\u00e1kb\u00f3l \u00f6sszesen 81 h\u00e1tr\u00e1nyos helyzet\u0171 gyermeket vonnak be a programba. \u0151ket egy\u00e9ni fejleszt\u00e9si terv alapj\u00e1n k\u00e9sz\u00edtik fel a tov\u00e1bbtanul\u00e1sra \u00fagy, hogy ebbe a munk\u00e1ba a sz\u00fcl\u0151ket is bevonj\u00e1k.<br \/>&#8220;K\u00fcl\u00f6nb\u00f6z\u0151 szabadid\u0151s rendezv\u00e9nyek 50 sz\u00e1zal\u00e9k\u00e1n a sz\u00fcl\u0151knek r\u00e9szt kell venni, mert egy\u00fctt tudjuk megoldani, hogy min\u00e9l kisebb legyen a lemorzsol\u00f3d\u00e1s.&#8221; -mondta POL\u00d3NYI L\u00c1SZL\u00d3 projektmenedzser.<br \/>Mentorok figyelik majd a tanul\u00f3kat. Ha kell, napi szinten foglalkoznak a di\u00e1kokkal a csal\u00e1d, a szaktan\u00e1r vagy a megfelel\u0151 szakember bevon\u00e1s\u00e1val. <br \/>&#8220;Nem csak az a feladatunk, hogy tudom\u00e1nnyal l\u00e1ssuk el a gyerekeket, programok lesznek, p\u00e1lyav\u00e1laszt\u00e1si tan\u00e1csad\u00e1s lesz, hogy a gyerekek k\u00f6nnyebben tudjanak boldogulni.&#8221; -mondta RUSVAI K\u00c1ROLY szakmai vezet\u0151.<br \/>Prevenci\u00f3s m\u0171helymunk\u00e1kba, tal\u00e1lkoz\u00f3kra, kir\u00e1ndul\u00e1sokra v\u00e1rj\u00e1k majd a sz\u00fcl\u0151ket, akik maguk is tov\u00e1bbk\u00e9pezhet\u0151ek lesznek. El\u0151fordulhat, hogy 30 h\u00f3nap m\u00falva maga a sz\u00fcl\u0151 is b\u0151vebb tud\u00e1ssal \u00e9s ez \u00e1ltal \u00faj szakm\u00e1val lesz gazdagabb.<br \/>\n<br \/>\n<div style=\"width: 640px;\" class=\"wp-video\"><!--[if lt IE 9]><script>document.createElement('video');<\/script><![endif]-->\n<video class=\"wp-video-shortcode\" id=\"video-8772-1\" width=\"640\" height=\"360\" preload=\"metadata\" controls=\"controls\"><source type=\"video\/mp4\" src=\"\/spots\/hir\/hir_180417_02.mp4?_=1\" \/><a href=\"\/spots\/hir\/hir_180417_02.mp4\">\/spots\/hir\/hir_180417_02.mp4<\/a><\/video><\/div><\/p>\n","protected":false},"excerpt":{"rendered":"<p>&#8220;Egyed\u00fcl nem megy&#8221; -Minarik Ede klasszikus mondat\u00e1val nyitotta meg a &#8220;Sz\u00fcl\u0151-Suliba&#8221; h\u00edvogat\u00f3 rendezv\u00e9nysorozatot Szutorisz-Sz\u00fcgyi Csongor tanker\u00fcleti igazgat\u00f3. A lemorzsol\u00f3d\u00e1sra hajlamos di\u00e1kok felz\u00e1rk\u00f3ztat\u00e1s\u00e1ban a sz\u00fcl\u0151knek \u00e9s a pedag\u00f3gusoknak egy\u00fctt kell dolgozniuk -vallj\u00e1k a szakemberek. A most indul\u00f3, 30 h\u00f3napos program is ezt a c\u00e9lt t\u0171zte maga el\u00e9. \u00d6cs\u00f6d, T\u00f3szeg, Zagyvar\u00e9kas \u00e1ltal\u00e1nos iskol\u00e1ib\u00f3l, valamint a Fiumei \u00fati [&hellip;]<\/p>\n","protected":false},"author":2,"featured_media":0,"comment_status":"closed","ping_status":"closed","sticky":false,"template":"","format":"standard","meta":[],"categories":[9],"tags":[],"_links":{"self":[{"href":"http:\/\/archiv.szolnoktv.hu\/index.php?rest_route=\/wp\/v2\/posts\/8772"}],"collection":[{"href":"http:\/\/archiv.szolnoktv.hu\/index.php?rest_route=\/wp\/v2\/posts"}],"about":[{"href":"http:\/\/archiv.szolnoktv.hu\/index.php?rest_route=\/wp\/v2\/types\/post"}],"author":[{"embeddable":true,"href":"http:\/\/archiv.szolnoktv.hu\/index.php?rest_route=\/wp\/v2\/users\/2"}],"replies":[{"embeddable":true,"href":"http:\/\/archiv.szolnoktv.hu\/index.php?rest_route=%2Fwp%2Fv2%2Fcomments&post=8772"}],"version-history":[{"count":1,"href":"http:\/\/archiv.szolnoktv.hu\/index.php?rest_route=\/wp\/v2\/posts\/8772\/revisions"}],"predecessor-version":[{"id":8781,"href":"http:\/\/archiv.szolnoktv.hu\/index.php?rest_route=\/wp\/v2\/posts\/8772\/revisions\/8781"}],"wp:attachment":[{"href":"http:\/\/archiv.szolnoktv.hu\/index.php?rest_route=%2Fwp%2Fv2%2Fmedia&parent=8772"}],"wp:term":[{"taxonomy":"category","embeddable":true,"href":"http:\/\/archiv.szolnoktv.hu\/index.php?rest_route=%2Fwp%2Fv2%2Fcategories&post=8772"},{"taxonomy":"post_tag","embeddable":true,"href":"http:\/\/archiv.szolnoktv.hu\/index.php?rest_route=%2Fwp%2Fv2%2Ftags&post=8772"}],"curies":[{"name":"wp","href":"https:\/\/api.w.org\/{rel}","templated":true}]}}