{"id":8771,"date":"2018-04-17T15:35:59","date_gmt":"2018-04-17T15:35:59","guid":{"rendered":"http:\/\/archiv.szolnoktv.hu\/?p=8771"},"modified":"2021-08-13T20:19:00","modified_gmt":"2021-08-13T20:19:00","slug":"26-verne-vetelkedo","status":"publish","type":"post","link":"http:\/\/archiv.szolnoktv.hu\/?p=8771","title":{"rendered":"26. Verne vet\u00e9lked\u0151"},"content":{"rendered":"<div class='booster-block booster-read-block'><\/div><p> A rem\u00e9nys\u00e9g er\u0151db\u0151l \u00e9l\u0151ben jelentkezett be az egyik csapat versenyz\u0151je. A riportk\u00e9sz\u00edt\u00e9s \u00e9s bejelentkez\u00e9s volt az egyik feladatuk a 26. Verne vet\u00e9lked\u0151n. Ez\u00fattal a Pr\u00e9mvad\u00e1szok c\u00edm\u0171 k\u00f6nyvb\u0151l kellett felk\u00e9sz\u00fclni\u00fck, mely Amerika jeges-tengeri partvid\u00e9k\u00e9re indul\u00f3  pr\u00e9mvad\u00e1sz-exped\u00edci\u00f3r\u00f3l sz\u00f3l. Kit\u0171n\u0151, \u00faj vad\u00e1szter\u00fcletet fedeznek fel, \u00e9s boldogan berendezkednek \u00faj \u00e1llom\u00e1shely\u00fck\u00f6n, mikor r\u00e1eszm\u00e9lnek, hogy \u00fasz\u00f3 j\u00e9gmez\u0151n telepedtek meg. A h\u00f3vihart a versenyen egy s\u00f3szoba szimboliz\u00e1lta, ahol n\u00f6v\u00e9nyeket kellett a gyerekeknek keresni\u00fck. <\/p>\n<p>A Verne vet\u00e9lked\u0151 nagy n\u00e9pszer\u0171s\u00e9gnek \u00f6rvend, az orsz\u00e1g minden pontj\u00e1r\u00f3l \u00e9rkeznek irodalomkedvel\u0151 di\u00e1kok, akik hosszasan k\u00e9sz\u00fcltek a versenyre. <\/p>\n<p> Jules Gabriel Verne, magyarosan Verne Gyula francia \u00edr\u00f3  a tudom\u00e1nyos-fantasztikus irodalom korszakalkot\u00f3 alakja. 26 \u00e9vvel ezel\u0151tt az iskola volt pedag\u00f3gusa tal\u00e1lta ki, hogy rendezzenek az int\u00e9zm\u00e9nyben egy kifejezetten Verne m\u0171veib\u0151l \u00f6ssze\u00e1ll\u00edtott vet\u00e9lked\u0151t, hogy a di\u00e1kok jobban megismerj\u00e9k m\u0171veit. A legt\u00f6bbet ford\u00edtott szerz\u0151t a gyerekek is nagyon kedvelik. <\/p>\n<p>-Az olvas\u00f3v\u00e1 nevel\u00e9s mindig is az oktat\u00e1si int\u00e9zm\u00e9nyek f\u0151 c\u00e9ljai k\u00f6zt szerepelt. Ez soha nem avul el, ezt mindenk\u00e9ppen er\u0151s\u00edteni kell. R\u00e1ad\u00e1sul akkora szerencs\u00e9nk van, hogy tal\u00e1ltunk egy csom\u00f3 di\u00e1kot aki sz\u00edvesen versenyez. Sz\u00edvesen olvas.&#8221;  &#8211; mondta  Kov\u00e1cs S\u00e1ndorn\u00e9, int\u00e9zm\u00e9nyegys\u00e9g-vezet\u0151.<\/p>\n<p> A 26. Verne Vet\u00e9lked\u0151n 19 csapat, \u00f6sszesen 57 di\u00e1k vett r\u00e9szt. A legjobbak k\u00f6nyvjutalomban r\u00e9szes\u00fcltek. <\/p>\n<div style=\"width: 640px;\" class=\"wp-video\"><!--[if lt IE 9]><script>document.createElement('video');<\/script><![endif]-->\n<video class=\"wp-video-shortcode\" id=\"video-8771-1\" width=\"640\" height=\"360\" preload=\"metadata\" controls=\"controls\"><source type=\"video\/mp4\" src=\"\/spots\/hir\/hir_180417_01.mp4?_=1\" \/><a href=\"\/spots\/hir\/hir_180417_01.mp4\">\/spots\/hir\/hir_180417_01.mp4<\/a><\/video><\/div>\n","protected":false},"excerpt":{"rendered":"<p>A rem\u00e9nys\u00e9g er\u0151db\u0151l \u00e9l\u0151ben jelentkezett be az egyik csapat versenyz\u0151je. A riportk\u00e9sz\u00edt\u00e9s \u00e9s bejelentkez\u00e9s volt az egyik feladatuk a 26. Verne vet\u00e9lked\u0151n. Ez\u00fattal a Pr\u00e9mvad\u00e1szok c\u00edm\u0171 k\u00f6nyvb\u0151l kellett felk\u00e9sz\u00fclni\u00fck, mely Amerika jeges-tengeri partvid\u00e9k\u00e9re indul\u00f3 pr\u00e9mvad\u00e1sz-exped\u00edci\u00f3r\u00f3l sz\u00f3l. Kit\u0171n\u0151, \u00faj vad\u00e1szter\u00fcletet fedeznek fel, \u00e9s boldogan berendezkednek \u00faj \u00e1llom\u00e1shely\u00fck\u00f6n, mikor r\u00e1eszm\u00e9lnek, hogy \u00fasz\u00f3 j\u00e9gmez\u0151n telepedtek meg. A h\u00f3vihart [&hellip;]<\/p>\n","protected":false},"author":2,"featured_media":0,"comment_status":"closed","ping_status":"closed","sticky":false,"template":"","format":"standard","meta":[],"categories":[9],"tags":[],"_links":{"self":[{"href":"http:\/\/archiv.szolnoktv.hu\/index.php?rest_route=\/wp\/v2\/posts\/8771"}],"collection":[{"href":"http:\/\/archiv.szolnoktv.hu\/index.php?rest_route=\/wp\/v2\/posts"}],"about":[{"href":"http:\/\/archiv.szolnoktv.hu\/index.php?rest_route=\/wp\/v2\/types\/post"}],"author":[{"embeddable":true,"href":"http:\/\/archiv.szolnoktv.hu\/index.php?rest_route=\/wp\/v2\/users\/2"}],"replies":[{"embeddable":true,"href":"http:\/\/archiv.szolnoktv.hu\/index.php?rest_route=%2Fwp%2Fv2%2Fcomments&post=8771"}],"version-history":[{"count":1,"href":"http:\/\/archiv.szolnoktv.hu\/index.php?rest_route=\/wp\/v2\/posts\/8771\/revisions"}],"predecessor-version":[{"id":8782,"href":"http:\/\/archiv.szolnoktv.hu\/index.php?rest_route=\/wp\/v2\/posts\/8771\/revisions\/8782"}],"wp:attachment":[{"href":"http:\/\/archiv.szolnoktv.hu\/index.php?rest_route=%2Fwp%2Fv2%2Fmedia&parent=8771"}],"wp:term":[{"taxonomy":"category","embeddable":true,"href":"http:\/\/archiv.szolnoktv.hu\/index.php?rest_route=%2Fwp%2Fv2%2Fcategories&post=8771"},{"taxonomy":"post_tag","embeddable":true,"href":"http:\/\/archiv.szolnoktv.hu\/index.php?rest_route=%2Fwp%2Fv2%2Ftags&post=8771"}],"curies":[{"name":"wp","href":"https:\/\/api.w.org\/{rel}","templated":true}]}}