{"id":8770,"date":"2018-04-16T17:50:54","date_gmt":"2018-04-16T17:50:54","guid":{"rendered":"http:\/\/archiv.szolnoktv.hu\/?p=8770"},"modified":"2021-08-13T20:19:00","modified_gmt":"2021-08-13T20:19:00","slug":"holokauszt-magyarorszagi-aldozatainak-emleknapja-2","status":"publish","type":"post","link":"http:\/\/archiv.szolnoktv.hu\/?p=8770","title":{"rendered":"Holokauszt Magyarorsz\u00e1gi \u00c1ldozatainak Eml\u00e9knapja"},"content":{"rendered":"<div class='booster-block booster-read-block'><\/div><p>Itt alak\u00edtott\u00e1k ki a szolnoki gett\u00f3t. A Palik\u00e1n Sz\u00e1ll\u00f3 k\u00f6rny\u00e9k\u00e9re 1944. ut\u00e1n t\u00f6bb, mint ezer embert hurcoltak el Szolnokr\u00f3l \u00e9s k\u00f6rny\u00e9k\u00e9r\u0151l. K\u00f6z\u00fcl\u00fck alig p\u00e1r sz\u00e1zan \u00e9lt\u00e9k t\u00fal a hal\u00e1lt\u00e1borokat, vissza a t\u00fal\u00e9l\u0151k k\u00f6z\u00fcl is csak n\u00e9h\u00e1nyan t\u00e9rtek. Az \u00e1ldozatokra eml\u00e9keztek az eml\u00e9knapon. De a trag\u00e9di\u00e1t nem csak \u0151k \u00e9lt\u00e9k meg -mondta Szalay Ferenc polg\u00e1rmester- hanem azok a bar\u00e1tok, szomsz\u00e9dok is, akik mell\u0151l elvitt\u00e9k az ismer\u0151s\u00f6ket.<\/p>\n<p>&#8220;Mindenkinek felel\u0151ss\u00e9ge, hogy ezt m\u00e9g egyszer nem szabad megengedni, soha nem juthatunk oda, hogy az emberi \u00e9letet semmibe vegy\u00e9k. Nem lehet senki olyan, aki fels\u0151bbrend\u0171nek hiszi mag\u00e1t \u00e9s embernek gondolja mag\u00e1t, mert messze nem az.&#8221; -eml\u00e9kezett SZALAY FERENC polg\u00e1rmester.<br \/>Az egykori szolnoki gett\u00f3 ter\u00fclet\u00e9n eml\u00e9kk\u00f6vet avattak, hogy az arra j\u00e1r\u00f3k nap, mint nap l\u00e1thass\u00e1k mi t\u00f6rt\u00e9nt itt annak idej\u00e9n. <\/p>\n<p>&#8220;Egykor 1100 zsid\u00f3 \u00e9lt Szolnokon. Gett\u00f3ba k\u00e9nyszer\u00edt\u00e9s\u00fck el\u0151tt list\u00e1t \u00e1ll\u00edtottak \u00f6ssze r\u00f3luk. Ma ne csod\u00e1lkozzon senki aki ilyen list\u00e1kat gy\u00e1rt, ha ilyen el\u0151zm\u00e9nyek ut\u00e1n a j\u00f3\u00e9rz\u00e9s\u0171 emberek \u00e9rtetlen\u00fcl szeml\u00e9lik a t\u00f6rt\u00e9nteket.&#8221; -mondta HEISLER ANDR\u00c1S.<\/p>\n<p>Az eml\u00e9kk\u0151 megkoszor\u00faz\u00e1s\u00e1val fejet hajtottak az \u00e1ldozatok el\u0151tt. Ezt k\u00f6vet\u0151en a r\u00e9sztvev\u0151k egy\u00fctt indultak a &#8220;botlat\u00f3 k\u00f6vekhez&#8221;. Azokhoz a Szolnok utc\u00e1in, egy-egy bej\u00e1ratn\u00e1l elhelyezett eml\u00e9kt\u00e1bl\u00e1csk\u00e1khoz, melyeken egy-egy n\u00e9v \u00e1ll. Azoknak a neve, akiket abb\u00f3l az \u00e9p\u00fcletb\u0151l hurcoltak el. Varga B\u00e9la Holokauszt t\u00fal\u00e9l\u0151 a Gal\u00e9ri\u00e1ban eml\u00e9kezett.<br \/>A Holokauszt Magyarorsz\u00e1gi \u00c1ldozatainak Eml\u00e9knapja Szolnokon eml\u00e9kfut\u00e1ssal z\u00e1rult.<br \/>\n<br \/>\n<div style=\"width: 640px;\" class=\"wp-video\"><!--[if lt IE 9]><script>document.createElement('video');<\/script><![endif]-->\n<video class=\"wp-video-shortcode\" id=\"video-8770-1\" width=\"640\" height=\"360\" preload=\"metadata\" controls=\"controls\"><source type=\"video\/mp4\" src=\"\/spots\/hir\/hir_180416_08.mp4?_=1\" \/><a href=\"\/spots\/hir\/hir_180416_08.mp4\">\/spots\/hir\/hir_180416_08.mp4<\/a><\/video><\/div><\/p>\n","protected":false},"excerpt":{"rendered":"<p>Itt alak\u00edtott\u00e1k ki a szolnoki gett\u00f3t. A Palik\u00e1n Sz\u00e1ll\u00f3 k\u00f6rny\u00e9k\u00e9re 1944. ut\u00e1n t\u00f6bb, mint ezer embert hurcoltak el Szolnokr\u00f3l \u00e9s k\u00f6rny\u00e9k\u00e9r\u0151l. K\u00f6z\u00fcl\u00fck alig p\u00e1r sz\u00e1zan \u00e9lt\u00e9k t\u00fal a hal\u00e1lt\u00e1borokat, vissza a t\u00fal\u00e9l\u0151k k\u00f6z\u00fcl is csak n\u00e9h\u00e1nyan t\u00e9rtek. Az \u00e1ldozatokra eml\u00e9keztek az eml\u00e9knapon. De a trag\u00e9di\u00e1t nem csak \u0151k \u00e9lt\u00e9k meg -mondta Szalay Ferenc polg\u00e1rmester- hanem [&hellip;]<\/p>\n","protected":false},"author":2,"featured_media":0,"comment_status":"closed","ping_status":"closed","sticky":false,"template":"","format":"standard","meta":[],"categories":[9],"tags":[],"_links":{"self":[{"href":"http:\/\/archiv.szolnoktv.hu\/index.php?rest_route=\/wp\/v2\/posts\/8770"}],"collection":[{"href":"http:\/\/archiv.szolnoktv.hu\/index.php?rest_route=\/wp\/v2\/posts"}],"about":[{"href":"http:\/\/archiv.szolnoktv.hu\/index.php?rest_route=\/wp\/v2\/types\/post"}],"author":[{"embeddable":true,"href":"http:\/\/archiv.szolnoktv.hu\/index.php?rest_route=\/wp\/v2\/users\/2"}],"replies":[{"embeddable":true,"href":"http:\/\/archiv.szolnoktv.hu\/index.php?rest_route=%2Fwp%2Fv2%2Fcomments&post=8770"}],"version-history":[{"count":1,"href":"http:\/\/archiv.szolnoktv.hu\/index.php?rest_route=\/wp\/v2\/posts\/8770\/revisions"}],"predecessor-version":[{"id":8783,"href":"http:\/\/archiv.szolnoktv.hu\/index.php?rest_route=\/wp\/v2\/posts\/8770\/revisions\/8783"}],"wp:attachment":[{"href":"http:\/\/archiv.szolnoktv.hu\/index.php?rest_route=%2Fwp%2Fv2%2Fmedia&parent=8770"}],"wp:term":[{"taxonomy":"category","embeddable":true,"href":"http:\/\/archiv.szolnoktv.hu\/index.php?rest_route=%2Fwp%2Fv2%2Fcategories&post=8770"},{"taxonomy":"post_tag","embeddable":true,"href":"http:\/\/archiv.szolnoktv.hu\/index.php?rest_route=%2Fwp%2Fv2%2Ftags&post=8770"}],"curies":[{"name":"wp","href":"https:\/\/api.w.org\/{rel}","templated":true}]}}