{"id":8768,"date":"2018-04-16T16:32:53","date_gmt":"2018-04-16T16:32:53","guid":{"rendered":"http:\/\/archiv.szolnoktv.hu\/?p=8768"},"modified":"2021-08-13T20:19:01","modified_gmt":"2021-08-13T20:19:01","slug":"mestertrening-olt-tamas-szinmuvesszel","status":"publish","type":"post","link":"http:\/\/archiv.szolnoktv.hu\/?p=8768","title":{"rendered":"Mestertr\u00e9ning Olt Tam\u00e1s sz\u00ednm\u0171v\u00e9sszel"},"content":{"rendered":"<div class='booster-block booster-read-block'><\/div><p>2 \u00e9vet \u00e1tfog\u00f3 programsorozat indul \u00fatj\u00e1ra Szolnokon. A tan\u00f3r\u00e1n k\u00edv\u00fcli tev\u00e9kenys\u00e9gek b\u0151v\u00edt\u00e9s\u00e9t c\u00e9lz\u00f3 projekt oktat\u00e1si \u00e9s nevel\u00e9si int\u00e9zm\u00e9nyekben val\u00f3sul meg.<\/p>\n<p>-A p\u00e1ly\u00e1zat a tan\u00f3r\u00e1n k\u00edv\u00fcli szabadid\u0151 hasznos elt\u00f6lt\u00e9s\u00e9r\u0151l sz\u00f3l. Ennek keret\u00e9ben nagyon sok sz\u00e9p programot fogunk tudni megval\u00f3s\u00edtani 5 int\u00e9zm\u00e9nnyel, ebb\u0151l 4 iskola, illetve 1 \u00f3voda.&#8221; -mondta Bal\u00e1zsn\u00e9 G\u0151d\u00e9r \u00c1gnes, a VOKE Csom\u00f3ponti M\u0171vel\u0151d\u00e9si K\u00f6zpont vezet\u0151je.<\/p>\n<p>Ennek els\u0151 \u00e1llom\u00e1sa a mai rendhagy\u00f3 dr\u00e1mapedag\u00f3gia foglalkoz\u00e1s Olt Tam\u00e1s Mens\u00e1ros-d\u00edjas sz\u00ednm\u0171v\u00e9sszel. Az \u00f3ra k\u00f6zvetett c\u00e9lja, hogy a di\u00e1kok j\u00e1t\u00e9kos form\u00e1ban megismerj\u00e9k -\u00e9s  megkedvelj\u00e9k-a sz\u00ednm\u0171v\u00e9szetet. <\/p>\n<p>-Megpr\u00f3b\u00e1lom esszenci\u00e1lni, azt amiket \u00e9n tanultam, ahogy \u00e9n nevelkedtem. K\u00fclf\u00f6ld\u00f6n \u00e9s Magyarorsz\u00e1gon j\u00e1rtam sz\u00ednm\u0171v\u00e9szeti egyetemekre \u00e9s ezekb\u0151l \u00e9n minden honnan megpr\u00f3b\u00e1lok olyan esszenci\u00e1lis dolgokat elcsenni, ami egy picit megmutathatja, hogy mi mindennel kell foglalkozni. Egy picit besz\u00e9d \u00f3r\u00e1t fogunk tartani a sz\u00fcnet ut\u00e1n, egy picit l\u00e9gz\u00e9stechnik\u00e1t, egy kicsi mesters\u00e9get, abb\u00f3l is kis koncentr\u00e1ci\u00f3s feladatot, kicsi improviz\u00e1ci\u00f3s feladat lesz.&#8221;<\/p>\n<p>A besz\u00e9d sz\u00e1mtalan elemb\u0151l \u00e9p\u00fcl f\u00f6l: alapja a kil\u00e9gz\u00e9s, hiszen \u00edgy adhat\u00f3 ki hang, majd ott a nyelv \u00e9s az ajak, mely a ki\u00e1raml\u00f3 leveg\u0151t \u00e9rthet\u0151 hangokk\u00e1 form\u00e1lja. Mindez nem csak a sz\u00ednpadon, de szinkronsz\u00edn\u00e9szk\u00e9nt a st\u00fadi\u00f3ban is elengedhetetlen  &#8211;   mondta a sz\u00ednm\u0171v\u00e9sz.<\/p>\n<p>Figyelmesen k\u00f6vett\u00e9k a gyerekek az el\u0151ad\u00f3 utas\u00edt\u00e1sait. \u00cdgy tett L\u00e1z\u00e1r Gr\u00e9ta is, aki k\u00f6z\u00e9pfok\u00fa tanulm\u00e1nyait a Sz\u00e9chenyi Istv\u00e1n Gimn\u00e1zium dr\u00e1matagozat\u00e1n folytatja.<\/p>\n<p>-Ez igaz\u00e1b\u00f3l egy nagyon rejtelmes vil\u00e1g \u00e9s mindig m\u00e1s oldal\u00e1t meg lehet ismerni \u00e9s ez\u00e9rt \u00e9rdekel. Soha nem lehet ebbe bele unni, mindig valami igalom v\u00e1r benne.&#8221;<\/p>\n<p>Balogh Amanda kor\u00e1bban is kac\u00e9rkodott azzal, hogy sz\u00edn\u00e9sz lesz.<\/p>\n<p>-Ahogy j\u00f6tt hozz\u00e1nk ez a sz\u00edn\u00e9sz, ezen kereszt\u00fcl szerettette meg velem ezt az eg\u00e9szet. M\u00e1r el\u0151tte is \u00e9rdekelt, viszont most m\u00e1r sokkal jobban.&#8221;<\/p>\n<p>A tan\u00e9v v\u00e9g\u00e9ig az orsz\u00e1g sz\u00e1mos iskol\u00e1j\u00e1ban, pontosan m\u00e9g 24 helysz\u00ednen vehetnek r\u00e9szt a gyerekek Mesters\u00e9gtr\u00e9ningen Olt Tam\u00e1s vezet\u00e9s\u00e9vel. V\u00e1rosunkban meseel\u0151ad\u00e1sokat, eg\u00e9szs\u00e9g\u00fcgyi- \u00e9s ment\u00e1lhigi\u00e9n\u00e9s rendezv\u00e9nyeket szerveznek, valamint k\u00fcl\u00f6nf\u00e9le szakk\u00f6r\u00f6ket ind\u00edtanak a projekt keretein bel\u00fcl.<br \/>\n<br \/>\n<div style=\"width: 640px;\" class=\"wp-video\"><!--[if lt IE 9]><script>document.createElement('video');<\/script><![endif]-->\n<video class=\"wp-video-shortcode\" id=\"video-8768-1\" width=\"640\" height=\"360\" preload=\"metadata\" controls=\"controls\"><source type=\"video\/mp4\" src=\"\/spots\/hir\/hir_180416_06.mp4?_=1\" \/><a href=\"\/spots\/hir\/hir_180416_06.mp4\">\/spots\/hir\/hir_180416_06.mp4<\/a><\/video><\/div><\/p>\n","protected":false},"excerpt":{"rendered":"<p>2 \u00e9vet \u00e1tfog\u00f3 programsorozat indul \u00fatj\u00e1ra Szolnokon. A tan\u00f3r\u00e1n k\u00edv\u00fcli tev\u00e9kenys\u00e9gek b\u0151v\u00edt\u00e9s\u00e9t c\u00e9lz\u00f3 projekt oktat\u00e1si \u00e9s nevel\u00e9si int\u00e9zm\u00e9nyekben val\u00f3sul meg. -A p\u00e1ly\u00e1zat a tan\u00f3r\u00e1n k\u00edv\u00fcli szabadid\u0151 hasznos elt\u00f6lt\u00e9s\u00e9r\u0151l sz\u00f3l. Ennek keret\u00e9ben nagyon sok sz\u00e9p programot fogunk tudni megval\u00f3s\u00edtani 5 int\u00e9zm\u00e9nnyel, ebb\u0151l 4 iskola, illetve 1 \u00f3voda.&#8221; -mondta Bal\u00e1zsn\u00e9 G\u0151d\u00e9r \u00c1gnes, a VOKE Csom\u00f3ponti M\u0171vel\u0151d\u00e9si K\u00f6zpont [&hellip;]<\/p>\n","protected":false},"author":2,"featured_media":0,"comment_status":"closed","ping_status":"closed","sticky":false,"template":"","format":"standard","meta":[],"categories":[9],"tags":[],"_links":{"self":[{"href":"http:\/\/archiv.szolnoktv.hu\/index.php?rest_route=\/wp\/v2\/posts\/8768"}],"collection":[{"href":"http:\/\/archiv.szolnoktv.hu\/index.php?rest_route=\/wp\/v2\/posts"}],"about":[{"href":"http:\/\/archiv.szolnoktv.hu\/index.php?rest_route=\/wp\/v2\/types\/post"}],"author":[{"embeddable":true,"href":"http:\/\/archiv.szolnoktv.hu\/index.php?rest_route=\/wp\/v2\/users\/2"}],"replies":[{"embeddable":true,"href":"http:\/\/archiv.szolnoktv.hu\/index.php?rest_route=%2Fwp%2Fv2%2Fcomments&post=8768"}],"version-history":[{"count":1,"href":"http:\/\/archiv.szolnoktv.hu\/index.php?rest_route=\/wp\/v2\/posts\/8768\/revisions"}],"predecessor-version":[{"id":8785,"href":"http:\/\/archiv.szolnoktv.hu\/index.php?rest_route=\/wp\/v2\/posts\/8768\/revisions\/8785"}],"wp:attachment":[{"href":"http:\/\/archiv.szolnoktv.hu\/index.php?rest_route=%2Fwp%2Fv2%2Fmedia&parent=8768"}],"wp:term":[{"taxonomy":"category","embeddable":true,"href":"http:\/\/archiv.szolnoktv.hu\/index.php?rest_route=%2Fwp%2Fv2%2Fcategories&post=8768"},{"taxonomy":"post_tag","embeddable":true,"href":"http:\/\/archiv.szolnoktv.hu\/index.php?rest_route=%2Fwp%2Fv2%2Ftags&post=8768"}],"curies":[{"name":"wp","href":"https:\/\/api.w.org\/{rel}","templated":true}]}}