{"id":8765,"date":"2018-04-16T15:26:08","date_gmt":"2018-04-16T15:26:08","guid":{"rendered":"http:\/\/archiv.szolnoktv.hu\/?p=8765"},"modified":"2021-08-13T20:19:01","modified_gmt":"2021-08-13T20:19:01","slug":"40-eves-a-korosi-csoma-sandor-altalanos-iskola-es-alapfoku-muveszeti-iskola","status":"publish","type":"post","link":"http:\/\/archiv.szolnoktv.hu\/?p=8765","title":{"rendered":"40 \u00e9ves a K\u0151r\u00f6si Csoma S\u00e1ndor \u00c1ltal\u00e1nos Iskola \u00e9s Alapfok\u00fa M\u0171v\u00e9szeti Iskola."},"content":{"rendered":"<div class='booster-block booster-read-block'><\/div><p>Koszor\u00faz\u00e1ssal indult az \u00fcnneps\u00e9g. 1978 szeptember\u00e9ben ny\u00edlt a K\u0151r\u00f6si Csoma S\u00e1ndor \u00c1ltal\u00e1nos Iskola \u00e9s Alapfok\u00fa M\u0171v\u00e9szeti Iskola. 40 \u00e9ves \u00e9vfordul\u00f3 alkalm\u00e1b\u00f3l az iskola dolgoz\u00f3i \u00fcnnepi rendezv\u00e9nysorozattal k\u00e9sz\u00fcltek a di\u00e1koknak. Az iskola aul\u00e1j\u00e1ban t\u00e1ncok, versek \u00e9s G\u00e1l G\u00e1bor igazgat\u00f3 k\u00f6sz\u00f6nt\u0151 szavai nyitott\u00e1k meg az \u00fcnneps\u00e9get. <\/p>\n<p>,,Iskol\u00e1nkban a mai nap a megnyit\u00f3 rendezv\u00e9nyek ut\u00e1n B\u00f6de P\u00e9ter di\u00e1koknak sz\u00f3l\u00f3, interakt\u00edv mese el\u0151ad\u00e1sait illetve mesek\u00f6nyv \u00edr\u00e1sr\u00f3l szerzett tapasztalatait fogja megosztani. \u00d5 egy k\u00f6lt\u0151 is egyben, teh\u00e1t versekkel is fog foglalkozni a gyerekekkel. Ezt folyamatosan a mai nap, holnap, holnaput\u00e1n is rendezv\u00e9ny.  Folyamatos rendezv\u00e9ny a K\u0151r\u00f6si kupa is. A mai alkalommal r\u00f6plabda, holnap illetve holnap ut\u00e1n  kos\u00e1rlabda m\u00e9rk\u0151z\u00e9sekre ker\u00fcl sor.&#8221;-mondta: G\u00e1l G\u00e1bor, igazgat\u00f3, K\u0151r\u00f6si Csoma S\u00e1ndor \u00c1ltal\u00e1nos Iskola \u00e9s Alapfok\u00fa M\u0171v\u00e9szeti Iskola<\/p>\n<p>Az iskol\u00e1nak eredend\u0151en az idegennyelv \u00e9s a term\u00e9szettudom\u00e1nyos t\u00e1rgyak oktat\u00e1s\u00e1sa volt az er\u0151ss\u00e9ge, de mell\u00e9j\u00fck mostanra m\u00e1r felz\u00e1rk\u00f3zott a m\u0171v\u00e9szetoktat\u00e1s is. A tanint\u00e9zet 2 iskol\u00e1b\u00f3l \u00f6r\u00f6k\u00f6lt meg 2 t\u00e1nctanszakot, a balettot \u00e9s a n\u00e9pt\u00e1ncot. A pedag\u00f3gusok szerint a di\u00e1kok lelkesed\u00e9se a legfontosabb.<\/p>\n<p>-Mert az \u00e9p\u00fclete nagyon sz\u00e9p, fel lett \u00faj\u00edtva. Van sok program p\u00e9ld\u00e1ul az Erd\u00e9lybe utaz\u00e1si, \u00fagynevezett Hat\u00e1rtalanul program.,,-mes\u00e9lte:  Dutkon Dominik, 7c,<\/p>\n<p>A sportesem\u00e9nyek mellett a h\u00e9ten iskolat\u00f6rt\u00e9neti ki\u00e1ll\u00edt\u00e1s, Hat\u00e1rtalanul-vet\u00e9lked\u0151, ,,\u00e9s Karcolatok a Ny\u00edrs\u00e9g sz\u00edv\u00e9b\u0151l&#8221; bemutat\u00f3 projektfoglalkoz\u00e1s v\u00e1rja a di\u00e1kokat. A legsz\u00ednesebb program szombaton lesz, amikor egy rendhagy\u00f3 di\u00e1k\u00f6nkorm\u00e1nyzati napon vehetnek r\u00e9szt a tanul\u00f3k.<\/p>\n<div style=\"width: 640px;\" class=\"wp-video\"><!--[if lt IE 9]><script>document.createElement('video');<\/script><![endif]-->\n<video class=\"wp-video-shortcode\" id=\"video-8765-1\" width=\"640\" height=\"360\" preload=\"metadata\" controls=\"controls\"><source type=\"video\/mp4\" src=\"\/spots\/hir\/hir_180416_04.mp4?_=1\" \/><a href=\"\/spots\/hir\/hir_180416_04.mp4\">\/spots\/hir\/hir_180416_04.mp4<\/a><\/video><\/div>\n","protected":false},"excerpt":{"rendered":"<p>Koszor\u00faz\u00e1ssal indult az \u00fcnneps\u00e9g. 1978 szeptember\u00e9ben ny\u00edlt a K\u0151r\u00f6si Csoma S\u00e1ndor \u00c1ltal\u00e1nos Iskola \u00e9s Alapfok\u00fa M\u0171v\u00e9szeti Iskola. 40 \u00e9ves \u00e9vfordul\u00f3 alkalm\u00e1b\u00f3l az iskola dolgoz\u00f3i \u00fcnnepi rendezv\u00e9nysorozattal k\u00e9sz\u00fcltek a di\u00e1koknak. Az iskola aul\u00e1j\u00e1ban t\u00e1ncok, versek \u00e9s G\u00e1l G\u00e1bor igazgat\u00f3 k\u00f6sz\u00f6nt\u0151 szavai nyitott\u00e1k meg az \u00fcnneps\u00e9get. ,,Iskol\u00e1nkban a mai nap a megnyit\u00f3 rendezv\u00e9nyek ut\u00e1n B\u00f6de P\u00e9ter di\u00e1koknak [&hellip;]<\/p>\n","protected":false},"author":2,"featured_media":0,"comment_status":"closed","ping_status":"closed","sticky":false,"template":"","format":"standard","meta":[],"categories":[9],"tags":[],"_links":{"self":[{"href":"http:\/\/archiv.szolnoktv.hu\/index.php?rest_route=\/wp\/v2\/posts\/8765"}],"collection":[{"href":"http:\/\/archiv.szolnoktv.hu\/index.php?rest_route=\/wp\/v2\/posts"}],"about":[{"href":"http:\/\/archiv.szolnoktv.hu\/index.php?rest_route=\/wp\/v2\/types\/post"}],"author":[{"embeddable":true,"href":"http:\/\/archiv.szolnoktv.hu\/index.php?rest_route=\/wp\/v2\/users\/2"}],"replies":[{"embeddable":true,"href":"http:\/\/archiv.szolnoktv.hu\/index.php?rest_route=%2Fwp%2Fv2%2Fcomments&post=8765"}],"version-history":[{"count":1,"href":"http:\/\/archiv.szolnoktv.hu\/index.php?rest_route=\/wp\/v2\/posts\/8765\/revisions"}],"predecessor-version":[{"id":8788,"href":"http:\/\/archiv.szolnoktv.hu\/index.php?rest_route=\/wp\/v2\/posts\/8765\/revisions\/8788"}],"wp:attachment":[{"href":"http:\/\/archiv.szolnoktv.hu\/index.php?rest_route=%2Fwp%2Fv2%2Fmedia&parent=8765"}],"wp:term":[{"taxonomy":"category","embeddable":true,"href":"http:\/\/archiv.szolnoktv.hu\/index.php?rest_route=%2Fwp%2Fv2%2Fcategories&post=8765"},{"taxonomy":"post_tag","embeddable":true,"href":"http:\/\/archiv.szolnoktv.hu\/index.php?rest_route=%2Fwp%2Fv2%2Ftags&post=8765"}],"curies":[{"name":"wp","href":"https:\/\/api.w.org\/{rel}","templated":true}]}}