{"id":8764,"date":"2018-04-16T15:18:26","date_gmt":"2018-04-16T15:18:26","guid":{"rendered":"http:\/\/archiv.szolnoktv.hu\/?p=8764"},"modified":"2021-08-13T20:19:01","modified_gmt":"2021-08-13T20:19:01","slug":"cseresznyevirag-unnep-nagykoruben","status":"publish","type":"post","link":"http:\/\/archiv.szolnoktv.hu\/?p=8764","title":{"rendered":"Cseresznyevir\u00e1g \u00fcnnep Nagyk\u00f6r\u0171ben"},"content":{"rendered":"<div class='booster-block booster-read-block'><\/div><p>Megkezd\u0151d\u00f6tt a leny\u0171g\u00f6z\u0151en sz\u00e9p cseresznyefa-vir\u00e1gz\u00e1s Nagyk\u00f6r\u0171ben. A vil\u00e1g sz\u00e1mos pontj\u00e1n, \u00edgy haz\u00e1nk csereszny\u00e9skertj\u00e9ben is cseresznyevir\u00e1g-fesztiv\u00e1llal \u00fcnneplik a pomp\u00e1s l\u00e1tv\u00e1nyt. A hagyom\u00e1nyokhoz h\u0171en ilyenkor megtelik a falu r\u00e9gi piactere helyi \u00e1rusokkal, akik csereszny\u00e9b\u0151l \u00e9s sok m\u00e1s helyben termett gy\u00fcm\u00f6lcsb\u0151l k\u00e9sz\u00fclt finoms\u00e1gokat k\u00edn\u00e1lnak a j\u00e1r\u00f3kel\u0151knek. Csonka Ildik\u00f3 boszork\u00e1nykonyh\u00e1j\u00e1nak sz\u00edne-jav\u00e1t megk\u00f3stolhatt\u00e1k az arra j\u00e1r\u00f3k. <br \/>B\u00e1r a m\u00e1rciusi t\u00e9l n\u00e9mi aggodalomra adott okot, szerencs\u00e9re nem fagyott el a cseresznye Nagyk\u00f6r\u00fcben- mondt\u00e1k a termel\u0151k. <\/p>\n<p>&#8211; Nagyon sz\u00e9pen kivir\u00e1goztak a f\u00e1ink, \u00e9s folyamatosan vir\u00e1goznak, lehet l\u00e1tni, id\u0151ben van, teh\u00e1t nincsen elk\u00e9sve. Rem\u00e9lj\u00fck, hogy sok term\u00e9s lesz. &#8211;<\/p>\n<p>A cseresznye sz\u00e1m\u00e1ra kedvez\u0151 talaj \u00e9s \u00e9ghajlati felt\u00e9telek m\u00e1r a k\u00f6z\u00e9pkorban is megvoltak a K\u00f6r\u0171i medenc\u00e9ben. Nem v\u00e9letlen hogy a mai napig minden csal\u00e1d a gy\u00fcm\u00f6lcsb\u0151l \u00e9l a faluban. <\/p>\n<p>-Nagyk\u00f6r\u0171ben nincsen olyan csal\u00e1d, akinek ne sz\u00e1rmazna j\u00f6vedelme a csereszny\u00e9b\u0151l.  A falu csal\u00e1djainak szerintem a felk\u00e9nek van nagyobb m\u00e9ret\u0171 csereszny\u00e9se, de mindenki dolgozik a csereszny\u00e9ben, vagy szed\u0151k\u00e9nt, vagy feldolgoz\u00f3k\u00e9nt, vagy keresked\u0151k\u00e9nt, de nincs olyan csal\u00e1d akinek az \u00e9ltet\u00e9t ne hatn\u00e1 \u00e1t.&#8221; &#8211; mondta   Bar\u00e1t J\u00f3zsef, alpolg\u00e1rmester<\/p>\n<p>Nemcsak gy\u00fcm\u00f6lcs\u00f6t, hanem kecskesajtot is k\u00edn\u00e1ltak a termel\u0151k a helyi piacon. A cseresznye ut\u00e1n ugyanis a nagyk\u00f6r\u0171i sajt n\u00e9pszer\u0171s\u00edt\u00e9se is elkezd\u0151dik a telep\u00fcl\u00e9sen. <\/p>\n<p>-A kis \u00e9s k\u00f6z\u00e9pv\u00e1llalkoz\u00f3k \u00e9s sajtk\u00e9sz\u00edt\u0151k egyes\u00fclete a magyarorsz\u00e1gi sajt\u00fath\u00e1l\u00f3zat \u00e9p\u00edt\u00e9s\u00e9n f\u00e1radozik a borutak mint\u00e1j\u00e1ra. Ez turisztikai attrakci\u00f3k\u00e9nt m\u0171k\u00f6dne az orsz\u00e1gban. M\u00e1r h\u00e1rom n\u00e9gy ilyen \u00e1llom\u00e1s m\u0171k\u00f6dik \u00e9s mi a j\u00faniusi cseresznyev\u00e1s\u00e1r alkalm\u00e1val avatn\u00e1nk fel ezt a sajt\u00fat\u00e1llom\u00e1st. &#8211; -mondta  Varga Gy\u00f6rgy, sajtk\u00e9sz\u00edt\u0151 <\/p>\n<p>A szombati cseresznyevir\u00e1g \u00fcnnep a Vir\u00e1gz\u00e1st\u00f3l bef\u0151z\u00e9sig programsorozat r\u00e9sze, mely eg\u00e9szen okt\u00f3berig tart. A k\u00f6vetkez\u0151 rendezv\u00e9nyt, Nepomuki Szent J\u00e1nos napj\u00e1t m\u00e1jusban tartj\u00e1k. <\/p>\n<div style=\"width: 640px;\" class=\"wp-video\"><!--[if lt IE 9]><script>document.createElement('video');<\/script><![endif]-->\n<video class=\"wp-video-shortcode\" id=\"video-8764-1\" width=\"640\" height=\"360\" preload=\"metadata\" controls=\"controls\"><source type=\"video\/mp4\" src=\"\/spots\/hir\/hir_180416_03.mp4?_=1\" \/><a href=\"\/spots\/hir\/hir_180416_03.mp4\">\/spots\/hir\/hir_180416_03.mp4<\/a><\/video><\/div>\n","protected":false},"excerpt":{"rendered":"<p>Megkezd\u0151d\u00f6tt a leny\u0171g\u00f6z\u0151en sz\u00e9p cseresznyefa-vir\u00e1gz\u00e1s Nagyk\u00f6r\u0171ben. A vil\u00e1g sz\u00e1mos pontj\u00e1n, \u00edgy haz\u00e1nk csereszny\u00e9skertj\u00e9ben is cseresznyevir\u00e1g-fesztiv\u00e1llal \u00fcnneplik a pomp\u00e1s l\u00e1tv\u00e1nyt. A hagyom\u00e1nyokhoz h\u0171en ilyenkor megtelik a falu r\u00e9gi piactere helyi \u00e1rusokkal, akik csereszny\u00e9b\u0151l \u00e9s sok m\u00e1s helyben termett gy\u00fcm\u00f6lcsb\u0151l k\u00e9sz\u00fclt finoms\u00e1gokat k\u00edn\u00e1lnak a j\u00e1r\u00f3kel\u0151knek. Csonka Ildik\u00f3 boszork\u00e1nykonyh\u00e1j\u00e1nak sz\u00edne-jav\u00e1t megk\u00f3stolhatt\u00e1k az arra j\u00e1r\u00f3k. B\u00e1r a m\u00e1rciusi t\u00e9l [&hellip;]<\/p>\n","protected":false},"author":2,"featured_media":0,"comment_status":"closed","ping_status":"closed","sticky":false,"template":"","format":"standard","meta":[],"categories":[9],"tags":[],"_links":{"self":[{"href":"http:\/\/archiv.szolnoktv.hu\/index.php?rest_route=\/wp\/v2\/posts\/8764"}],"collection":[{"href":"http:\/\/archiv.szolnoktv.hu\/index.php?rest_route=\/wp\/v2\/posts"}],"about":[{"href":"http:\/\/archiv.szolnoktv.hu\/index.php?rest_route=\/wp\/v2\/types\/post"}],"author":[{"embeddable":true,"href":"http:\/\/archiv.szolnoktv.hu\/index.php?rest_route=\/wp\/v2\/users\/2"}],"replies":[{"embeddable":true,"href":"http:\/\/archiv.szolnoktv.hu\/index.php?rest_route=%2Fwp%2Fv2%2Fcomments&post=8764"}],"version-history":[{"count":1,"href":"http:\/\/archiv.szolnoktv.hu\/index.php?rest_route=\/wp\/v2\/posts\/8764\/revisions"}],"predecessor-version":[{"id":8789,"href":"http:\/\/archiv.szolnoktv.hu\/index.php?rest_route=\/wp\/v2\/posts\/8764\/revisions\/8789"}],"wp:attachment":[{"href":"http:\/\/archiv.szolnoktv.hu\/index.php?rest_route=%2Fwp%2Fv2%2Fmedia&parent=8764"}],"wp:term":[{"taxonomy":"category","embeddable":true,"href":"http:\/\/archiv.szolnoktv.hu\/index.php?rest_route=%2Fwp%2Fv2%2Fcategories&post=8764"},{"taxonomy":"post_tag","embeddable":true,"href":"http:\/\/archiv.szolnoktv.hu\/index.php?rest_route=%2Fwp%2Fv2%2Ftags&post=8764"}],"curies":[{"name":"wp","href":"https:\/\/api.w.org\/{rel}","templated":true}]}}