{"id":8763,"date":"2018-04-16T15:06:04","date_gmt":"2018-04-16T15:06:04","guid":{"rendered":"http:\/\/archiv.szolnoktv.hu\/?p=8763"},"modified":"2021-08-13T20:19:01","modified_gmt":"2021-08-13T20:19:01","slug":"szakmak-ejszakaja-2","status":"publish","type":"post","link":"http:\/\/archiv.szolnoktv.hu\/?p=8763","title":{"rendered":"Szakm\u00e1k \u00e9jszak\u00e1ja"},"content":{"rendered":"<div class='booster-block booster-read-block'><\/div><p>Id\u00e9n is &#8220;f\u0171r\u00e9szporillat\u00fa&#8221;, l\u00e1tv\u00e1nyos bemutat\u00f3kkal k\u00e9sz\u00fclt az \u00c9p\u00edt\u00e9szeti \u00e9s Faipari Szakgimn\u00e1zium \u00e9s Szakk\u00f6z\u00e9piskola a Szakm\u00e1k \u00c9jszak\u00e1j\u00e1ra. Az \u00c9PFA ir\u00e1nt egyre nagyobb az \u00e9rdekl\u0151d\u00e9s, tudtuk meg P\u00e1szti Istv\u00e1n m\u0171szaki igazgat\u00f3- helyettest\u0151l.<\/p>\n<p>&#8220;Vid\u00e9ki \u00e1ltal\u00e1nos iskol\u00e1kb\u00f3l is j\u00f6nni fognak- T\u00f6r\u00f6kszentmikl\u00f3sr\u00f3l, R\u00e1k\u00f3czifalv\u00e1r\u00f3l, Fegyvernekr\u0151l a JNSZ Megyei Iparkamara seg\u00edts\u00e9g\u00e9vel tanul\u00f3kat utaztatnak int\u00e9zm\u00e9ny\u00fcnkbe.&#8221;<\/p>\n<p>A jelentkez\u0151k k\u00f6r\u00e9ben a n\u00e9pszer\u0171s\u00e9gi list\u00e1t a dekorat\u0151r k\u00e9pz\u00e9s vezeti.<\/p>\n<p>&#8220;Nagyon sok fel\u00e9 el lehet helyezkedni ha dekorat\u0151r v\u00e9gzetts\u00e9ggel rendelkezik valaki. T\u00f6bbek k\u00f6z\u00f6tt k\u00fcl\u00f6nf\u00e9le ki\u00e1ll\u00edt\u00e1sokat tud rendezni, illetve esk\u00fcv\u0151i dekor\u00e1ci\u00f3kat is, illetve rekl\u00e1mc\u00e9gekn\u00e9l.&#8221;- mondja Moln\u00e1r Gy\u00f6rgyi a  k\u00e9pz\u0151m\u0171v\u00e9szeti munkak\u00f6z\u00f6ss\u00e9g vezet\u0151je.<\/p>\n<p>A hatodikos Bal\u00e1zst \u00e9desanyja k\u00eds\u00e9rte el az iskol\u00e1ba. <\/p>\n<p>&#8220;Anya azt mondta, hogy \u00fagy gondolja, hogy \u00e9n er\u0151s vagyok, hogy \u00e9n fizikai munk\u00e1ra k\u00e9pes vagyok \u00e9s szerintem \u00e9n is \u00fagy gondolom.&#8221;<\/p>\n<p>St\u00edlusos volt az \u00e9rdekl\u0151d\u0151k fogad\u00e1sa a Sipos Orb\u00e1n Szakk\u00e9pz\u0151 Iskol\u00e1ban is. A nyolcvanas \u00e9vek sl\u00e1gerei mellett az iskola minden apr\u00f3 r\u00e9szletre adott. A retro jegy\u00e9ben rendezett p\u00e9nteki program term\u00e9szetesen az int\u00e9zm\u00e9nyben foly\u00f3 k\u00e9pz\u00e9sekr\u0151l sz\u00f3lt. Hangs\u00falyozta Szilv\u00e1s \u00c1gnes tagint\u00e9zm\u00e9ny vezet\u0151.<\/p>\n<p>&#8220;Fontosnak tartjuk azt, hogy bej\u00f6jjenek. Nem kell felt\u00e9tlen\u00fcl tudniuk, hogy milyen szakm\u00e1t szeretn\u00e9nek, egy\u00e1ltal\u00e1n ismerkedjenek meg azzal, hogy mi az hogy szakma, mi az, hogy szakk\u00e9pz\u00e9s, mit lehet el\u00e9rni azzal, hogyha majd ebben az iskol\u00e1ban tanulnak.&#8221;<\/p>\n<p>Az int\u00e9zm\u00e9nyben a saj\u00e1tos nevel\u00e9si ig\u00e9ny\u0171 tanul\u00f3k r\u00e9sszak\u00e9pz\u00e9se mellett asztalosokat, sz\u00e1m\u00edt\u00f3g\u00e9pszerel\u0151ket- \u00e9s karbantart\u00f3kat valamint szak\u00e1csokat \u00e9s cukr\u00e1szokat k\u00e9peznek. \u00d5k, a p\u00e9nteki ny\u00edlt napon ugyancsak a m\u00faltat id\u00e9zt\u00e9k meg. Jakobicz J\u00f3zsefn\u00e9 mestercukr\u00e1sz seg\u00edts\u00e9g\u00e9vel.<\/p>\n<p>&#8220;K\u00f3kuszgoly\u00f3, k\u00f3kuszcs\u00f3k, a habcs\u00f3kot p\u00e9ld\u00e1ul ilyen p\u00e1lcik\u00e1ra tett\u00fck. Kolegan\u0151 k\u00e9sz\u00edtett ilyen nyal\u00f3k\u00e1t, \u00fagyhogy a vend\u00e9gek is kapnak ilyen ki\u00f6nt\u00f6tt nyal\u00f3k\u00e1t. Most ezekkel k\u00e9sz\u00fclt\u00fcnk.&#8221;<\/p>\n<p>A Nemzetgazdas\u00e1gi Miniszt\u00e9rium \u00e1ltal t\u00e1mogatott &#8220;Szakm\u00e1k \u00e9jszak\u00e1ja&#8221; orsz\u00e1gszerte megmozgatta a szakk\u00e9pz\u00e9si centrumokat. A csatlakoz\u00f3 iskol\u00e1k egy\u00f6ntet\u0171 v\u00e9lem\u00e9nye, hogy a program hat\u00e9konyan hozz\u00e1j\u00e1rul p\u00e1lyav\u00e1laszt\u00e1s siker\u00e9hez.  <\/p>\n<div style=\"width: 640px;\" class=\"wp-video\"><!--[if lt IE 9]><script>document.createElement('video');<\/script><![endif]-->\n<video class=\"wp-video-shortcode\" id=\"video-8763-1\" width=\"640\" height=\"360\" preload=\"metadata\" controls=\"controls\"><source type=\"video\/mp4\" src=\"\/spots\/hir\/hir_180416_02.mp4?_=1\" \/><a href=\"\/spots\/hir\/hir_180416_02.mp4\">\/spots\/hir\/hir_180416_02.mp4<\/a><\/video><\/div>\n","protected":false},"excerpt":{"rendered":"<p>Id\u00e9n is &#8220;f\u0171r\u00e9szporillat\u00fa&#8221;, l\u00e1tv\u00e1nyos bemutat\u00f3kkal k\u00e9sz\u00fclt az \u00c9p\u00edt\u00e9szeti \u00e9s Faipari Szakgimn\u00e1zium \u00e9s Szakk\u00f6z\u00e9piskola a Szakm\u00e1k \u00c9jszak\u00e1j\u00e1ra. Az \u00c9PFA ir\u00e1nt egyre nagyobb az \u00e9rdekl\u0151d\u00e9s, tudtuk meg P\u00e1szti Istv\u00e1n m\u0171szaki igazgat\u00f3- helyettest\u0151l. &#8220;Vid\u00e9ki \u00e1ltal\u00e1nos iskol\u00e1kb\u00f3l is j\u00f6nni fognak- T\u00f6r\u00f6kszentmikl\u00f3sr\u00f3l, R\u00e1k\u00f3czifalv\u00e1r\u00f3l, Fegyvernekr\u0151l a JNSZ Megyei Iparkamara seg\u00edts\u00e9g\u00e9vel tanul\u00f3kat utaztatnak int\u00e9zm\u00e9ny\u00fcnkbe.&#8221; A jelentkez\u0151k k\u00f6r\u00e9ben a n\u00e9pszer\u0171s\u00e9gi list\u00e1t a dekorat\u0151r [&hellip;]<\/p>\n","protected":false},"author":2,"featured_media":0,"comment_status":"closed","ping_status":"closed","sticky":false,"template":"","format":"standard","meta":[],"categories":[9],"tags":[],"_links":{"self":[{"href":"http:\/\/archiv.szolnoktv.hu\/index.php?rest_route=\/wp\/v2\/posts\/8763"}],"collection":[{"href":"http:\/\/archiv.szolnoktv.hu\/index.php?rest_route=\/wp\/v2\/posts"}],"about":[{"href":"http:\/\/archiv.szolnoktv.hu\/index.php?rest_route=\/wp\/v2\/types\/post"}],"author":[{"embeddable":true,"href":"http:\/\/archiv.szolnoktv.hu\/index.php?rest_route=\/wp\/v2\/users\/2"}],"replies":[{"embeddable":true,"href":"http:\/\/archiv.szolnoktv.hu\/index.php?rest_route=%2Fwp%2Fv2%2Fcomments&post=8763"}],"version-history":[{"count":1,"href":"http:\/\/archiv.szolnoktv.hu\/index.php?rest_route=\/wp\/v2\/posts\/8763\/revisions"}],"predecessor-version":[{"id":8790,"href":"http:\/\/archiv.szolnoktv.hu\/index.php?rest_route=\/wp\/v2\/posts\/8763\/revisions\/8790"}],"wp:attachment":[{"href":"http:\/\/archiv.szolnoktv.hu\/index.php?rest_route=%2Fwp%2Fv2%2Fmedia&parent=8763"}],"wp:term":[{"taxonomy":"category","embeddable":true,"href":"http:\/\/archiv.szolnoktv.hu\/index.php?rest_route=%2Fwp%2Fv2%2Fcategories&post=8763"},{"taxonomy":"post_tag","embeddable":true,"href":"http:\/\/archiv.szolnoktv.hu\/index.php?rest_route=%2Fwp%2Fv2%2Ftags&post=8763"}],"curies":[{"name":"wp","href":"https:\/\/api.w.org\/{rel}","templated":true}]}}