{"id":8762,"date":"2018-04-13T17:09:41","date_gmt":"2018-04-13T17:09:41","guid":{"rendered":"http:\/\/archiv.szolnoktv.hu\/?p=8762"},"modified":"2021-08-13T20:19:01","modified_gmt":"2021-08-13T20:19:01","slug":"a-jarobeteg-ellatas-eredmenyeit-mutattak-be","status":"publish","type":"post","link":"http:\/\/archiv.szolnoktv.hu\/?p=8762","title":{"rendered":"A j\u00e1r\u00f3beteg ell\u00e1t\u00e1s eredm\u00e9nyeit mutatt\u00e1k be"},"content":{"rendered":"<div class='booster-block booster-read-block'><\/div><p>A J\u00e1r\u00f3beteg Ell\u00e1t\u00e1si Konferenci\u00e1r\u00f3l t\u00falz\u00e1s n\u00e9lk\u00fcl kijelenthet\u0151, hogy az elm\u00falt 11 \u00e9v alatt kin\u0151tte az eredeti elnevez\u00e9s\u00e9t \u00e9s ma m\u00e1r az alapell\u00e1t\u00e1sb\u00f3l, valamint a fekv\u0151beteg ell\u00e1t\u00e1sb\u00f3l \u00e9rkez\u0151 szakemberek is bemutatj\u00e1k a szakter\u00fclet\u00fck leg\u00fajabb eredm\u00e9nyeit. <\/p>\n<p>-Az eg\u00e9szs\u00e9g\u00fcgy az mindig egy rohamosan fejl\u0151d\u0151 ter\u00fclet, illetve tudom\u00e1nyos ter\u00fclet. Gyakorlatilag \u00e9n azt gondolom, hogy mind a betegfogad\u00e1s, a betegell\u00e1t\u00e1s, a szakmais\u00e1g, a protokollok fejl\u0151d\u00e9se \u00fajabb \u00e9s \u00fajabb elj\u00e1r\u00e1sok, eszk\u00f6z\u00f6k, m\u00f3dszerek megismer\u00e9se \u00e9s azok alkalmaz\u00e1sa nagyon nagy ter\u00fclet.&#8221;  &#8211;   mondta Dank\u00f3 Zsuzsanna a Magyar Eg\u00e9szs\u00e9g\u00fcgyi Szakdolgoz\u00f3i Kamara ter\u00fcletei eln\u00f6ke<\/p>\n<p>A mai rendezv\u00e9nyen a t\u00f6bbi k\u00f6z\u00f6tt a cukorbeteg gondoz\u00e1sr\u00f3l, a gy\u00f3gytorna eredm\u00e9nyeir\u0151l, illetve az eg\u00e9szs\u00e9g\u00fcgyben el\u0151fordul\u00f3 vesz\u00e9lyekr\u0151l is sz\u00f3 volt. Emellett a megel\u0151z\u00e9s fontoss\u00e1g\u00e1ra is felh\u00edvt\u00e1k a figyelmet, ugyanis a gazdas\u00e1gi adatok azt mutatj\u00e1k, hogy a m\u00e1r kialakult betegs\u00e9gek kezel\u00e9se j\u00f3val t\u00f6bbe ker\u00fcl, mint a prevenci\u00f3. <\/p>\n<p>Dr. Bene Ildik\u00f3, orsz\u00e1ggy\u0171l\u00e9si k\u00e9pvisel\u0151 al\u00e1h\u00fazta &#8211; -Nek\u00fcnk nagyon fontos a megel\u0151z\u00e9s, ebben Szolnok \u00e9s a megye is \u00e9len j\u00e1r, hiszen mi m\u00e1r a 2000 f\u0151 alatti telep\u00fcl\u00e9seket \u00e9vek \u00f3ta sz\u0171rj\u00fck, a v\u00e1rosban a Tiszta Sz\u00edvvel Szolnok\u00e9rt programjai t\u00f6bb mint 10 \u00e9ve itt vannak. \u00c9n azt gondolom ett\u0151l f\u00fcggetlen\u00fcl, hogy bizony nagyon sok teend\u0151nk van m\u00e9g, nagyon sok munk\u00e1nk van, nagyon sokat kell jav\u00edtani \u00e9s erre ez a konferencia meg tudja mutatni, hogy milyen kiv\u00e1l\u00f3 szakembereink vannak.&#8221;      <\/p>\n<p>Az elm\u00falt \u00e9vekben a szakdolgoz\u00f3k valamint az eg\u00e9szs\u00e9g\u00fcgy m\u00e1s dolgoz\u00f3inak megbecs\u00fcl\u00e9se kiemelt figyelmet kapott  &#8211;   mondta Dr. K\u00e1llai M\u00e1ria. A megyei korm\u00e1nymegb\u00edzott hozz\u00e1tette: az emberek \u00e9s a dolgoz\u00f3k anyagi megbecs\u00fcl\u00e9se mellett az eg\u00e9szs\u00e9g\u00fcgy infrastruktur\u00e1lis h\u00e1ttere, valamint eszk\u00f6zell\u00e1t\u00e1sa is nagy l\u00e9pt\u00e9kben fejl\u0151d\u00f6tt. <\/p>\n<p>-Az elm\u00falt id\u0151szakban az eg\u00e9szs\u00e9g\u00fcgyben dolgoz\u00f3k \u00e9letmin\u0151s\u00e9ge is javult a j\u00f6vedelmen t\u00fal. Ezen az \u00faton tov\u00e1bb kell menni. Illetve, ha k\u00f6rbe n\u00e9z\u00fcnk, akkor szinte nincs olyan k\u00f3rh\u00e1z, nincs olyan rendel\u0151int\u00e9zet, amelyben valamilyen fel\u00faj\u00edt\u00e1s nem t\u00f6rt\u00e9nt. P\u00e9ld\u00e1ul a Het\u00e9nyi G\u00e9za K\u00f3rh\u00e1z itt a v\u00e1rosban 14 milli\u00e1rd forintb\u00f3l szinte \u00fajj\u00e1\u00e9p\u00fclt.&#8221;  &#8211; fogalmazott Dr. K\u00e1llai M\u00e1ria, megyei korm\u00e1nymegb\u00edzott<\/p>\n<p>A konferenci\u00e1n emellett a 40 \u00e9ve az eg\u00e9szs\u00e9g\u00fcgyben dolgoz\u00f3 szakdolgoz\u00f3kat is k\u00f6sz\u00f6nt\u00f6tt\u00e9k.<br \/>\n<br \/>\n<div style=\"width: 640px;\" class=\"wp-video\"><!--[if lt IE 9]><script>document.createElement('video');<\/script><![endif]-->\n<video class=\"wp-video-shortcode\" id=\"video-8762-1\" width=\"640\" height=\"360\" preload=\"metadata\" controls=\"controls\"><source type=\"video\/mp4\" src=\"\/spots\/hir\/hir_180413_01.mp4?_=1\" \/><a href=\"\/spots\/hir\/hir_180413_01.mp4\">\/spots\/hir\/hir_180413_01.mp4<\/a><\/video><\/div><\/p>\n","protected":false},"excerpt":{"rendered":"<p>A J\u00e1r\u00f3beteg Ell\u00e1t\u00e1si Konferenci\u00e1r\u00f3l t\u00falz\u00e1s n\u00e9lk\u00fcl kijelenthet\u0151, hogy az elm\u00falt 11 \u00e9v alatt kin\u0151tte az eredeti elnevez\u00e9s\u00e9t \u00e9s ma m\u00e1r az alapell\u00e1t\u00e1sb\u00f3l, valamint a fekv\u0151beteg ell\u00e1t\u00e1sb\u00f3l \u00e9rkez\u0151 szakemberek is bemutatj\u00e1k a szakter\u00fclet\u00fck leg\u00fajabb eredm\u00e9nyeit. -Az eg\u00e9szs\u00e9g\u00fcgy az mindig egy rohamosan fejl\u0151d\u0151 ter\u00fclet, illetve tudom\u00e1nyos ter\u00fclet. Gyakorlatilag \u00e9n azt gondolom, hogy mind a betegfogad\u00e1s, a betegell\u00e1t\u00e1s, [&hellip;]<\/p>\n","protected":false},"author":2,"featured_media":0,"comment_status":"closed","ping_status":"closed","sticky":false,"template":"","format":"standard","meta":[],"categories":[9],"tags":[],"_links":{"self":[{"href":"http:\/\/archiv.szolnoktv.hu\/index.php?rest_route=\/wp\/v2\/posts\/8762"}],"collection":[{"href":"http:\/\/archiv.szolnoktv.hu\/index.php?rest_route=\/wp\/v2\/posts"}],"about":[{"href":"http:\/\/archiv.szolnoktv.hu\/index.php?rest_route=\/wp\/v2\/types\/post"}],"author":[{"embeddable":true,"href":"http:\/\/archiv.szolnoktv.hu\/index.php?rest_route=\/wp\/v2\/users\/2"}],"replies":[{"embeddable":true,"href":"http:\/\/archiv.szolnoktv.hu\/index.php?rest_route=%2Fwp%2Fv2%2Fcomments&post=8762"}],"version-history":[{"count":1,"href":"http:\/\/archiv.szolnoktv.hu\/index.php?rest_route=\/wp\/v2\/posts\/8762\/revisions"}],"predecessor-version":[{"id":8791,"href":"http:\/\/archiv.szolnoktv.hu\/index.php?rest_route=\/wp\/v2\/posts\/8762\/revisions\/8791"}],"wp:attachment":[{"href":"http:\/\/archiv.szolnoktv.hu\/index.php?rest_route=%2Fwp%2Fv2%2Fmedia&parent=8762"}],"wp:term":[{"taxonomy":"category","embeddable":true,"href":"http:\/\/archiv.szolnoktv.hu\/index.php?rest_route=%2Fwp%2Fv2%2Fcategories&post=8762"},{"taxonomy":"post_tag","embeddable":true,"href":"http:\/\/archiv.szolnoktv.hu\/index.php?rest_route=%2Fwp%2Fv2%2Ftags&post=8762"}],"curies":[{"name":"wp","href":"https:\/\/api.w.org\/{rel}","templated":true}]}}