{"id":8761,"date":"2018-04-13T17:06:43","date_gmt":"2018-04-13T17:06:43","guid":{"rendered":"http:\/\/archiv.szolnoktv.hu\/?p=8761"},"modified":"2021-08-13T20:19:01","modified_gmt":"2021-08-13T20:19:01","slug":"xxvi-kaan-karoly-orszagos-termeszet-es-kornyezetvedelmi-verseny","status":"publish","type":"post","link":"http:\/\/archiv.szolnoktv.hu\/?p=8761","title":{"rendered":"XXVI. Ka\u00e1n K\u00e1roly Orsz\u00e1gos Term\u00e9szet- \u00e9s K\u00f6rnyezetv\u00e9delmi Verseny"},"content":{"rendered":"<div class='booster-block booster-read-block'><\/div><p>Mad\u00e1r od\u00fa belsej\u00e9t \u00e9s elhelyezked\u00e9s\u00e9t is meg kellett vizsg\u00e1lni azoknak a gyerekeknek, akik bejutottak az Orsz\u00e1gos Ka\u00e1n K\u00e1roly k\u00f6rnyezetv\u00e9delmi verseny menyei d\u00f6nt\u0151j\u00e9be. A terepgyakorlaton a versenyz\u0151k a tavasszal \u00e9bred\u0151 v\u00edzi \u00e9l\u0151vil\u00e1got, valamint az avar lak\u00f3it is megismerhett\u00e9k.<\/p>\n<p>-L\u00e1ttunk unk\u00e1t, volt egy kis t\u00f3, ebihalakat, meg ilyesmit.&#8221;-mondta Sz\u0171cs Anna.<\/p>\n<p>A megyei d\u00f6nt\u0151be jutott versenyz\u0151k a megm\u00e9rettet\u00e9sre sokat k\u00e9sz\u00fcltek. A Karcagr\u00f3l \u00e9rkezett di\u00e1kok a felk\u00e9sz\u00fcl\u00e9st m\u00e1r tavaly ny\u00e1ron megkezdt\u00e9k. <\/p>\n<p>-K\u00e9t t\u00edpus feladatot oldottunk meg mindig. Egy bizonyos tot\u00f3t \u00e9s egy keresztrejtv\u00e9nyt, mivel ezek \u00e9rnek a legt\u00f6bb pontot a versenyben.&#8221;-mes\u00e9lte Moln\u00e1r Attila.<\/p>\n<p>A 26. Ka\u00e1n K\u00e1roly term\u00e9szetismereti vet\u00e9lked\u0151t 5. \u00e9s 6. \u00e9vfolyamos di\u00e1koknak rendezik meg \u00e9vr\u0151l-\u00e9vre. A r\u00e9sztvev\u0151knek az orsz\u00e1g nemzeti parkjaib\u00f3l, illetve az \u00e9v madar\u00e1hoz \u00e9s f\u00e1j\u00e1hoz kapcsol\u00f3d\u00f3 jellemz\u0151kb\u0151l kell felk\u00e9sz\u00fclni\u00fck. <\/p>\n<p>-Szolnok \u00e9s Szolnok k\u00f6rny\u00e9ki iskol\u00e1kb\u00f3l egyar\u00e1nt \u00e9rkeztek. A napot az \u00edr\u00e1sbeli fordul\u00f3val kezdt\u00e9k a gyerekek. Az m\u00e1r lezajlott \u00e9s most van \u00e9ppen a terepgyakorlat, hiszen amellett, hogy az elm\u00e9leti ismeretekr\u0151l sz\u00e1mot adnak nagyon fontosnak tartjuk, hogy ezeket a term\u00e9szetben is megtapasztalj\u00e1k, Illetve \u00e9lm\u00e9nyszer\u0171en \u00faj ismerteket gy\u0171jtsenek.&#8221;- mondta Csik\u00f3s Eszter a NEFAG Zrt. Erdei M\u0171vel\u0151d\u00e9si H\u00e1z vezet\u0151je.<\/p>\n<p>A term\u00e9szet- \u00e9s k\u00f6rnyezetismereti verseny orsz\u00e1gos d\u00f6nt\u0151j\u00e9be jutott tanul\u00f3k m\u00e1jusban Mez\u0151t\u00faron m\u00e9rik \u00f6ssze tud\u00e1sukat.<br \/>\n<br \/>\n<div style=\"width: 640px;\" class=\"wp-video\"><!--[if lt IE 9]><script>document.createElement('video');<\/script><![endif]-->\n<video class=\"wp-video-shortcode\" id=\"video-8761-1\" width=\"640\" height=\"360\" preload=\"metadata\" controls=\"controls\"><source type=\"video\/mp4\" src=\"\/spots\/hir\/hir_180413_05.mp4?_=1\" \/><a href=\"\/spots\/hir\/hir_180413_05.mp4\">\/spots\/hir\/hir_180413_05.mp4<\/a><\/video><\/div><\/p>\n","protected":false},"excerpt":{"rendered":"<p>Mad\u00e1r od\u00fa belsej\u00e9t \u00e9s elhelyezked\u00e9s\u00e9t is meg kellett vizsg\u00e1lni azoknak a gyerekeknek, akik bejutottak az Orsz\u00e1gos Ka\u00e1n K\u00e1roly k\u00f6rnyezetv\u00e9delmi verseny menyei d\u00f6nt\u0151j\u00e9be. A terepgyakorlaton a versenyz\u0151k a tavasszal \u00e9bred\u0151 v\u00edzi \u00e9l\u0151vil\u00e1got, valamint az avar lak\u00f3it is megismerhett\u00e9k. -L\u00e1ttunk unk\u00e1t, volt egy kis t\u00f3, ebihalakat, meg ilyesmit.&#8221;-mondta Sz\u0171cs Anna. A megyei d\u00f6nt\u0151be jutott versenyz\u0151k a megm\u00e9rettet\u00e9sre [&hellip;]<\/p>\n","protected":false},"author":2,"featured_media":0,"comment_status":"closed","ping_status":"closed","sticky":false,"template":"","format":"standard","meta":[],"categories":[9],"tags":[],"_links":{"self":[{"href":"http:\/\/archiv.szolnoktv.hu\/index.php?rest_route=\/wp\/v2\/posts\/8761"}],"collection":[{"href":"http:\/\/archiv.szolnoktv.hu\/index.php?rest_route=\/wp\/v2\/posts"}],"about":[{"href":"http:\/\/archiv.szolnoktv.hu\/index.php?rest_route=\/wp\/v2\/types\/post"}],"author":[{"embeddable":true,"href":"http:\/\/archiv.szolnoktv.hu\/index.php?rest_route=\/wp\/v2\/users\/2"}],"replies":[{"embeddable":true,"href":"http:\/\/archiv.szolnoktv.hu\/index.php?rest_route=%2Fwp%2Fv2%2Fcomments&post=8761"}],"version-history":[{"count":1,"href":"http:\/\/archiv.szolnoktv.hu\/index.php?rest_route=\/wp\/v2\/posts\/8761\/revisions"}],"predecessor-version":[{"id":8792,"href":"http:\/\/archiv.szolnoktv.hu\/index.php?rest_route=\/wp\/v2\/posts\/8761\/revisions\/8792"}],"wp:attachment":[{"href":"http:\/\/archiv.szolnoktv.hu\/index.php?rest_route=%2Fwp%2Fv2%2Fmedia&parent=8761"}],"wp:term":[{"taxonomy":"category","embeddable":true,"href":"http:\/\/archiv.szolnoktv.hu\/index.php?rest_route=%2Fwp%2Fv2%2Fcategories&post=8761"},{"taxonomy":"post_tag","embeddable":true,"href":"http:\/\/archiv.szolnoktv.hu\/index.php?rest_route=%2Fwp%2Fv2%2Ftags&post=8761"}],"curies":[{"name":"wp","href":"https:\/\/api.w.org\/{rel}","templated":true}]}}