{"id":8760,"date":"2018-04-13T17:02:36","date_gmt":"2018-04-13T17:02:36","guid":{"rendered":"http:\/\/archiv.szolnoktv.hu\/?p=8760"},"modified":"2021-08-13T20:19:02","modified_gmt":"2021-08-13T20:19:02","slug":"szakmai-verseny-eredmenyhirdetes","status":"publish","type":"post","link":"http:\/\/archiv.szolnoktv.hu\/?p=8760","title":{"rendered":"Szakmai verseny eredm\u00e9nyhirdet\u00e9s"},"content":{"rendered":"<div class='booster-block booster-read-block'><\/div><p>A M\u0171szaki Szakk\u00e9pz\u00e9si Centrum id\u00e9n is megrendezte az \u00c1gazati \u00e9s \u00c1gazaton K\u00edv\u00fcli Szakmai \u00c9retts\u00e9gi Vizsgat\u00e1rgyak Verseny\u00e9t. <\/p>\n<p>Katona Mikl\u00f3s, a Nemzetgazdas\u00e1gi Miniszt\u00e9rium oszt\u00e1lyvezet\u0151je \u00fcdv\u00f6z\u00f6lte a sz\u00fcl\u0151ket, felk\u00e9sz\u00edt\u0151 tan\u00e1rokat \u00e9s a versenyz\u0151ket. A di\u00e1kok t\u00f6bbs\u00e9g\u00e9ben nemcsak a versenyszitu\u00e1ci\u00f3 \u00e9s bizony\u00edt\u00e1si v\u00e1gy miatt jelentkeztek a versenyre, hanem a felv\u00e9teli elj\u00e1r\u00e1sba sz\u00e1m\u00edt\u00f3, szerezhet\u0151 t\u00f6bbletpontok miatt is. Az \u00e1gazatok gy\u0151ztesei 100 pontot, a m\u00e1sodik hely birtokosai 50-et, a harmadik helyezettek 25 t\u00f6bbletpontot kapnak. A b\u00e1ny\u00e1szati ismeretek gy\u0151ztese: T\u00f3th Alexa pozit\u00edv \u00e9lm\u00e9nyeket szerzett a h\u00e9t sor\u00e1n. A b\u00e9k\u00e9scsabai l\u00e1ny arra biztatja di\u00e1kt\u00e1rsait, vegyenek \u0151k is r\u00e9szt egy ilyen kih\u00edv\u00e1sban.<\/p>\n<p>-Az\u00e9rt vegyenek r\u00e9szt ezen a versenyen, mert ez a 2 nap, amit itt t\u00f6lt\u00f6tt\u00fcnk, nagyon izgalmas volt \u00e9s legf\u0151k\u00e9ppen az\u00e9rt, mert felk\u00e9sz\u00edtett minket a vizsg\u00e1kra \u00e9s az \u00e9retts\u00e9gire is, mert a t\u00e9mak\u00f6r is ugyan az volt, illetve egy szakmai bizotts\u00e1g el\u0151tt m\u00e9rettethett\u00fck meg magunkat.&#8221;<\/p>\n<p>A szolnoki Szakk\u00e9pz\u00e9si Centrum nevezett tanul\u00f3i k\u00f6z\u00fcl a faipari ismeretek szak\u00e1gban 3. helyez\u00e9st, a k\u00f6rnyezetv\u00e9delem- \u00e9s v\u00edzgazd\u00e1lkod\u00e1si szak\u00e1gban els\u0151, m\u00e1sodik \u00e9s harmadik helyez\u00e9st, a k\u00f6zgazdas\u00e1gi szak\u00e1gban \u00e9s a sz\u00e9p\u00e9szeti ismeretek kateg\u00f3ri\u00e1ban szolnoki di\u00e1k vitte el az legjobbnak j\u00e1r\u00f3 d\u00edjat \u00e9s elismer\u00e9st. Az eg\u00e9szs\u00e9g\u00fcgyi \u00e1gazat gy\u0151ztese a budapesti Szabados Tam\u00e1s lett.<\/p>\n<p>-H\u00e1t, nagyon vicces volt, nekem nagyon tetszett, f\u0151leg ez a k\u00e9t nap, t\u00e9nyleg buli volt. Meg h\u00e1t, megtapasztal egy ilyet az ember, az biztos, hogy befoly\u00e1solja k\u00e9s\u0151bb az \u00e9let\u00e9t, most m\u00e1r \u00e9rzem, hogy vagyok valaki. Hab\u00e1r nem biztos. Egy\u00e9bk\u00e9nt nyilv\u00e1n, megm\u00e9rettet\u00e9s szempontj\u00e1b\u00f3l is egy nagyon fontos dolog: megtapasztalni, hogy hol tart az ember ebben az eg\u00e9szben.&#8221;<\/p>\n<p>Az \u00edr\u00e1sbeli versenyek 52 teremben folytak, 82 tan\u00e1r fel\u00fcgyelet\u00e9ben. A sz\u00f3beli fordul\u00f3kat 77 teremben bonyol\u00edtott\u00e1k le \u00e9s 102 tan\u00e1r vigy\u00e1zott a verseny tisztas\u00e1g\u00e1ra. A versenynapok \u00e9s az eredm\u00e9nyhirdet\u0151 cerem\u00f3nia szervez\u00e9s\u00e9ben \u00f6sszesen 118 f\u0151 seg\u00e9dkezett. Az \u00fcnneps\u00e9gen elhangzott: j\u00f6v\u0151re ugyancsak Szolnokon rendezik a szakmai \u00e9retts\u00e9gi vizsgat\u00e1rgyak verseny\u00e9t.<br \/>\n<br \/>\n<div style=\"width: 640px;\" class=\"wp-video\"><!--[if lt IE 9]><script>document.createElement('video');<\/script><![endif]-->\n<video class=\"wp-video-shortcode\" id=\"video-8760-1\" width=\"640\" height=\"360\" preload=\"metadata\" controls=\"controls\"><source type=\"video\/mp4\" src=\"\/spots\/hir\/hir_180413_04.mp4?_=1\" \/><a href=\"\/spots\/hir\/hir_180413_04.mp4\">\/spots\/hir\/hir_180413_04.mp4<\/a><\/video><\/div><\/p>\n","protected":false},"excerpt":{"rendered":"<p>A M\u0171szaki Szakk\u00e9pz\u00e9si Centrum id\u00e9n is megrendezte az \u00c1gazati \u00e9s \u00c1gazaton K\u00edv\u00fcli Szakmai \u00c9retts\u00e9gi Vizsgat\u00e1rgyak Verseny\u00e9t. Katona Mikl\u00f3s, a Nemzetgazdas\u00e1gi Miniszt\u00e9rium oszt\u00e1lyvezet\u0151je \u00fcdv\u00f6z\u00f6lte a sz\u00fcl\u0151ket, felk\u00e9sz\u00edt\u0151 tan\u00e1rokat \u00e9s a versenyz\u0151ket. A di\u00e1kok t\u00f6bbs\u00e9g\u00e9ben nemcsak a versenyszitu\u00e1ci\u00f3 \u00e9s bizony\u00edt\u00e1si v\u00e1gy miatt jelentkeztek a versenyre, hanem a felv\u00e9teli elj\u00e1r\u00e1sba sz\u00e1m\u00edt\u00f3, szerezhet\u0151 t\u00f6bbletpontok miatt is. Az \u00e1gazatok gy\u0151ztesei [&hellip;]<\/p>\n","protected":false},"author":2,"featured_media":0,"comment_status":"closed","ping_status":"closed","sticky":false,"template":"","format":"standard","meta":[],"categories":[9],"tags":[],"_links":{"self":[{"href":"http:\/\/archiv.szolnoktv.hu\/index.php?rest_route=\/wp\/v2\/posts\/8760"}],"collection":[{"href":"http:\/\/archiv.szolnoktv.hu\/index.php?rest_route=\/wp\/v2\/posts"}],"about":[{"href":"http:\/\/archiv.szolnoktv.hu\/index.php?rest_route=\/wp\/v2\/types\/post"}],"author":[{"embeddable":true,"href":"http:\/\/archiv.szolnoktv.hu\/index.php?rest_route=\/wp\/v2\/users\/2"}],"replies":[{"embeddable":true,"href":"http:\/\/archiv.szolnoktv.hu\/index.php?rest_route=%2Fwp%2Fv2%2Fcomments&post=8760"}],"version-history":[{"count":1,"href":"http:\/\/archiv.szolnoktv.hu\/index.php?rest_route=\/wp\/v2\/posts\/8760\/revisions"}],"predecessor-version":[{"id":8793,"href":"http:\/\/archiv.szolnoktv.hu\/index.php?rest_route=\/wp\/v2\/posts\/8760\/revisions\/8793"}],"wp:attachment":[{"href":"http:\/\/archiv.szolnoktv.hu\/index.php?rest_route=%2Fwp%2Fv2%2Fmedia&parent=8760"}],"wp:term":[{"taxonomy":"category","embeddable":true,"href":"http:\/\/archiv.szolnoktv.hu\/index.php?rest_route=%2Fwp%2Fv2%2Fcategories&post=8760"},{"taxonomy":"post_tag","embeddable":true,"href":"http:\/\/archiv.szolnoktv.hu\/index.php?rest_route=%2Fwp%2Fv2%2Ftags&post=8760"}],"curies":[{"name":"wp","href":"https:\/\/api.w.org\/{rel}","templated":true}]}}