{"id":8759,"date":"2018-04-13T16:59:01","date_gmt":"2018-04-13T16:59:01","guid":{"rendered":"http:\/\/archiv.szolnoktv.hu\/?p=8759"},"modified":"2021-08-13T20:19:02","modified_gmt":"2021-08-13T20:19:02","slug":"orszagos-katasztrofavedelmi-ifjusagi-verseny-megyei-donto","status":"publish","type":"post","link":"http:\/\/archiv.szolnoktv.hu\/?p=8759","title":{"rendered":"Orsz\u00e1gos Katasztr\u00f3fav\u00e9delmi Ifj\u00fas\u00e1gi Verseny megyei d\u00f6nt\u0151"},"content":{"rendered":"<div class='booster-block booster-read-block'><\/div><p>Megsz\u00f3lalt a t\u0171zolt\u00f3szir\u00e9na. \u00c1m szerencs\u00e9re most nem balesethez riasztott\u00e1k \u0151ket, hanem egy k\u00fcl\u00f6nleges vet\u00e9lked\u0151 kezdet\u00e9t jelezte. Imm\u00e1r 25. alkalommal rendezt\u00e9k meg az Orsz\u00e1gos Katasztr\u00f3fav\u00e9delmi Ifj\u00fas\u00e1gi Verseny megyei d\u00f6nt\u0151j\u00e9t. D\u00e9lel\u0151tt a szolnoki Tiszaligeti Turisztikai \u00e9s Szabadid\u0151 K\u00f6zpontban 10, k\u00f6z\u00e9p-\u00e9s \u00e1ltal\u00e1nos iskol\u00e1s di\u00e1kokb\u00f3l \u00e1ll\u00f3 csapat versengett az orsz\u00e1gos tov\u00e1bbjut\u00e1s\u00e9rt.<\/p>\n<p>-A megyei fordul\u00f3ban \u00faj feladatk\u00e9nt jelenik meg p\u00e9ld\u00e1ul a t\u00e9rk\u00e9p\u00e9szet, a t\u0171zolt\u00e1si p\u00e1ly\u00e1nk is m\u00e1r \u00f6sszetettebb, \u00fajabb feladatokat is tartalmaz, illet\u0151leg a tesztlapok sor\u00e1n is sokkal nehezebb k\u00e9rd\u00e9sek ker\u00fclnek fel t\u00e9telre, ezzel pr\u00f3b\u00e1ljuk felk\u00e9sz\u00edteni a tov\u00e1bbjut\u00f3 csapatokat az orsz\u00e1gos d\u00f6nt\u0151ben val\u00f3 j\u00f3 szerepl\u00e9sre.&#8221; &#8211; mondta Dr. Szepesi Erika t\u0171. alezredes, hivatalvezet\u0151, JNSZ Megyei Katasztr\u00f3fav\u00e9delmi Igazgat\u00f3s\u00e1g<\/p>\n<p>A 10 \u00e1llom\u00e1son nem mindennapi feladatokat kellett v\u00e9grehajtaniuk a versenyz\u0151knek. T\u00fczet oltottak \u00e9s sebet k\u00f6t\u00f6ztek. Elm\u00e9letben \u00e9s gyakorlatban, j\u00e1t\u00e9kos form\u00e1ban adtak sz\u00e1mot a tan\u00e9v sor\u00e1n elsaj\u00e1t\u00edtott vesz\u00e9lyhelyzeti ismereteikr\u0151l, az \u00f6n-, illetve m\u00e1s szem\u00e9ly ment\u00e9s\u00e9ben val\u00f3 j\u00e1rtass\u00e1gukr\u00f3l. A verseny c\u00e9lja, hogy a fiatalok vesz\u00e9lyhelyzetekre val\u00f3 felk\u00e9sz\u00edt\u00e9s\u00e9t el\u0151seg\u00edtse.<\/p>\n<p>-Szerintem j\u00f3l szervezett a verseny, nagyon sok mindent lehet tanulni, \u00e9s olyan dolgokat pr\u00f3b\u00e1lhatunk ki, ahol m\u00e1shol nem nagyon lesz lehet\u0151s\u00e9g\u00fcnk, illetve rem\u00e9lj\u00fck nem lesz soha erre a tud\u00e1sra sz\u00fcks\u00e9g\u00fcnk, mert nem lesz ilyen katasztr\u00f3fa helyzet.&#8221; &#8211; mondta Kundr\u00e1k R\u00e9ka<\/p>\n<p>A vet\u00e9lked\u0151 sor\u00e1n legjobb eredm\u00e9nyt el\u00e9rt csapat a megy\u00e9t k\u00e9pviselve vehet r\u00e9szt az orsz\u00e1gos d\u00f6nt\u0151n, melyet \u00e1prilis 21-\u00e9n rendeznek Budapesten az orsz\u00e1gos rend\u0151r- \u00e9s t\u0171zolt\u00f3nap keret\u00e9ben.<\/p>\n<div style=\"width: 640px;\" class=\"wp-video\"><!--[if lt IE 9]><script>document.createElement('video');<\/script><![endif]-->\n<video class=\"wp-video-shortcode\" id=\"video-8759-1\" width=\"640\" height=\"360\" preload=\"metadata\" controls=\"controls\"><source type=\"video\/mp4\" src=\"\/spots\/hir\/hir_180413_02.mp4?_=1\" \/><a href=\"\/spots\/hir\/hir_180413_02.mp4\">\/spots\/hir\/hir_180413_02.mp4<\/a><\/video><\/div>\n","protected":false},"excerpt":{"rendered":"<p>Megsz\u00f3lalt a t\u0171zolt\u00f3szir\u00e9na. \u00c1m szerencs\u00e9re most nem balesethez riasztott\u00e1k \u0151ket, hanem egy k\u00fcl\u00f6nleges vet\u00e9lked\u0151 kezdet\u00e9t jelezte. Imm\u00e1r 25. alkalommal rendezt\u00e9k meg az Orsz\u00e1gos Katasztr\u00f3fav\u00e9delmi Ifj\u00fas\u00e1gi Verseny megyei d\u00f6nt\u0151j\u00e9t. D\u00e9lel\u0151tt a szolnoki Tiszaligeti Turisztikai \u00e9s Szabadid\u0151 K\u00f6zpontban 10, k\u00f6z\u00e9p-\u00e9s \u00e1ltal\u00e1nos iskol\u00e1s di\u00e1kokb\u00f3l \u00e1ll\u00f3 csapat versengett az orsz\u00e1gos tov\u00e1bbjut\u00e1s\u00e9rt. -A megyei fordul\u00f3ban \u00faj feladatk\u00e9nt jelenik meg p\u00e9ld\u00e1ul [&hellip;]<\/p>\n","protected":false},"author":2,"featured_media":0,"comment_status":"closed","ping_status":"closed","sticky":false,"template":"","format":"standard","meta":[],"categories":[9],"tags":[],"_links":{"self":[{"href":"http:\/\/archiv.szolnoktv.hu\/index.php?rest_route=\/wp\/v2\/posts\/8759"}],"collection":[{"href":"http:\/\/archiv.szolnoktv.hu\/index.php?rest_route=\/wp\/v2\/posts"}],"about":[{"href":"http:\/\/archiv.szolnoktv.hu\/index.php?rest_route=\/wp\/v2\/types\/post"}],"author":[{"embeddable":true,"href":"http:\/\/archiv.szolnoktv.hu\/index.php?rest_route=\/wp\/v2\/users\/2"}],"replies":[{"embeddable":true,"href":"http:\/\/archiv.szolnoktv.hu\/index.php?rest_route=%2Fwp%2Fv2%2Fcomments&post=8759"}],"version-history":[{"count":1,"href":"http:\/\/archiv.szolnoktv.hu\/index.php?rest_route=\/wp\/v2\/posts\/8759\/revisions"}],"predecessor-version":[{"id":8794,"href":"http:\/\/archiv.szolnoktv.hu\/index.php?rest_route=\/wp\/v2\/posts\/8759\/revisions\/8794"}],"wp:attachment":[{"href":"http:\/\/archiv.szolnoktv.hu\/index.php?rest_route=%2Fwp%2Fv2%2Fmedia&parent=8759"}],"wp:term":[{"taxonomy":"category","embeddable":true,"href":"http:\/\/archiv.szolnoktv.hu\/index.php?rest_route=%2Fwp%2Fv2%2Fcategories&post=8759"},{"taxonomy":"post_tag","embeddable":true,"href":"http:\/\/archiv.szolnoktv.hu\/index.php?rest_route=%2Fwp%2Fv2%2Ftags&post=8759"}],"curies":[{"name":"wp","href":"https:\/\/api.w.org\/{rel}","templated":true}]}}