{"id":8756,"date":"2018-04-12T17:34:08","date_gmt":"2018-04-12T17:34:08","guid":{"rendered":"http:\/\/archiv.szolnoktv.hu\/?p=8756"},"modified":"2021-08-13T20:19:02","modified_gmt":"2021-08-13T20:19:02","slug":"iden-is-lesz-coop-majusfa-futas","status":"publish","type":"post","link":"http:\/\/archiv.szolnoktv.hu\/?p=8756","title":{"rendered":"Id\u00e9n is lesz Coop M\u00e1jusfa fut\u00e1s"},"content":{"rendered":"<div class='booster-block booster-read-block'><\/div><p>A v\u00e1ros \u00e9let\u00e9nek fontos \u00e9s meghat\u00e1roz\u00f3 r\u00e9sze a sport. Legyen sz\u00f3 profi vagy \u00e9ppen amat\u0151r, t\u00f6megsportr\u00f3l. Az eg\u00e9szs\u00e9ges \u00e9letm\u00f3dra nevel\u00e9s strat\u00e9giai c\u00e9l a megyesz\u00e9khelyen, az egyik rendezv\u00e9ny, ami ezt szolg\u00e1lja a Coop M\u00e1jusfa fut\u00e1s.<\/p>\n<p>-Sokf\u00e9le dologr\u00f3l besz\u00e9lhet\u00fcnk Szolnokon. Gazdas\u00e1gfejleszt\u00e9sr\u0151l, oktat\u00e1sr\u00f3l, kult\u00far\u00e1r\u00f3l az alap az, hogy a lehet\u0151 legt\u00f6bb ember, a fiatalok k\u00fcl\u00f6n\u00f6sen a legink\u00e1bb \u00e9ljenek a mozg\u00e1s adta lehet\u0151s\u00e9ggel \u00e9s eg\u00e9szs\u00e9gben n\u0151jenek fel. Ez\u00e9rt rengeteg mindent tesz a v\u00e1ros. Sportiskol\u00e1ja van, t\u00f6bb sportklub m\u0171k\u00f6dik, gyerekekkel sokan foglalkoznak.&#8221;  &#8211;   mondta Szalay Ferenc polg\u00e1rmester.<\/p>\n<p>7 \u00e9vvel ezel\u0151tt mer\u00fclt fel a szerepv\u00e1llal\u00e1s gondolata, a Coop az\u00f3ta n\u00e9vad\u00f3 szponzork\u00e9nt t\u00e1mogatja a M\u00e1jusfa fut\u00e1st.<\/p>\n<p>-Nem \u00e1ll t\u0151l\u00fcnk t\u00e1vol, hogy gyermekeket seg\u00edts\u00fcnk, \u00fagy, ahogy polg\u00e1rmester \u00far elmondta, hogy ez a fut\u00e1s ez egy eg\u00e9szs\u00e9gre val\u00f3 nevel\u00e9s. Van egy mond\u00e1s, hogy fut\u00f3 az az eg\u00e9szs\u00e9ges ember, aki m\u00e9g eg\u00e9szs\u00e9gesebb akar lenni, h\u00e1t \u00e9n b\u00edzom benne, hogy a gyerekek m\u00e9g eg\u00e9szs\u00e9gesebbek akarnak lenni.&#8221;  &#8211;   mondta Fekete Tibor vez\u00e9rigazgat\u00f3, Coop Szolnok<\/p>\n<p>Az ut\u00f3bbi \u00e9vekben folyamatosan d\u0151ltek meg a nevez\u00e9si rekordok, t\u00f6bb ezren indultak a versenyen, de nem mindenki futotta, sokak s\u00e9t\u00e1lt\u00e1k v\u00e9gig a t\u00e1vot. \u00c9ppen ez\u00e9rt Id\u00e9n egy kicsit kevesebb f\u0151re sz\u00e1m\u00edtanak, azokra, akik v\u00e9gigfutj\u00e1k az 1.600 illetve 2.500 m\u00e9teres t\u00e1vokat. A szervez\u0151k 6.500 f\u0151n\u00e9l megh\u00fazt\u00e1k a fels\u0151 limitet.<\/p>\n<p>-Szolnokon az \u00e1ltal\u00e1nos iskola tanul\u00f3k sz\u00e1ma 6.000. Az el\u0151zetes jelentkez\u00e9sek alapj\u00e1n 5.000 f\u0151n\u00e9l j\u00e1runk, teh\u00e1t az \u00e1ltal\u00e1nos iskol\u00e1s koroszt\u00e1ly megk\u00f6zel\u00edt\u0151leg 85 sz\u00e1zal\u00e9ka egyid\u0151ben itt lesz a v\u00e1ros f\u0151ter\u00e9n. Ez okoz egy olyan \u00e9rzelmi, k\u00f6z\u00f6ss\u00e9g hangulatot, ami a sportnak, ennek a rendezv\u00e9nynek k\u00f6sz\u00f6nhet\u0151en mag\u00e1val ragad\u00f3.&#8221;  &#8211;   mondta R\u00f3zsa J\u00f3zsef \u00fcgyvezet\u0151-igazgat\u00f3, Szolnoki Sportcentrum.<\/p>\n<p>Az els\u0151 rajt 13 \u00f3rakor kezd\u0151dik, a k\u00f6z\u00e9piskol\u00e1sok kezdnek ezut\u00e1n 50 percenk\u00e9nt indul el a mez\u0151ny t\u00f6bbi tagja. A di\u00e1kok mellett a feln\u0151tteket is v\u00e1rj\u00e1k, hiszen a sz\u00fcl\u0151k egy\u00fctt futhatnak vel\u00fck illetve a senioroknak \u00e9s nordic walkingosoknak is lesz lehet\u0151s\u00e9g\u00fck nekiv\u00e1gni a t\u00e1vnak.<\/p>\n<div style=\"width: 640px;\" class=\"wp-video\"><!--[if lt IE 9]><script>document.createElement('video');<\/script><![endif]-->\n<video class=\"wp-video-shortcode\" id=\"video-8756-1\" width=\"640\" height=\"360\" preload=\"metadata\" controls=\"controls\"><source type=\"video\/mp4\" src=\"\/spots\/hir\/hir_180412_07.mp4?_=1\" \/><a href=\"\/spots\/hir\/hir_180412_07.mp4\">\/spots\/hir\/hir_180412_07.mp4<\/a><\/video><\/div>\n","protected":false},"excerpt":{"rendered":"<p>A v\u00e1ros \u00e9let\u00e9nek fontos \u00e9s meghat\u00e1roz\u00f3 r\u00e9sze a sport. Legyen sz\u00f3 profi vagy \u00e9ppen amat\u0151r, t\u00f6megsportr\u00f3l. Az eg\u00e9szs\u00e9ges \u00e9letm\u00f3dra nevel\u00e9s strat\u00e9giai c\u00e9l a megyesz\u00e9khelyen, az egyik rendezv\u00e9ny, ami ezt szolg\u00e1lja a Coop M\u00e1jusfa fut\u00e1s. -Sokf\u00e9le dologr\u00f3l besz\u00e9lhet\u00fcnk Szolnokon. Gazdas\u00e1gfejleszt\u00e9sr\u0151l, oktat\u00e1sr\u00f3l, kult\u00far\u00e1r\u00f3l az alap az, hogy a lehet\u0151 legt\u00f6bb ember, a fiatalok k\u00fcl\u00f6n\u00f6sen a legink\u00e1bb \u00e9ljenek [&hellip;]<\/p>\n","protected":false},"author":2,"featured_media":0,"comment_status":"closed","ping_status":"closed","sticky":false,"template":"","format":"standard","meta":[],"categories":[9],"tags":[],"_links":{"self":[{"href":"http:\/\/archiv.szolnoktv.hu\/index.php?rest_route=\/wp\/v2\/posts\/8756"}],"collection":[{"href":"http:\/\/archiv.szolnoktv.hu\/index.php?rest_route=\/wp\/v2\/posts"}],"about":[{"href":"http:\/\/archiv.szolnoktv.hu\/index.php?rest_route=\/wp\/v2\/types\/post"}],"author":[{"embeddable":true,"href":"http:\/\/archiv.szolnoktv.hu\/index.php?rest_route=\/wp\/v2\/users\/2"}],"replies":[{"embeddable":true,"href":"http:\/\/archiv.szolnoktv.hu\/index.php?rest_route=%2Fwp%2Fv2%2Fcomments&post=8756"}],"version-history":[{"count":1,"href":"http:\/\/archiv.szolnoktv.hu\/index.php?rest_route=\/wp\/v2\/posts\/8756\/revisions"}],"predecessor-version":[{"id":8797,"href":"http:\/\/archiv.szolnoktv.hu\/index.php?rest_route=\/wp\/v2\/posts\/8756\/revisions\/8797"}],"wp:attachment":[{"href":"http:\/\/archiv.szolnoktv.hu\/index.php?rest_route=%2Fwp%2Fv2%2Fmedia&parent=8756"}],"wp:term":[{"taxonomy":"category","embeddable":true,"href":"http:\/\/archiv.szolnoktv.hu\/index.php?rest_route=%2Fwp%2Fv2%2Fcategories&post=8756"},{"taxonomy":"post_tag","embeddable":true,"href":"http:\/\/archiv.szolnoktv.hu\/index.php?rest_route=%2Fwp%2Fv2%2Ftags&post=8756"}],"curies":[{"name":"wp","href":"https:\/\/api.w.org\/{rel}","templated":true}]}}